{"id":464915,"date":"2025-10-15T12:46:19","date_gmt":"2025-10-15T12:46:19","guid":{"rendered":"https:\/\/www.europesays.com\/fr\/464915\/"},"modified":"2025-10-15T12:46:19","modified_gmt":"2025-10-15T12:46:19","slug":"idrissa-seydi-recompense-en-septembre-federation-francaise-de-football-fff","status":"publish","type":"post","link":"https:\/\/www.europesays.com\/fr\/464915\/","title":{"rendered":"Idrissa Seydi r\u00e9compens\u00e9 en septembre | F\u00e9d\u00e9ration Fran\u00e7aise de Football (FFF)"},"content":{"rendered":"<p>                                                              <img data-twic-src=\"https:\/\/www.europesays.com\/fr\/wp-content\/uploads\/2025\/10\/7d22f63f6147c9e952fbe2041f60274c.png\" data-credit=\"Archives  \/ FFF\" title=\"Archives  \/ FFF\" alt=\"Idrissa Seydi\" class=\"block\"\/>                                        <\/p>\n<p style=\"font-weight: bold\">Avec plus de 37 % des voix, l&rsquo;attaquant s\u00e9n\u00e9galais du FC Rouen Idrissa Seydi a \u00e9t\u00e9 \u00e9lu joueur du mois de septembre en National.<\/p>\n<p>Le deuxi\u00e8me laur\u00e9at du Troph\u00e9e de meilleur joueur de National, cette saison, est rouennais. Idrissa Seydi a d\u00e9croch\u00e9 cette r\u00e9compense pour le mois de septembre et succ\u00e8de ainsi \u00e0 Aymen Boutoutaou (FC Sochaux-Montb\u00e9liard), \u00e9lu en ao\u00fbt.\u00a0<\/p>\n<p>L&rsquo;attaquant normand (27 ans) a recueilli 37,35 % des suffrages lors des votes sur les r\u00e9seaux sociaux du Naitonal, devan\u00e7ant Karim Chaban (Aubagne Air Bel, 15,67 %), Ylan El Hadary (Valenciennes FC, 34,27 %) et Lucas Lavall\u00e9e (La Berrichonne Ch\u00e2teauroux, 12,71 %), <a href=\"https:\/\/www.fff.fr\/article\/15413-joueur-du-mois-les-nommes-de-septembre.html\" target=\"_blank\" rel=\"noopener\">les trois autres nomm\u00e9s<\/a>.<\/p>\n<p style=\"text-align: center;\"><strong><a href=\"https:\/\/epreuves.fff.fr\/competition\/engagement\/439454-national\/phase\/1\/1\/accueil\" target=\"_blank\" rel=\"noopener\">Le championnat National sur FFF.FR<\/a><\/strong><\/p>\n<p>Arriv\u00e9 au FC Rouen sur le gong lors du dernier jour du mercato estival, le 1er septembre dernier, Idrissa Seydi n&rsquo;a pas eu besoin de temps d&rsquo;adaptation avant de donner raison \u00e0 la direction du club normand, leader de National. L&rsquo;attaquant s\u00e9n\u00e9galais, qui a donc d\u00e9but\u00e9 sa saison en championnat \u00e0 la mi-septembre, a frapp\u00e9 fort d&#8217;embl\u00e9e, en faisant trembler les filets \u00e0 trois reprises sur ses trois premiers matches avec le FC Rouen, qui a retrouv\u00e9 le chemin de la victoire apr\u00e8s trois d\u00e9faites cons\u00e9cutives (une en Coupe de France, deux en championnat).<\/p>\n<p>Idrissa Seydi a notamment offert la victoire aux Rouennais \u00e0 deux reprises (succ\u00e8s 1-0 contre Bourg-en-Bresse et Orl\u00e9ans). Il a m\u00eame \u00e9tendu sa s\u00e9rie sur le mois d&rsquo;octobre en scorant l&rsquo;unique but de la rencontre contre le Stade Briochin (1-0) lors de la 9e journ\u00e9e, pour d\u00e9livrer une nouvelle fois le FCR.<\/p>\n<p>40<\/p>\n<p>Le troph\u00e9e du joueur du mois de National est attribu\u00e9 pour la 40e fois depuis sa cr\u00e9ation.<\/p>\n<p>2<\/p>\n<p>Idrissa Seydi est le deuxi\u00e8me joueur du FC Rouen r\u00e9compens\u00e9, apr\u00e8s Hicham Benka\u00efd en novembre 2024.<\/p>\n<p>Le palmar\u00e8s<\/p>\n<p class=\"light\"><strong>Saison 2025-2026<\/strong><\/p>\n<p class=\"light\"><strong>Saison 2024-2025<\/strong><\/p>\n<p class=\"light\"><strong>Saison 2023-2024<\/strong><\/p>\n<ul>\n<li class=\"light\">Avril 2024 : <strong>Cyriaque Iri\u00e9<\/strong> (Dijon FCO)<\/li>\n<li class=\"light\">Mars 2024 : <strong>Diawoye Diarra<\/strong> (Marignane Gignac C\u00f4te Bleue FC)<\/li>\n<li class=\"light\">F\u00e9vrier 2024 : <strong>Tyrone Tormin<\/strong> (Chamois Niortais FC)<\/li>\n<li class=\"light\">D\u00e9cembre 2023-janvier 2024 : <strong>Noah Fatar<\/strong> (FC Sochaux-Montb\u00e9liard)<\/li>\n<li class=\"light\">Novembre 2023 : <strong>Esteban Lepaul<\/strong> (SAS \u00c9pinal)<\/li>\n<li class=\"light\">Octobre 2023 : <strong>K\u00e9vin Hoggas<\/strong> (FC Sochaux-Montb\u00e9liard)<\/li>\n<li class=\"light\">Septembre 2023 : <strong>Mehdi Boussa\u00efd<\/strong> (Le Mans FC)<\/li>\n<li class=\"light\">Ao\u00fbt 2023 : <strong>Geoffray Durbant<\/strong> (LB de Ch\u00e2teauroux)<\/li>\n<\/ul>\n<p class=\"light\"><strong>Saison 2022-2023<\/strong><\/p>\n<ul>\n<li class=\"light\">Avril 2023 : <strong>Rayan Ghrieb<\/strong> (USL Dunkerque)<\/li>\n<li class=\"light\">Mars 2023 : <strong>Rayan Ghrieb<\/strong> (USL Dunkerque)<\/li>\n<li class=\"light\">F\u00e9vrier 2023 : <strong>Jeremain Lens<\/strong> (FC Versailles 78)<\/li>\n<li class=\"light\">Janvier 2023 : <strong>Hicham Benka\u00efd<\/strong> (Stade Briochin)<\/li>\n<li class=\"light\">D\u00e9cembre 2022 : <strong>Zakaria Fdaouch<\/strong> (FC Martigues)<\/li>\n<li class=\"light\">Novembre 2022 : <strong>Amine Hemia<\/strong> (FC Martigues)<\/li>\n<li class=\"light\">Octobre 2022 : <strong>Amine Boutrah<\/strong> (US Concarneau)<\/li>\n<li class=\"light\">Septembre 2022 : <strong>Armand Gnanduillet<\/strong> (Le Mans FC)<\/li>\n<li class=\"light\">Ao\u00fbt 2022 : <strong>Amine Boutrah<\/strong> (US Concarneau)<\/li>\n<\/ul>\n<p class=\"light\"><strong>Saison 2021-2022<\/strong><\/p>\n<ul>\n<li class=\"light\">Avril 2022 : <strong>Simon Elisor<\/strong> (FC Villefranche Beaujolais)<\/li>\n<li class=\"light\">Mars 2022 : <strong>Kader N&rsquo;Chobi<\/strong> (Stade Lavallois MFC)<\/li>\n<li class=\"light\">F\u00e9vrier 2022 : <strong>Alexandre Ramalingom<\/strong> (CS Sedan-Ardennes)<\/li>\n<li class=\"light\">Janvier 2022 :<strong> Julien Maggiotti<\/strong> (Stade Lavallois MFC)<\/li>\n<li class=\"light\">D\u00e9cembre 2021 : <strong>Bryan Goncalves<\/strong> (Stade Lavallois MFC)<\/li>\n<li class=\"light\">Novembre 2021 : <strong>Steve Solvet<\/strong> (FC S\u00e8te 34)<\/li>\n<li class=\"light\">Octobre 2021 : <strong>Fahd El Khoumisti<\/strong> (US Concarneau)<\/li>\n<li class=\"light\">Septembre 2021 : <strong>Geoffray Durbant<\/strong> (Stade Lavallois MFC)<\/li>\n<li class=\"light\">Ao\u00fbt 2021 : <strong>Fahd El Khoumisti<\/strong> (US Concarneau)<\/li>\n<\/ul>\n<p class=\"light\"><strong>Saison 2020-2021<\/strong><\/p>\n<ul>\n<li class=\"light\">Avril 2021 : <strong>Ottman Dadoune<\/strong> (Quevilly Rouen M\u00e9tropole)<\/li>\n<li class=\"light\">Mars 2021 : <strong>Tristan Boubaya<\/strong> (US Concarneau)<\/li>\n<li class=\"light\">F\u00e9vrier 2021 : <strong>Antony Robic<\/strong> (SC Bastia)<\/li>\n<li class=\"light\">Janvier 2021 : <strong>Wilson Isidor<\/strong> (FC Bastia Borgo)<\/li>\n<\/ul>\n","protected":false},"excerpt":{"rendered":"Avec plus de 37 % des voix, l&rsquo;attaquant s\u00e9n\u00e9galais du FC Rouen Idrissa Seydi a \u00e9t\u00e9 \u00e9lu joueur&hellip;\n","protected":false},"author":2,"featured_media":464916,"comment_status":"","ping_status":"","sticky":false,"template":"","format":"standard","meta":{"footnotes":""},"categories":[9587],"tags":[1111,11,1777,674,85,1011,27,12,5161,25,9590],"class_list":{"0":"post-464915","1":"post","2":"type-post","3":"status-publish","4":"format-standard","5":"has-post-thumbnail","7":"category-rouen","8":"tag-actu","9":"tag-actualites","10":"tag-eu","11":"tag-europe","12":"tag-fff","13":"tag-fr","14":"tag-france","15":"tag-news","16":"tag-normandie","17":"tag-republique-francaise","18":"tag-rouen"},"share_on_mastodon":{"url":"https:\/\/pubeurope.com\/@fr\/115378256835309992","error":""},"_links":{"self":[{"href":"https:\/\/www.europesays.com\/fr\/wp-json\/wp\/v2\/posts\/464915","targetHints":{"allow":["GET"]}}],"collection":[{"href":"https:\/\/www.europesays.com\/fr\/wp-json\/wp\/v2\/posts"}],"about":[{"href":"https:\/\/www.europesays.com\/fr\/wp-json\/wp\/v2\/types\/post"}],"author":[{"embeddable":true,"href":"https:\/\/www.europesays.com\/fr\/wp-json\/wp\/v2\/users\/2"}],"replies":[{"embeddable":true,"href":"https:\/\/www.europesays.com\/fr\/wp-json\/wp\/v2\/comments?post=464915"}],"version-history":[{"count":0,"href":"https:\/\/www.europesays.com\/fr\/wp-json\/wp\/v2\/posts\/464915\/revisions"}],"wp:featuredmedia":[{"embeddable":true,"href":"https:\/\/www.europesays.com\/fr\/wp-json\/wp\/v2\/media\/464916"}],"wp:attachment":[{"href":"https:\/\/www.europesays.com\/fr\/wp-json\/wp\/v2\/media?parent=464915"}],"wp:term":[{"taxonomy":"category","embeddable":true,"href":"https:\/\/www.europesays.com\/fr\/wp-json\/wp\/v2\/categories?post=464915"},{"taxonomy":"post_tag","embeddable":true,"href":"https:\/\/www.europesays.com\/fr\/wp-json\/wp\/v2\/tags?post=464915"}],"curies":[{"name":"wp","href":"https:\/\/api.w.org\/{rel}","templated":true}]}}