{"id":464923,"date":"2025-10-15T12:52:18","date_gmt":"2025-10-15T12:52:18","guid":{"rendered":"https:\/\/www.europesays.com\/fr\/464923\/"},"modified":"2025-10-15T12:52:18","modified_gmt":"2025-10-15T12:52:18","slug":"strasbourg-une-septuagenaire-grievement-blessee-dans-un-accident-pres-de-la-gare","status":"publish","type":"post","link":"https:\/\/www.europesays.com\/fr\/464923\/","title":{"rendered":"Strasbourg. Une septuag\u00e9naire gri\u00e8vement bless\u00e9e dans un accident pr\u00e8s de la gare"},"content":{"rendered":"<p>Une femme, \u00e2g\u00e9e de 70 ans, a \u00e9t\u00e9 gri\u00e8vement bless\u00e9e dans un accident de la circulation, survenu mardi 14\u00a0octobre vers 15\u00a0h\u00a020, \u00e0 l\u2019intersection des rues de Wasselonne et de Molsheim, dans le quartier de la gare \u00e0 Strasbourg.<\/p>\n<p>La pi\u00e9tonne aurait tr\u00e9buch\u00e9 alors qu\u2019elle marchait dans la rue. Elle a chut\u00e9 sur la chauss\u00e9e alors qu\u2019une voiture arrivait. Elle a \u00e9t\u00e9 percut\u00e9e et gravement bless\u00e9e au niveau de la t\u00eate.<\/p>\n<p>Prise en charge par les sapeurs-pompiers et le Samu, elle a \u00e9t\u00e9 transport\u00e9e au CHU de Hautepierre.<\/p>\n","protected":false},"excerpt":{"rendered":"Une femme, \u00e2g\u00e9e de 70 ans, a \u00e9t\u00e9 gri\u00e8vement bless\u00e9e dans un accident de la circulation, survenu mardi&hellip;\n","protected":false},"author":2,"featured_media":464924,"comment_status":"","ping_status":"","sticky":false,"template":"","format":"standard","meta":{"footnotes":""},"categories":[2820],"tags":[1111,11,2880,1777,674,274,107,1011,27,775,12,25,640,2879],"class_list":{"0":"post-464923","1":"post","2":"type-post","3":"status-publish","4":"format-standard","5":"has-post-thumbnail","7":"category-strasbourg","8":"tag-actu","9":"tag-actualites","10":"tag-edition-strasbourg","11":"tag-eu","12":"tag-europe","13":"tag-faits-divers-justice","14":"tag-fil-info","15":"tag-fr","16":"tag-france","17":"tag-grand-est","18":"tag-news","19":"tag-republique-francaise","20":"tag-strasbourg","21":"tag-strasbourg-ville"},"share_on_mastodon":{"url":"https:\/\/pubeurope.com\/@fr\/115378280523131973","error":""},"_links":{"self":[{"href":"https:\/\/www.europesays.com\/fr\/wp-json\/wp\/v2\/posts\/464923","targetHints":{"allow":["GET"]}}],"collection":[{"href":"https:\/\/www.europesays.com\/fr\/wp-json\/wp\/v2\/posts"}],"about":[{"href":"https:\/\/www.europesays.com\/fr\/wp-json\/wp\/v2\/types\/post"}],"author":[{"embeddable":true,"href":"https:\/\/www.europesays.com\/fr\/wp-json\/wp\/v2\/users\/2"}],"replies":[{"embeddable":true,"href":"https:\/\/www.europesays.com\/fr\/wp-json\/wp\/v2\/comments?post=464923"}],"version-history":[{"count":0,"href":"https:\/\/www.europesays.com\/fr\/wp-json\/wp\/v2\/posts\/464923\/revisions"}],"wp:featuredmedia":[{"embeddable":true,"href":"https:\/\/www.europesays.com\/fr\/wp-json\/wp\/v2\/media\/464924"}],"wp:attachment":[{"href":"https:\/\/www.europesays.com\/fr\/wp-json\/wp\/v2\/media?parent=464923"}],"wp:term":[{"taxonomy":"category","embeddable":true,"href":"https:\/\/www.europesays.com\/fr\/wp-json\/wp\/v2\/categories?post=464923"},{"taxonomy":"post_tag","embeddable":true,"href":"https:\/\/www.europesays.com\/fr\/wp-json\/wp\/v2\/tags?post=464923"}],"curies":[{"name":"wp","href":"https:\/\/api.w.org\/{rel}","templated":true}]}}