{"id":464927,"date":"2025-10-15T12:54:12","date_gmt":"2025-10-15T12:54:12","guid":{"rendered":"https:\/\/www.europesays.com\/fr\/464927\/"},"modified":"2025-10-15T12:54:12","modified_gmt":"2025-10-15T12:54:12","slug":"atelier-afje-06-sur-lactualite-du-droit-social-rendez-vous-le-14-novembre","status":"publish","type":"post","link":"https:\/\/www.europesays.com\/fr\/464927\/","title":{"rendered":"Atelier AFJE 06 sur l\u2019actualit\u00e9 du droit social : rendez-vous le 14 novembre (\u2026)"},"content":{"rendered":"<p>                    <img loading=\"lazy\" decoding=\"async\" src=\"https:\/\/www.europesays.com\/fr\/wp-content\/uploads\/2025\/10\/b0310f051e4267d71ce4a09d92daea.png\" class=\"img-responsive post-image\" width=\"680\" height=\"510\" alt=\"Atelier AFJE 06 sur (\u2026)\" title=\"Atelier AFJE 06 sur l'actualit\u00e9 du droit social : rendez-vous le 14 novembre avec le cabinet NEOJURIS\"\/><\/p>\n<p class=\"chapo\">L\u2019Association Fran\u00e7aise des Juristes d\u2019Entreprise (AFJE) \u2013 section Alpes-Maritimes\u2013 organise un atelier consacr\u00e9 \u00e0 l\u2019actualit\u00e9 du droit social, en partenariat avec le cabinet NEOJURIS, le 14 novembre \u00e0 8h30, au 36 rue Tonduti de l\u2019Escar\u00e8ne, \u00e0 Nice.<\/p>\n<p>Cet \u00e9v\u00e9nement s\u2019adresse aux juristes d\u2019entreprise, responsables RH et praticiens du droit souhaitant faire le point sur les \u00e9volutions r\u00e9centes de la jurisprudence et des r\u00e9glementations sociales. L\u2019objectif\u00a0: offrir une lecture claire et op\u00e9rationnelle des nouveaut\u00e9s l\u00e9gislatives, tout en favorisant un \u00e9change interactif et pragmatique autour des enjeux actuels du droit du travail.<\/p>\n<p>L\u2019atelier, anim\u00e9 par les experts du cabinet NEOJURIS, proposera un<strong> tour d\u2019horizon complet des d\u00e9cisions et r\u00e9formes r\u00e9centes ayant un impact sur la gestion sociale des entreprises. I<\/strong>l s\u2019agira d\u2019un moment privil\u00e9gi\u00e9 pour confronter les points de vue, poser des questions concr\u00e8tes et partager les bonnes pratiques juridiques.<\/p>\n<p>Cet <a href=\"https:\/\/www.afje.org\/region-region-sud-paca-corse\/agenda\/\" class=\"texte\" rel=\"external nofollow noopener\" target=\"_blank\">\u00e9v\u00e9nement<\/a> s\u2019inscrit dans la volont\u00e9 de l\u2019<a href=\"https:\/\/www.linkedin.com\/company\/afje-paca-06-cj2\/posts\/?feedView=all\" class=\"spip_out\" rel=\"external nofollow noopener\" target=\"_blank\">AFJE 06<\/a> de renforcer la communaut\u00e9 des juristes d\u2019entreprise en r\u00e9gion PACA et de promouvoir une mise \u00e0 jour continue des connaissances juridiques, dans un cadre convivial et collaboratif.<\/p>\n<p>Visuel de Une\u00a0: d\u00e9tail de l\u2019affiche de l\u2019\u00e9v\u00e9nement \u00a9AFJE 06<\/p>\n","protected":false},"excerpt":{"rendered":"L\u2019Association Fran\u00e7aise des Juristes d\u2019Entreprise (AFJE) \u2013 section Alpes-Maritimes\u2013 organise un atelier consacr\u00e9 \u00e0 l\u2019actualit\u00e9 du droit social,&hellip;\n","protected":false},"author":2,"featured_media":464928,"comment_status":"","ping_status":"","sticky":false,"template":"","format":"standard","meta":{"footnotes":""},"categories":[2819],"tags":[1111,11,2408,1777,674,1011,27,12,2401,882,25],"class_list":{"0":"post-464927","1":"post","2":"type-post","3":"status-publish","4":"format-standard","5":"has-post-thumbnail","7":"category-nice","8":"tag-actu","9":"tag-actualites","10":"tag-appels-d","11":"tag-eu","12":"tag-europe","13":"tag-fr","14":"tag-france","15":"tag-news","16":"tag-nice","17":"tag-provence-alpes-cote-dazur","18":"tag-republique-francaise"},"share_on_mastodon":{"url":"https:\/\/pubeurope.com\/@fr\/115378288970662545","error":""},"_links":{"self":[{"href":"https:\/\/www.europesays.com\/fr\/wp-json\/wp\/v2\/posts\/464927","targetHints":{"allow":["GET"]}}],"collection":[{"href":"https:\/\/www.europesays.com\/fr\/wp-json\/wp\/v2\/posts"}],"about":[{"href":"https:\/\/www.europesays.com\/fr\/wp-json\/wp\/v2\/types\/post"}],"author":[{"embeddable":true,"href":"https:\/\/www.europesays.com\/fr\/wp-json\/wp\/v2\/users\/2"}],"replies":[{"embeddable":true,"href":"https:\/\/www.europesays.com\/fr\/wp-json\/wp\/v2\/comments?post=464927"}],"version-history":[{"count":0,"href":"https:\/\/www.europesays.com\/fr\/wp-json\/wp\/v2\/posts\/464927\/revisions"}],"wp:featuredmedia":[{"embeddable":true,"href":"https:\/\/www.europesays.com\/fr\/wp-json\/wp\/v2\/media\/464928"}],"wp:attachment":[{"href":"https:\/\/www.europesays.com\/fr\/wp-json\/wp\/v2\/media?parent=464927"}],"wp:term":[{"taxonomy":"category","embeddable":true,"href":"https:\/\/www.europesays.com\/fr\/wp-json\/wp\/v2\/categories?post=464927"},{"taxonomy":"post_tag","embeddable":true,"href":"https:\/\/www.europesays.com\/fr\/wp-json\/wp\/v2\/tags?post=464927"}],"curies":[{"name":"wp","href":"https:\/\/api.w.org\/{rel}","templated":true}]}}