{"id":464929,"date":"2025-10-15T12:55:10","date_gmt":"2025-10-15T12:55:10","guid":{"rendered":"https:\/\/www.europesays.com\/fr\/464929\/"},"modified":"2025-10-15T12:55:10","modified_gmt":"2025-10-15T12:55:10","slug":"la-prison-dans-un-etat-alarmant","status":"publish","type":"post","link":"https:\/\/www.europesays.com\/fr\/464929\/","title":{"rendered":"la prison dans un \u00e9tat alarmant"},"content":{"rendered":"<p>            Par<br \/>\n        <strong><br \/>\n            <a href=\"https:\/\/actu.fr\/auteur\/arthur-frand\" title=\"Consulter tous les articles de Arthur Frand\" target=\"_blank\" rel=\"noopener\">Arthur Frand<\/a><br \/>\n        <\/strong><\/p>\n<p>        Publi\u00e9 le<\/p>\n<p>            15 oct. 2025 \u00e0 14h20        <\/p>\n<p>Un constat clair qui interpelle. Dans un avis datant du 12\u00a0mai dernier, mais publi\u00e9 ce mercredi 15\u00a0octobre au Journal officiel, Dominique Simonnot, contr\u00f4leure g\u00e9n\u00e9rale des lieux de privation de libert\u00e9 (CGLPL) depuis 2020, fait \u00e9tat d\u2019une <strong>situation alarmante<\/strong> sur de nombreux \u00e9tablissements p\u00e9nitentiaires fran\u00e7ais. Celui de <a href=\"https:\/\/actu.fr\/nice\/\" target=\"_blank\" rel=\"noopener\">Nice<\/a> dans les <a href=\"https:\/\/actu.fr\/provence-alpes-cote-d-azur\/alpes-maritimes_06\" target=\"_blank\" rel=\"noopener\">Alpes-Maritimes<\/a>, l\u2019un des plus surpeupl\u00e9s de France, est cit\u00e9 \u00e0 plusieurs reprises. Selon Dominique Simmonnot, la maison d\u2019arr\u00eat ni\u00e7oise est dans un <strong>\u00e9tat de v\u00e9tust\u00e9<\/strong> <strong>avanc\u00e9<\/strong> et <strong>d\u2019insalubrit\u00e9 chronique<\/strong>. Elle rel\u00e8ve plusieurs probl\u00e9matiques que le bureau de l\u2019UFAP Unsa Justice \u00e0 Nice d\u00e9nonce \u00e9galement. Pour ce dernier, cela ne fait qu\u2019empirer.<\/p>\n<p>\u00ab\u2009Murs humides, moisissures omnipr\u00e9sentes\u2009\u00bb \u00e0 Nice<\/p>\n<p class=\" wall-content\">Tout d\u2019abord, Danielle Simmonot rappelle l\u2019extr\u00eame anciennet\u00e9 et la v\u00e9tust\u00e9 structurelle de la prison de Nice. \u00ab\u2009Les maisons d\u2019arr\u00eat de Pau et de Nice, \u00e9difi\u00e9es respectivement en\u00a01861 et\u00a01887, pr\u00e9sentent \u00e9galement un \u00e9tat alarmant, des <strong>murs humides<\/strong>, des moisissures omnipr\u00e9sentes et des sanitaires d\u00e9grad\u00e9s\u2009\u00bb, souligne-t-elle dans <a href=\"https:\/\/www.legifrance.gouv.fr\/jorf\/id\/JORFTEXT000052391641\" target=\"_blank\" rel=\"noopener\">cet avis au Journal officiel<\/a>\u00a0consult\u00e9 par <a href=\"https:\/\/actu.fr\/nice\/\" target=\"_blank\" rel=\"noopener\">actu Nice<\/a>.<\/p>\n<p>    <a href=\"https:\/\/www.google.com\/maps\/embed?pb=!1m18!1m12!1m3!1d8111.017368409723!2d7.277885177129812!3d43.712267971099536!2m3!1f0!2f0!3f0!3m2!1i1024!2i768!4f13.1!3m3!1m2!1s0x12cddab359750673%3A0x1d7f3b5531241cef!2sMaison%20d%27Arr%C3%AAt%20de%20Nice!5e1!3m2!1sfr!2sfr!4v1760525843882!5m2!1sfr!2sfr\" title=\"Ouvrie le lien\" target=\"_blank\" rel=\"noopener\">Cliquez ici pour visualiser le contenu<\/a><\/p>\n<p>\u00ab\u2009Des risques d\u2019incidents graves\u2009\u00bb, selon Danielle Simmonot<\/p>\n<p class=\" wall-content\">Des installations obsol\u00e8tes qui engendrent des risques <a href=\"https:\/\/actu.fr\/tag\/accident\" target=\"_blank\" rel=\"noopener\">d\u2019accidents<\/a>. \u00ab\u2009Les occupants de la maison d\u2019arr\u00eat de Nice sont confront\u00e9s \u00e0 <strong>des installations \u00e9lectriques dangereuses<\/strong>, augmentant les risques d\u2019incidents graves, en particulier d\u2019incendie\u2009\u00bb, pointe Dominique Simmonot.<\/p>\n<p class=\" wall-content\">Selon cette derni\u00e8re, la maison d\u2019arr\u00eat de Nice serait aussi dans un \u00e9tat <strong>d\u2019insalubrit\u00e9 pr\u00e9occupant<\/strong> avec la pr\u00e9sence de nuisibles. \u00ab\u2009En t\u00e9moignent les rapports de visite des maisons d\u2019arr\u00eat de Pau, Besan\u00e7on, Grasse ou encore Nice\u2009: le manque d\u2019\u00e9tanch\u00e9it\u00e9 des murs, les fissures structurelles et les installations d\u00e9fectueuses composent un environnement propice \u00e0 la multiplication des nuisibles [\u2026]. \u00bb La CGLPL d\u00e9nonce une prolif\u00e9ration r\u00e9currente de rats, cafards et punaises de lit.<\/p>\n<p class=\" wall-content\">Dominique Simmonot \u00e9voque par ailleurs les conditions de d\u00e9tention \u00e0 Nice. \u00ab\u2009\u00c0 la maison d\u2019arr\u00eat de Nice, faute de rangements en nombre suffisant, les d\u00e9tenus sont contraints de stocker leurs effets personnels au sol.\u2009\u00bb L\u2019\u00e9tablissement est cit\u00e9 parmi ceux ne disposant pas de douches en cellule, restreignant gravement l\u2019acc\u00e8s \u00e0 l\u2019hygi\u00e8ne.<\/p>\n<p>Absence de projet de r\u00e9novation et restrictions budg\u00e9taires<\/p>\n<p class=\" wall-content\">Enfin, pour la contr\u00f4leure g\u00e9n\u00e9rale des lieux de privation de libert\u00e9, l\u2019absence <strong>de projet de r\u00e9novation<\/strong> de la maison d\u2019arr\u00eat de Nice n\u2019aide en rien. Malgr\u00e9 les d\u00e9faillances pr\u00e9sent\u00e9es. L\u2019\u00e9tablissement serait sous contrainte budg\u00e9taire. \u00ab\u2009La maison d\u2019arr\u00eat de Nice, par exemple, se trouve <strong>comme fig\u00e9e<\/strong> dans sa v\u00e9tust\u00e9 du fait d\u2019un improbable cercle vicieux\u2009: priv\u00e9e de projet concret de r\u00e9novation en raison de l\u2019ouverture annonc\u00e9e d\u2019un nouvel \u00e9tablissement p\u00e9nitentiaire en 2027, elle fait l\u2019objet de restrictions budg\u00e9taires [\u2026]. \u00bb<\/p>\n<p>Votre r\u00e9gion, votre actu !<\/p>\n<p>Recevez chaque jour les infos qui comptent pour vous.<\/p>\n<p>\t<a href=\"https:\/\/actu.fr\/newsletter\" class=\"ac-btn ac-btn--corner ac-btn--medium ac-btn--blue800\" target=\"_blank\" rel=\"noopener\">S&rsquo;incrire<\/a><\/p>\n<p class=\" wall-content\">Pour rappel, la maison d\u2019arr\u00eat de Nice est l\u2019une des <strong>plus surpeupl\u00e9es<\/strong> de France. Au 1er\u00a0mars dernier, elle \u00e9tait remplie \u00e0 174,4\u2009% de sa capacit\u00e9. La maison d\u2019arr\u00eat est compos\u00e9e de 250 agents.<\/p>\n<p>\u00ab\u2009Les conditions deviennent ind\u00e9centes\u2009\u00bb selon l\u2019UFAP<\/p>\n<p class=\" wall-content\">Les probl\u00e8mes relev\u00e9s sont <strong>confirm\u00e9s<\/strong> par Nordine Souab, d\u00e9l\u00e9gu\u00e9 syndical UFAP p\u00e9nitentiaire \u00e0 Nice. \u00ab\u2009C\u2019est de pire en pire chaque mois, les conditions, pour les d\u00e9tenus et les personnes qui y travaillent, deviennent <strong>ind\u00e9centes<\/strong>. On se fait la remarque chaque jour. Il y a notamment une prolif\u00e9ration de rats. D\u00e9j\u00e0 en mars dernier, quand <a href=\"https:\/\/actu.fr\/tag\/eric-ciotti\" target=\"_blank\" rel=\"noopener\">\u00c9ric Ciotti<\/a> \u00e9tait venu en visite (en mars\u00a02025), les rats \u00e9taient pass\u00e9s devant nous\u2009\u00bb, appuie Nordine Souab \u00e0 <a href=\"https:\/\/actu.fr\/nice\/\" target=\"_blank\" rel=\"noopener\">actu Nice<\/a>.<\/p>\n<p class=\" wall-content\">Ce lundi 13\u00a0octobre, le bureau de l\u2019UFAP UNSA Justice \u00e0 Nice a lanc\u00e9 un cri d\u2019alarme dans une <a href=\"https:\/\/www.ufap.fr\/ma-nice-respectez-ceux-qui-tiennent-linstitution-cri-dalarme-de-nice\/\" target=\"_blank\" rel=\"noopener\">lettre ouverte<\/a>. Selon lui, le personnel de l\u2019\u00e9tablissement p\u00e9nitentiaire <strong>est \u00e0 bout<\/strong>. Plus que jamais. \u00ab\u2009Des secteurs entiers laiss\u00e9s sans surveillance\u2009: pas d\u2019agent aux \u00e9tages est le quotidien des personnels ni\u00e7ois. Certains coll\u00e8gues cumulent jusqu\u2019\u00e0 16 nuits sur un mois.\u2009\u00bb<\/p>\n<p class=\" wall-content\">Contact\u00e9e, la direction n\u2019a pour l\u2019instant pas fait de commentaires.<\/p>\n<p class=\" wall-content\">De son c\u00f4t\u00e9, le ministre de la Justice, <a href=\"https:\/\/actu.fr\/tag\/gerald-darmanin\" target=\"_blank\" rel=\"noopener\">G\u00e9rald Darmanin<\/a>, a donn\u00e9 une r\u00e9ponse fin ao\u00fbt, pr\u00e9cisant que \u00ab\u2009des diagnostics ont \u00e9t\u00e9 effectu\u00e9s pour les \u00e9tablissements les plus v\u00e9tustes afin d\u2019identifier les travaux n\u00e9cessaires et d\u2019\u00e9laborer des propositions de phasage des op\u00e9rations\u2009\u00bb. Deux appels d\u2019offres pour la construction de 3\u2009000 places de prison modulaires, qui pourraient \u00eatre disponibles en 18\u00a0mois. Reste \u00e0 savoir si les Alpes-Maritimes en b\u00e9n\u00e9ficieront.<\/p>\n<p class=\" wall-content\">Personnalisez votre actualit\u00e9 en ajoutant vos villes et m\u00e9dias en favori avec <a href=\"https:\/\/moncompte.actu.fr\" title=\"D\u00e9couvez Mon Actu\" rel=\"nofollow noopener\" data-trk=\"{&quot;cta&quot;:{&quot;action&quot;:&quot;https:\\\/\\\/moncompte.actu.fr&quot;,&quot;category&quot;:&quot;mon compte&quot;,&quot;from&quot;:&quot;article footer&quot;,&quot;name&quot;:&quot;Mon actu&quot;,&quot;type&quot;:&quot;cta&quot;}}\" target=\"_blank\">Mon Actu<\/a>.<\/p>\n","protected":false},"excerpt":{"rendered":"Par Arthur Frand Publi\u00e9 le 15 oct. 2025 \u00e0 14h20 Un constat clair qui interpelle. Dans un avis&hellip;\n","protected":false},"author":2,"featured_media":464930,"comment_status":"","ping_status":"","sticky":false,"template":"","format":"standard","meta":{"footnotes":""},"categories":[2819],"tags":[1111,11,1777,674,1011,27,303,12,2401,899,882,25,104],"class_list":{"0":"post-464929","1":"post","2":"type-post","3":"status-publish","4":"format-standard","5":"has-post-thumbnail","7":"category-nice","8":"tag-actu","9":"tag-actualites","10":"tag-eu","11":"tag-europe","12":"tag-fr","13":"tag-france","14":"tag-justice","15":"tag-news","16":"tag-nice","17":"tag-prisons","18":"tag-provence-alpes-cote-dazur","19":"tag-republique-francaise","20":"tag-societe"},"share_on_mastodon":{"url":"https:\/\/pubeurope.com\/@fr\/115378292199448760","error":""},"_links":{"self":[{"href":"https:\/\/www.europesays.com\/fr\/wp-json\/wp\/v2\/posts\/464929","targetHints":{"allow":["GET"]}}],"collection":[{"href":"https:\/\/www.europesays.com\/fr\/wp-json\/wp\/v2\/posts"}],"about":[{"href":"https:\/\/www.europesays.com\/fr\/wp-json\/wp\/v2\/types\/post"}],"author":[{"embeddable":true,"href":"https:\/\/www.europesays.com\/fr\/wp-json\/wp\/v2\/users\/2"}],"replies":[{"embeddable":true,"href":"https:\/\/www.europesays.com\/fr\/wp-json\/wp\/v2\/comments?post=464929"}],"version-history":[{"count":0,"href":"https:\/\/www.europesays.com\/fr\/wp-json\/wp\/v2\/posts\/464929\/revisions"}],"wp:featuredmedia":[{"embeddable":true,"href":"https:\/\/www.europesays.com\/fr\/wp-json\/wp\/v2\/media\/464930"}],"wp:attachment":[{"href":"https:\/\/www.europesays.com\/fr\/wp-json\/wp\/v2\/media?parent=464929"}],"wp:term":[{"taxonomy":"category","embeddable":true,"href":"https:\/\/www.europesays.com\/fr\/wp-json\/wp\/v2\/categories?post=464929"},{"taxonomy":"post_tag","embeddable":true,"href":"https:\/\/www.europesays.com\/fr\/wp-json\/wp\/v2\/tags?post=464929"}],"curies":[{"name":"wp","href":"https:\/\/api.w.org\/{rel}","templated":true}]}}