{"id":464931,"date":"2025-10-15T12:56:10","date_gmt":"2025-10-15T12:56:10","guid":{"rendered":"https:\/\/www.europesays.com\/fr\/464931\/"},"modified":"2025-10-15T12:56:10","modified_gmt":"2025-10-15T12:56:10","slug":"enleve-dans-la-nuit-un-homme-retrouve-amoche-le-lendemain-a-lentree-dun-parc","status":"publish","type":"post","link":"https:\/\/www.europesays.com\/fr\/464931\/","title":{"rendered":"enlev\u00e9 dans la nuit, un homme retrouv\u00e9 amoch\u00e9 le lendemain \u00e0 l\u2019entr\u00e9e d\u2019un parc"},"content":{"rendered":"<p>\n    Il aurait \u00e9t\u00e9 retrouv\u00e9 vivant mardi matin \u00e0 l\u2019entr\u00e9e d\u2019un parc, apr\u00e8s avoir subi un calvaire. La piste d\u2019un r\u00e8glement de comptes li\u00e9 au trafic de stup\u00e9fiants est \u00e9tudi\u00e9e.<\/p>\n<p class=\"fig-paragraph\">Un enl\u00e8vement s\u2019est d\u00e9roul\u00e9 aux portes de\u00a0<a href=\"http:\/\/www.lefigaro.fr\/nantes\/certains-vivent-avec-les-cigales-nous-on-vit-avec-les-motocross-pres-de-nantes-les-nuisances-motorisees-s-inscrivent-dans-la-duree-20251013\" target=\"_blank\" data-fig-type=\"NewsFlash\" rel=\"noopener\" data-gtm-custom-categorie=\"navigation\" data-gtm-custom-action=\"crossclick\" data-gtm-custom-label=\"Contextuel\" data-gtm-event=\"customEventSPE\" data-fig-domain=\"LEFIGARO\">Nantes<\/a>\u00a0(<a href=\"http:\/\/www.lefigaro.fr\/nantes\/apres-des-bugs-en-loire-atlantique-et-vendee-la-secu-suspend-le-deploiement-du-logiciel-d-indemnisation-des-arrets-de-travail-20251010\" target=\"_blank\" data-fig-type=\"NewsFlash\" rel=\"noopener\" data-gtm-custom-categorie=\"navigation\" data-gtm-custom-action=\"crossclick\" data-gtm-custom-label=\"Contextuel\" data-gtm-event=\"customEventSPE\" data-fig-domain=\"LEFIGARO\">Loire-Atlantique<\/a>) dans la nuit de lundi \u00e0 mardi. Dans le quartier Gr\u00e9neraie de Saint-S\u00e9bastien-sur-Loire, pr\u00e8s des bords de Loire, \u00abune personne a \u00e9t\u00e9 mont\u00e9e de force dans une voiture\u00bb, raconte au Figaro une source polici\u00e8re, confirmant une information de\u00a0<a href=\"https:\/\/www.ouest-france.fr\/societe\/faits-divers\/un-homme-enleve-et-severement-corrige-pres-de-nantes-puis-retrouve-en-vie-11551032-a8e9-11f0-a84e-0a4f72002724\" target=\"_blank\" rel=\"noopener\" data-gtm-custom-categorie=\"navigation\" data-gtm-custom-action=\"crossclick\" data-gtm-custom-label=\"Contextuel\" data-gtm-event=\"customEventSPE\">Presse Oc\u00e9an<\/a> . Aux alentours de minuit, la police a en effet \u00e9t\u00e9 avertie par deux t\u00e9moins leur d\u00e9crivant la sc\u00e8ne. Les protagonistes \u00e9taient d\u00e9j\u00e0 partis quand les forces de l\u2019ordre sont arriv\u00e9es sur place, mais ces derni\u00e8res ont tout de m\u00eame retrouv\u00e9 des traces de sang et des v\u00eatements sans parvenir \u00e0 identifier la victime.<\/p>\n<p class=\"fig-paragraph\">Selon le quotidien\u00a0<a href=\"https:\/\/www.ouest-france.fr\/societe\/faits-divers\/enleve-en-pleine-rue-pres-de-nantes-un-homme-a-ete-retrouve-tres-amoche-quelques-heures-plus-tard-eb5c1e34-a910-11f0-bf9e-dc0be67a8d9b\" target=\"_blank\" rel=\"noopener\" data-gtm-custom-categorie=\"navigation\" data-gtm-custom-action=\"crossclick\" data-gtm-custom-label=\"Contextuel\" data-gtm-event=\"customEventSPE\">Ouest France<\/a>, le trentenaire enlev\u00e9 aurait \u00e9t\u00e9 retrouv\u00e9 le lendemain matin \u00e0 l\u2019entr\u00e9e d\u2019un parc au nord de Nantes, \u00e0\u00a0<a href=\"https:\/\/www.google.com\/search?q=saint+herblain+figro.fr&amp;rlz=1C1GCEA_enFR1001FR1006&amp;oq=saint+herblain+figro.fr&amp;gs_lcrp=EgZjaHJvbWUyBggAEEUYOTIJCAEQIRgKGKABMgkIAhAhGAoYoAEyBwgDECEYnwUyBwgEECEYnwUyBwgFECEYnwUyBwgGECEYnwUyBwgHECEYnwUyBwgIECEYnwUyBwgJECEYnwXSAQgzNjU0ajBqN6gCALACAA&amp;sourceid=chrome&amp;ie=UTF-8\" target=\"_blank\" rel=\"noopener\" data-gtm-custom-categorie=\"navigation\" data-gtm-custom-action=\"crossclick\" data-gtm-custom-label=\"Contextuel\" data-gtm-event=\"customEventSPE\">Saint-Herblain<\/a>. Hospitalis\u00e9 et portant les traces de coups, il ne s\u2019est pas montr\u00e9 tr\u00e8s loquace face aux enqu\u00eateurs qui \u00e9tudient la piste d\u2019un r\u00e8glement de comptes li\u00e9 au trafic de drogue. La victime \u00e9tait connue des services de police pour revente des stup\u00e9fiants et n\u2019a pas voulu porter plainte. La Division de la criminalit\u00e9 organis\u00e9e et sp\u00e9cialis\u00e9e (ex-PJ) a \u00e9t\u00e9 saisie de l\u2019affaire.<\/p>\n","protected":false},"excerpt":{"rendered":"Il aurait \u00e9t\u00e9 retrouv\u00e9 vivant mardi matin \u00e0 l\u2019entr\u00e9e d\u2019un parc, apr\u00e8s avoir subi un calvaire. La piste&hellip;\n","protected":false},"author":2,"featured_media":464932,"comment_status":"","ping_status":"","sticky":false,"template":"","format":"standard","meta":{"footnotes":""},"categories":[2818],"tags":[1111,11,2716,1777,674,1011,27,766,12,2636,25],"class_list":{"0":"post-464931","1":"post","2":"type-post","3":"status-publish","4":"format-standard","5":"has-post-thumbnail","7":"category-nantes","8":"tag-actu","9":"tag-actualites","10":"tag-enlevement","11":"tag-eu","12":"tag-europe","13":"tag-fr","14":"tag-france","15":"tag-nantes","16":"tag-news","17":"tag-pays-de-la-loire","18":"tag-republique-francaise"},"share_on_mastodon":{"url":"","error":""},"_links":{"self":[{"href":"https:\/\/www.europesays.com\/fr\/wp-json\/wp\/v2\/posts\/464931","targetHints":{"allow":["GET"]}}],"collection":[{"href":"https:\/\/www.europesays.com\/fr\/wp-json\/wp\/v2\/posts"}],"about":[{"href":"https:\/\/www.europesays.com\/fr\/wp-json\/wp\/v2\/types\/post"}],"author":[{"embeddable":true,"href":"https:\/\/www.europesays.com\/fr\/wp-json\/wp\/v2\/users\/2"}],"replies":[{"embeddable":true,"href":"https:\/\/www.europesays.com\/fr\/wp-json\/wp\/v2\/comments?post=464931"}],"version-history":[{"count":0,"href":"https:\/\/www.europesays.com\/fr\/wp-json\/wp\/v2\/posts\/464931\/revisions"}],"wp:featuredmedia":[{"embeddable":true,"href":"https:\/\/www.europesays.com\/fr\/wp-json\/wp\/v2\/media\/464932"}],"wp:attachment":[{"href":"https:\/\/www.europesays.com\/fr\/wp-json\/wp\/v2\/media?parent=464931"}],"wp:term":[{"taxonomy":"category","embeddable":true,"href":"https:\/\/www.europesays.com\/fr\/wp-json\/wp\/v2\/categories?post=464931"},{"taxonomy":"post_tag","embeddable":true,"href":"https:\/\/www.europesays.com\/fr\/wp-json\/wp\/v2\/tags?post=464931"}],"curies":[{"name":"wp","href":"https:\/\/api.w.org\/{rel}","templated":true}]}}