{"id":464937,"date":"2025-10-15T12:59:17","date_gmt":"2025-10-15T12:59:17","guid":{"rendered":"https:\/\/www.europesays.com\/fr\/464937\/"},"modified":"2025-10-15T12:59:17","modified_gmt":"2025-10-15T12:59:17","slug":"apres-des-rumeurs-de-demenagement-a-bordeaux-le-festival-garorock-restera-bien-a-marmande-pour-sa-30e-edition","status":"publish","type":"post","link":"https:\/\/www.europesays.com\/fr\/464937\/","title":{"rendered":"Apr\u00e8s des rumeurs de d\u00e9m\u00e9nagement \u00e0 Bordeaux, le festival Garorock restera bien \u00e0 Marmande pour sa 30e \u00e9dition"},"content":{"rendered":"<p>\n    L\u2019embl\u00e9matique festival a officialis\u00e9 la tenue de sa 30e \u00e9dition sur son site historique. Une annonce tr\u00e8s attendue, apr\u00e8s plusieurs mois de sp\u00e9culations sur un possible d\u00e9part vers Bordeaux.<\/p>\n<p class=\"fig-paragraph\">Garorock met fin aux doutes. La 30e \u00e9dition du\u00a0<a href=\"https:\/\/www.lefigaro.fr\/bd\/festival-bd-d-angouleme-anouk-ricard-laureate-du-dernier-grand-prix-boycotte-l-edition-2026-20251015?msockid=258c4318a154643d05395665a0ed65f9\" target=\"_blank\" data-fig-type=\"NewsFlash\" rel=\"sponsored noopener\" data-gtm-custom-categorie=\"navigation\" data-gtm-custom-action=\"crossclick\" data-gtm-custom-label=\"Contextuel\" data-gtm-event=\"customEventSPE\" data-fig-domain=\"LEFIGARO\">festival<\/a>\u00a0aura bien lieu \u00e0 Marmande, sur la plaine de la Filhole, les 26, 27 et 28 juin prochains. L\u2019annonce a \u00e9t\u00e9 faite ce mercredi sur les r\u00e9seaux sociaux par les organisateurs, mettant un terme aux rumeurs insistantes d\u2019un d\u00e9m\u00e9nagement \u00e0\u00a0<a href=\"http:\/\/www.lefigaro.fr\/bordeaux\/a-bordeaux-les-policiers-municipaux-ramassent-desormais-les-velos-ventouses-abandonnes-dans-le-centre-ville-20251014\" data-fig-type=\"NewsFlash\" data-gtm-custom-categorie=\"navigation\" data-gtm-custom-action=\"crossclick\" data-gtm-custom-label=\"Contextuel\" data-gtm-event=\"customEventSPE\" data-fig-domain=\"LEFIGARO\" target=\"_blank\" rel=\"noopener\">Bordeaux<\/a>. \u00abOn n\u2019allait pas vous l\u00e2cher comme \u00e7a\u00bb, peut-on lire sur la publication. Les \u00e9quipes de Garorock promettent, au passage, une \u00abambiance \u00e9lectrique, sauvage, un m\u00e9lange de contrastes qui rend hommage \u00e0 l\u2019ADN du festival\u00bb.<\/p>\n<p class=\"fig-paragraph\">Depuis plusieurs mois, l\u2019avenir du \u00abGaro\u00bb, comme tout le monde l\u2019appelle dans le Sud-Ouest, faisait l\u2019objet de sp\u00e9culations. Les discussions autour du d\u00e9ficit chronique du festival, rachet\u00e9 en 2024 par la soci\u00e9t\u00e9 allemande CTS Eventim, avaient aliment\u00e9 l\u2019id\u00e9e d\u2019un d\u00e9part. La capacit\u00e9 du site et surtout de sa logistique \u00e9tait au c\u0153ur des d\u00e9bats. Un\u00a0<a href=\"https:\/\/www.lefigaro.fr\/bordeaux\/garorock-c-est-une-ambiance-exceptionnelle-le-festival-va-t-il-vraiment-demenager-de-marmande-a-bordeaux-20250927?msockid=258c4318a154643d05395665a0ed65f9\" target=\"_blank\" data-fig-type=\"NewsFlash\" rel=\"sponsored noopener\" data-gtm-custom-categorie=\"navigation\" data-gtm-custom-action=\"crossclick\" data-gtm-custom-label=\"Contextuel\" data-gtm-event=\"customEventSPE\" data-fig-domain=\"LEFIGARO\">d\u00e9m\u00e9nagement au Stade Atlantique de Bordeaux avait m\u00eame \u00e9t\u00e9 envisag\u00e9<\/a>, pour r\u00e9duire les co\u00fbts.<\/p>\n<p>                                    <a class=\"fig-a11y-skip a11y-hidden\" href=\"#fig-a11y-skip-main-inarticle\"><br \/>\n        Passer la publicit\u00e9<br \/>\n    <\/a><\/p>\n<p>Trois jours au lieu de quatre<\/p>\n<p class=\"fig-paragraph\">L\u2019hypoth\u00e8se de ce sc\u00e9nario avait suscit\u00e9 de vives r\u00e9actions dans le Lot-et-Garonne, o\u00f9 l\u2019\u00e9v\u00e9nement est consid\u00e9r\u00e9 comme un pilier culturel et \u00e9conomique. Les Marmandais peuvent souffler, le festival restera bien \u00e0 Marmande, du moins pour cette ann\u00e9e. Changement notable\u00a0: l\u2019\u00e9v\u00e9nement se d\u00e9roulera seulement sur trois jours, alors qu\u2019il avait pour habitude de durer quatre jours, depuis 2016.<\/p>\n<p class=\"fig-paragraph\">Cr\u00e9\u00e9 en 1997, Garorock est pass\u00e9 en trois d\u00e9cennies d\u2019un rendez-vous underground \u00e0 un mastodonte de la sc\u00e8ne estivale fran\u00e7aise, capable d\u2019attirer plus de 150.000 festivaliers. Si aucun nom d\u2019artistes n\u2019a encore \u00e9t\u00e9 d\u00e9voil\u00e9 pour la prochaine \u00e9dition, l\u2019annonce officielle pr\u00e9cise que la billetterie ouvrira le 4 novembre.<\/p>\n","protected":false},"excerpt":{"rendered":"L\u2019embl\u00e9matique festival a officialis\u00e9 la tenue de sa 30e \u00e9dition sur son site historique. Une annonce tr\u00e8s attendue,&hellip;\n","protected":false},"author":2,"featured_media":464938,"comment_status":"","ping_status":"","sticky":false,"template":"","format":"standard","meta":{"footnotes":""},"categories":[2817],"tags":[1111,11,1997,1777,674,849,1011,27,2905,12,2219,25],"class_list":{"0":"post-464937","1":"post","2":"type-post","3":"status-publish","4":"format-standard","5":"has-post-thumbnail","7":"category-bordeaux","8":"tag-actu","9":"tag-actualites","10":"tag-bordeaux","11":"tag-eu","12":"tag-europe","13":"tag-festival","14":"tag-fr","15":"tag-france","16":"tag-gironde","17":"tag-news","18":"tag-nouvelle-aquitaine","19":"tag-republique-francaise"},"share_on_mastodon":{"url":"https:\/\/pubeurope.com\/@fr\/115378308185402961","error":""},"_links":{"self":[{"href":"https:\/\/www.europesays.com\/fr\/wp-json\/wp\/v2\/posts\/464937","targetHints":{"allow":["GET"]}}],"collection":[{"href":"https:\/\/www.europesays.com\/fr\/wp-json\/wp\/v2\/posts"}],"about":[{"href":"https:\/\/www.europesays.com\/fr\/wp-json\/wp\/v2\/types\/post"}],"author":[{"embeddable":true,"href":"https:\/\/www.europesays.com\/fr\/wp-json\/wp\/v2\/users\/2"}],"replies":[{"embeddable":true,"href":"https:\/\/www.europesays.com\/fr\/wp-json\/wp\/v2\/comments?post=464937"}],"version-history":[{"count":0,"href":"https:\/\/www.europesays.com\/fr\/wp-json\/wp\/v2\/posts\/464937\/revisions"}],"wp:featuredmedia":[{"embeddable":true,"href":"https:\/\/www.europesays.com\/fr\/wp-json\/wp\/v2\/media\/464938"}],"wp:attachment":[{"href":"https:\/\/www.europesays.com\/fr\/wp-json\/wp\/v2\/media?parent=464937"}],"wp:term":[{"taxonomy":"category","embeddable":true,"href":"https:\/\/www.europesays.com\/fr\/wp-json\/wp\/v2\/categories?post=464937"},{"taxonomy":"post_tag","embeddable":true,"href":"https:\/\/www.europesays.com\/fr\/wp-json\/wp\/v2\/tags?post=464937"}],"curies":[{"name":"wp","href":"https:\/\/api.w.org\/{rel}","templated":true}]}}