{"id":464945,"date":"2025-10-15T13:03:10","date_gmt":"2025-10-15T13:03:10","guid":{"rendered":"https:\/\/www.europesays.com\/fr\/464945\/"},"modified":"2025-10-15T13:03:10","modified_gmt":"2025-10-15T13:03:10","slug":"easyjet-annonce-des-vols-vers-une-nouvelle-destination-hyper-ensoleillee","status":"publish","type":"post","link":"https:\/\/www.europesays.com\/fr\/464945\/","title":{"rendered":"easyJet annonce des vols vers une nouvelle destination hyper ensoleill\u00e9e"},"content":{"rendered":"<p>            Par<br \/>\n        <strong><br \/>\n            <a href=\"https:\/\/actu.fr\/auteur\/nicolas-demollien\" title=\"Consulter tous les articles de Nicolas Demollien\" target=\"_blank\" rel=\"noopener\">Nicolas Demollien<\/a><br \/>\n        <\/strong><\/p>\n<p>        Publi\u00e9 le<\/p>\n<p>            15 oct. 2025 \u00e0 11h49        <\/p>\n<p>Voil\u00e0 qui devrait donner le sourire \u00e0 tous les fans de <a href=\"https:\/\/actu.fr\/tag\/voyage\" target=\"_blank\" rel=\"noopener\">voyages<\/a> et de <b>soleil<\/b> ! La <b>compagnie a\u00e9rienne<\/b> <a href=\"https:\/\/actu.fr\/tag\/easy-jet\" target=\"_blank\" rel=\"noopener\">easyJet<\/a> vient d\u2019annoncer une <b>nouvelle destination<\/b> au <b>d\u00e9part de l\u2019a\u00e9roport<\/b> de <a href=\"https:\/\/actu.fr\/hauts-de-france\/lille_59350\" target=\"_blank\" rel=\"noopener\">Lille<\/a> (Nord) \u00e0 partir du 3 mai 2026. Et elle devrait rapidement faire le plein.<\/p>\n<p>EasyJet lance de nouveaux vols vers Marrakech au d\u00e9part de l\u2019a\u00e9roport de Lille<\/p>\n<p class=\" wall-content\">En effet, cette nouvelle destination vous emm\u00e8nera <b>vers le Maghreb<\/b> puisqu\u2019il s\u2019agit de <b>Marrakech<\/b>, au <a href=\"https:\/\/actu.fr\/tag\/maroc\" target=\"_blank\" rel=\"noopener\">Maroc<\/a>. Les deux villes \u00ab\u00a0seront reli\u00e9es <b>deux fois par semaine<\/b> depuis Lille, les mercredi et dimanche, \u00e0 partir du 3 mai 2026\u2033, annonce la compagnie. Et de pr\u00e9ciser que \u00ab\u00a0ces nouvelles connexions s\u2019inscrivent dans le <b>plan de d\u00e9veloppement d\u2019easyJet<\/b> au Maroc, incluant l\u2019ouverture d\u2019une nouvelle base \u00e0 Marrakech au printemps 2026\u2033.<\/p>\n<p class=\" wall-content\">Une destination qui devrait rapidement trouver son public et ravir <b>aussi bien voyageurs de loisirs que voyageurs d\u2019affaires<\/b>. Marrakech est aujourd\u2019hui consid\u00e9r\u00e9e comme l\u2019une des destinations les plus embl\u00e9matiques du Maroc, que ce soit pour de courts s\u00e9jours ou des vacances plus longues.<\/p>\n<p class=\" wall-content\">Il faut dire que ses atouts ne manquent pas avec sa m\u00e9dina class\u00e9e au <a href=\"https:\/\/actu.fr\/tag\/patrimoine-unesco\" target=\"_blank\" rel=\"noopener\">patrimoine mondial de l\u2019UNESCO<\/a>, la mosqu\u00e9e Koutoubia, le palais Bahia ou les tombeaux saadiens. Sans parler de son<b> <\/b>climat ensoleill\u00e9 <b>toute l\u2019ann\u00e9e avec plus de 300 jours de soleil<\/b> ou sa situation g\u00e9ographique offrant de nombreuses perspectives.<\/p>\n<p class=\" wall-content\">\u00ab\u00a0Nous sommes ravis de lancer cette nouvelle liaison directe, renfor\u00e7ant ainsi les liens entre la France et le Maroc. Avec ces nouveaux services, easyJet continue d\u2019am\u00e9liorer la connectivit\u00e9 r\u00e9gionale fran\u00e7aise en offrant des opportunit\u00e9s de voyage nouvelles et abordables\u00a0\u00bb, commente Reginald Otten, directeur adjoint d\u2019easyJet pour la France.<\/p>\n<p data-end=\"3038\" class=\" wall-content\">Les billets peuvent d\u2019ores et d\u00e9j\u00e0 \u00eatre r\u00e9serv\u00e9s sur <a href=\"https:\/\/www.easyjet.com\/fr\" target=\"_blank\" rel=\"noopener\">easyjet.com<\/a>, les prix d\u00e9marrent \u00e0 53\u20ac.<\/p>\n<p class=\" wall-content\">Personnalisez votre actualit\u00e9 en ajoutant vos villes et m\u00e9dias en favori avec <a href=\"https:\/\/moncompte.actu.fr\" title=\"D\u00e9couvez Mon Actu\" rel=\"nofollow noopener\" data-trk=\"{&quot;cta&quot;:{&quot;action&quot;:&quot;https:\\\/\\\/moncompte.actu.fr&quot;,&quot;category&quot;:&quot;mon compte&quot;,&quot;from&quot;:&quot;article footer&quot;,&quot;name&quot;:&quot;Mon actu&quot;,&quot;type&quot;:&quot;cta&quot;}}\" target=\"_blank\">Mon Actu<\/a>.<\/p>\n","protected":false},"excerpt":{"rendered":"Par Nicolas Demollien Publi\u00e9 le 15 oct. 2025 \u00e0 11h49 Voil\u00e0 qui devrait donner le sourire \u00e0 tous&hellip;\n","protected":false},"author":2,"featured_media":464946,"comment_status":"","ping_status":"","sticky":false,"template":"","format":"standard","meta":{"footnotes":""},"categories":[2815],"tags":[1111,11,12527,1777,674,1011,27,811,1307,12,25,104,602,586],"class_list":{"0":"post-464945","1":"post","2":"type-post","3":"status-publish","4":"format-standard","5":"has-post-thumbnail","7":"category-lille","8":"tag-actu","9":"tag-actualites","10":"tag-easy-jet","11":"tag-eu","12":"tag-europe","13":"tag-fr","14":"tag-france","15":"tag-hauts-de-france","16":"tag-lille","17":"tag-news","18":"tag-republique-francaise","19":"tag-societe","20":"tag-tourisme","21":"tag-voyage"},"share_on_mastodon":{"url":"https:\/\/pubeurope.com\/@fr\/115378323724096716","error":""},"_links":{"self":[{"href":"https:\/\/www.europesays.com\/fr\/wp-json\/wp\/v2\/posts\/464945","targetHints":{"allow":["GET"]}}],"collection":[{"href":"https:\/\/www.europesays.com\/fr\/wp-json\/wp\/v2\/posts"}],"about":[{"href":"https:\/\/www.europesays.com\/fr\/wp-json\/wp\/v2\/types\/post"}],"author":[{"embeddable":true,"href":"https:\/\/www.europesays.com\/fr\/wp-json\/wp\/v2\/users\/2"}],"replies":[{"embeddable":true,"href":"https:\/\/www.europesays.com\/fr\/wp-json\/wp\/v2\/comments?post=464945"}],"version-history":[{"count":0,"href":"https:\/\/www.europesays.com\/fr\/wp-json\/wp\/v2\/posts\/464945\/revisions"}],"wp:featuredmedia":[{"embeddable":true,"href":"https:\/\/www.europesays.com\/fr\/wp-json\/wp\/v2\/media\/464946"}],"wp:attachment":[{"href":"https:\/\/www.europesays.com\/fr\/wp-json\/wp\/v2\/media?parent=464945"}],"wp:term":[{"taxonomy":"category","embeddable":true,"href":"https:\/\/www.europesays.com\/fr\/wp-json\/wp\/v2\/categories?post=464945"},{"taxonomy":"post_tag","embeddable":true,"href":"https:\/\/www.europesays.com\/fr\/wp-json\/wp\/v2\/tags?post=464945"}],"curies":[{"name":"wp","href":"https:\/\/api.w.org\/{rel}","templated":true}]}}