{"id":464947,"date":"2025-10-15T13:04:12","date_gmt":"2025-10-15T13:04:12","guid":{"rendered":"https:\/\/www.europesays.com\/fr\/464947\/"},"modified":"2025-10-15T13:04:12","modified_gmt":"2025-10-15T13:04:12","slug":"marseille-mon-senior-le-site-qui-rassemble-et-bouscule-les-cliches-lies-a","status":"publish","type":"post","link":"https:\/\/www.europesays.com\/fr\/464947\/","title":{"rendered":"Marseille, Mon-Senior, le site qui rassemble et bouscule les clich\u00e9s li\u00e9s \u00e0 (\u2026)"},"content":{"rendered":"<p>                    <img loading=\"lazy\" decoding=\"async\" src=\"https:\/\/www.europesays.com\/fr\/wp-content\/uploads\/2025\/10\/00d9565c3c9d2c707c719d4768ad5f.png\" class=\"img-responsive post-image\" width=\"680\" height=\"510\" alt=\"Marseille, Mon-Senior, le\" title=\" Marseille, Mon-Senior, le site qui rassemble et bouscule les clich\u00e9s li\u00e9s \u00e0 l'\u00e2ge\"\/><\/p>\n<p class=\"chapo\">Actifs, curieux, voyageurs, connect\u00e9s, les plus de 50 ans d\u2019aujourd\u2019hui ne se d\u00e9finissent plus par leur \u00e2ge mais par leur \u00e9nergie.<\/p>\n<p>Ils refusent les st\u00e9r\u00e9otypes, repr\u00e9sentent un vivier de comp\u00e9tences, de transmission, de cr\u00e9ativit\u00e9 et de lien social et souhaitent vivre pleinement, avec des projets, du lien, du plaisir, et un vrai r\u00f4le \u00e0 jouer\u00a0! C\u2019est pour eux qu\u2019est n\u00e9 Mon-S\u00e9nior, une communaut\u00e9 bienveillante et dynamique qui propose des services concrets, des lieux partenaires, des clubs locaux, des \u00e9v\u00e9nements et des initiatives pens\u00e9es par et pour les s\u00e9niors. Bien plus qu\u2019un site, Mon Senior est un club d\u00e9di\u00e9 aux jeunes de plus de 50 ans qui rassemble et valorise les savoirs, les histoires et les talents de chacun. Une grande famille o\u00f9 les g\u00e9n\u00e9rations se croisent, se parlent et s\u2019enrichissent mutuellement.<\/p>\n<p>R\u00e9inventer le bien vieillir<\/p>\n<p>Mon Senior est bien plus qu\u2019un site il offre des r\u00e9ponses concr\u00e8tes aux besoins d\u2019activit\u00e9s et de reconnaissance et favorise un v\u00e9ritable lien interg\u00e9n\u00e9rationnel et territorial. C\u2019est un lien contre l\u2019isolement social il propose des activit\u00e9s dans les villages oubli\u00e9s, des \u00e9v\u00e9nements culturels et joyeux pour retisser des liens localement (2 millions de personnes \u00e2g\u00e9es souffrent d\u2019isolement social) car chaque personne m\u00e9rite d\u2019\u00eatre entour\u00e9e, \u00e9cout\u00e9e, valoris\u00e9e, quel que soit son \u00e2ge. Il bouscule les clich\u00e9s li\u00e9s \u00e0 l\u2019\u00e2ge en proposant toute l\u2019ann\u00e9e des offres vari\u00e9es et accessibles dans un cadre chaleureux et convivial pour bien vieillir, rester actif et tisser des liens. Et, soutient la solidarit\u00e9, le partage et l\u2019amour et d\u00e9fend l\u2019humain, le terroir, la convivialit\u00e9, et tout ce qui fait le sel de la vraie vie. C\u2019est la voix bienveillante et innovante que les seniors attendaient, car une vie sociale riche, est une vie en meilleure sant\u00e9, plus joyeuse et plus \u00e9panouie\u00a0!<\/p>\n<p><strong>En octobre, en Provence-Alpes-C\u00f4te d\u2019Azur, et de fa\u00e7on plus large, en national d\u00e9but 2026, que l\u2019on soit membre ou simple participant, Mon Senior ouvre la porte \u00e0 une foule d\u2019initiatives positives et joyeuses et organise toute l\u2019ann\u00e9e des exp\u00e9riences alliant sports, spectacles, projets f\u00e9d\u00e9rateurs, rencontres et moments de partage\u00a0:<\/strong> une mani\u00e8re unique de cr\u00e9er des souvenirs, des opportunit\u00e9s, de renforcer les liens et de faire de l\u2019\u00e2ge une force collective et profond\u00e9ment humaine.<br class=\"autobr\"\/><br \/>\nMon Senior, c\u2019est aussi un site pens\u00e9 pour les seniors connect\u00e9s avec des contenus vari\u00e9s autour de la sant\u00e9, du bien-\u00eatre, des nouvelles technologies, des voyages, des conseils, des inspirations et des solutions pour mieux vivre le quotidien, un forum de discussion bienveillant pour \u00e9changer et s\u2019entraider, un agenda des \u00e9v\u00e9nements avec inscription en ligne, une plateforme de rencontres pour cr\u00e9er des amiti\u00e9s ou trouver l\u2019amour, et m\u00eame un acc\u00e8s \u00e0 une intelligence artificielle pour les accompagner dans leur quotidien.<br class=\"autobr\"\/><br \/>\nAu-del\u00e0 des \u00e9v\u00e9nements et de la plateforme, Mon Senior propose \u00e9galement une boutique avec des produits s\u00e9lectionn\u00e9s pour les seniors\u00a0:<br class=\"autobr\"\/><br \/>\nUne tablette Mon Senior, simple et intuitive, de plus en plus de produits destin\u00e9s aux seniors. De nombreux services viennent enrichir l\u2019exp\u00e9rience Mon Senior\u00a0: assistance t\u00e9l\u00e9phonique pour d\u00e9velopper les \u00e9changes avec les personnes isol\u00e9es, podcasts, webradio, conseils de lecture, petites annonces, club moto\u2026 et bien plus encore\u2026<\/p>\n<p><strong>Quelques chiffres<\/strong><br class=\"autobr\"\/><br \/>\n25\u00a0% de la population fran\u00e7aise a plus de 60 ans<br class=\"autobr\"\/><br \/>\n+50\u00a0% du patrimoine est d\u00e9tenu par cette tranche d\u2019\u00e2ge<br class=\"autobr\"\/><br \/>\n40\u00a0% de la consommation nationale vient des seniors<br class=\"autobr\"\/><br \/>\n+70\u00a0% des seniors utilisent les r\u00e9seaux sociaux au quotidien.<br class=\"autobr\"\/><br \/>\nIls sont les 1ers contributeurs dans les loisirs, la sant\u00e9, la culture, le tourisme et l\u2019immobilier<\/p>\n","protected":false},"excerpt":{"rendered":"Actifs, curieux, voyageurs, connect\u00e9s, les plus de 50 ans d\u2019aujourd\u2019hui ne se d\u00e9finissent plus par leur \u00e2ge mais&hellip;\n","protected":false},"author":2,"featured_media":464948,"comment_status":"","ping_status":"","sticky":false,"template":"","format":"standard","meta":{"footnotes":""},"categories":[2814],"tags":[1111,11,2408,1777,674,1011,27,884,12,882,25],"class_list":{"0":"post-464947","1":"post","2":"type-post","3":"status-publish","4":"format-standard","5":"has-post-thumbnail","7":"category-marseille","8":"tag-actu","9":"tag-actualites","10":"tag-appels-d","11":"tag-eu","12":"tag-europe","13":"tag-fr","14":"tag-france","15":"tag-marseille","16":"tag-news","17":"tag-provence-alpes-cote-dazur","18":"tag-republique-francaise"},"share_on_mastodon":{"url":"https:\/\/pubeurope.com\/@fr\/115378328168893944","error":""},"_links":{"self":[{"href":"https:\/\/www.europesays.com\/fr\/wp-json\/wp\/v2\/posts\/464947","targetHints":{"allow":["GET"]}}],"collection":[{"href":"https:\/\/www.europesays.com\/fr\/wp-json\/wp\/v2\/posts"}],"about":[{"href":"https:\/\/www.europesays.com\/fr\/wp-json\/wp\/v2\/types\/post"}],"author":[{"embeddable":true,"href":"https:\/\/www.europesays.com\/fr\/wp-json\/wp\/v2\/users\/2"}],"replies":[{"embeddable":true,"href":"https:\/\/www.europesays.com\/fr\/wp-json\/wp\/v2\/comments?post=464947"}],"version-history":[{"count":0,"href":"https:\/\/www.europesays.com\/fr\/wp-json\/wp\/v2\/posts\/464947\/revisions"}],"wp:featuredmedia":[{"embeddable":true,"href":"https:\/\/www.europesays.com\/fr\/wp-json\/wp\/v2\/media\/464948"}],"wp:attachment":[{"href":"https:\/\/www.europesays.com\/fr\/wp-json\/wp\/v2\/media?parent=464947"}],"wp:term":[{"taxonomy":"category","embeddable":true,"href":"https:\/\/www.europesays.com\/fr\/wp-json\/wp\/v2\/categories?post=464947"},{"taxonomy":"post_tag","embeddable":true,"href":"https:\/\/www.europesays.com\/fr\/wp-json\/wp\/v2\/tags?post=464947"}],"curies":[{"name":"wp","href":"https:\/\/api.w.org\/{rel}","templated":true}]}}