{"id":464949,"date":"2025-10-15T13:05:23","date_gmt":"2025-10-15T13:05:23","guid":{"rendered":"https:\/\/www.europesays.com\/fr\/464949\/"},"modified":"2025-10-15T13:05:23","modified_gmt":"2025-10-15T13:05:23","slug":"marseille-grosse-pagaille-au-destockage-des-galeries-lafayette-les-gens-sont-fous","status":"publish","type":"post","link":"https:\/\/www.europesays.com\/fr\/464949\/","title":{"rendered":"Marseille. Grosse pagaille au d\u00e9stockage des Galeries Lafayette : \u00ab\u00a0Les gens sont fous\u00a0\u00bb"},"content":{"rendered":"<p>            Par<br \/>\n        <strong><br \/>\n            <a href=\"https:\/\/actu.fr\/auteur\/fabien-binacchi\" title=\"Consulter tous les articles de Fabien Binacchi\" target=\"_blank\" rel=\"noopener\">Fabien Binacchi<\/a><br \/>\n        <\/strong><\/p>\n<p>        Publi\u00e9 le<\/p>\n<p>            15 oct. 2025 \u00e0 14h43        <\/p>\n<p>Des sc\u00e8nes de chaos. Ce mercredi 15\u00a0octobre, le lancement de <a href=\"https:\/\/actu.fr\/provence-alpes-cote-d-azur\/marseille_13055\/marseille-sur-le-depart-les-galeries-lafayette-vident-leur-stock-et-cassent-les-prix_63290706.html\" target=\"_blank\" rel=\"noopener\">l\u2019op\u00e9ration de liquidation<\/a> organis\u00e9e aux Galeries Lafayette du centre Bourse, dans le 1er arrondissement de <a href=\"https:\/\/actu.fr\/marseille\/\" target=\"_blank\" rel=\"noopener\">Marseille<\/a>, a vir\u00e9 \u00e0 la foire d\u2019empoigne. <strong>Des centaines de clients<\/strong> se sont press\u00e9es aux entr\u00e9es du magasin, plus d\u2019une heure avant l\u2019ouverture pour certains, et ont litt\u00e9ralement d\u00e9valis\u00e9 les \u00e9tals, comme l\u2019a constat\u00e9 actu Marseille. Les forces de l\u2019ordre ont d\u00fb intervenir.<\/p>\n<p class=\" wall-content\">Suite \u00e0 des d\u00e9bordements, la direction du magasin \u00e0 m\u00eame d\u00e9cid\u00e9 de fermer les acc\u00e8s en d\u00e9but d\u2019apr\u00e8s midi.<\/p>\n<p>\u00ab\u2009Les gens sont vraiment fous\u2009\u00bb<\/p>\n<p class=\" wall-content\">Martine et Xavi\u00e8re ont pr\u00e9f\u00e9r\u00e9 abandonner. \u00c0 peine entr\u00e9es dans le magasin\u2026 et d\u00e9j\u00e0 ressorties. \u00ab\u2009C\u2019est impossible, les gens sont vraiment trop fous\u2009\u00bb, soufflent-elles. <strong>Trop de monde. Trop d\u2019empoignades.<\/strong> Ce mercredi, aux Galeries Lafayette du centre-ville, c\u2019est \u00e0 qui fera les meilleures affaires. Et \u00e7a, \u00e0 n\u2019importe quel prix.<\/p>\n<p class=\" wall-content\">Des centaines de personnes, <strong>jusqu\u2019\u00e0 900 en une heure<\/strong> d\u00e8s l\u2019ouverture, ont r\u00e9pondu pr\u00e9sent \u00e0 l\u2019op\u00e9ration de d\u00e9stockage organis\u00e9e par l\u2019enseigne. Elle se pr\u00e9pare \u00e0 plier boutique. Le 29\u00a0novembre, ses deux points de vente marseillais (avec celui du centre commercial Prado Shopping), baisseront d\u00e9finitivement le rideau.<\/p>\n<p class=\" wall-content\">Jusqu\u2019\u00e0 cette \u00e9ch\u00e9ance, les ristournes vont <strong>jusqu\u2019\u00e0 80\u2009%.<\/strong><\/p>\n<p>Des papiers et des bo\u00eetes jonchent le sol<\/p>\n<p class=\" wall-content\">\u00ab\u2009On est tous l\u00e0 pour la m\u00eame chose. Pour les grosses remises\u2009\u00bb, t\u00e9moigne aussi Safia. Faut-il encore \u00eatre assez t\u00e9m\u00e9raire pour se frayer un chemin. Dans les all\u00e9es des Galeries, l\u2019ambiance \u00e9tait au <strong>march\u00e9 \u00e0 la cri\u00e9e.<\/strong> Rayon cosm\u00e9tique, la vendeuse d\u2019une marque fran\u00e7aise prestigieuse doit \u00e9lever la voix\u2009: \u00ab\u2009Vous voulez quoi\u2009? Je n\u2019entends pas.\u2009\u00bb<\/p>\n<p>    <img   decoding=\"async\" loading=\"lazy\" src=\"https:\/\/www.europesays.com\/fr\/wp-content\/uploads\/2025\/10\/gl-marseille-960x640.jpg\" alt=\"Des centaines de personnes ont jou\u00e9 des coudes.\" width=\"960\" height=\"640\"\/><br \/>\n    Des centaines de personnes ont jou\u00e9 des coudes. (\u00a9Fabien Binacchi \/ actu Marseille)<\/p>\n<p>Votre r\u00e9gion, votre actu !<\/p>\n<p>Recevez chaque jour les infos qui comptent pour vous.<\/p>\n<p>\t<a href=\"https:\/\/actu.fr\/newsletter\" class=\"ac-btn ac-btn--corner ac-btn--medium ac-btn--blue800\" target=\"_blank\" rel=\"noopener\">S&rsquo;incrire<\/a><\/p>\n<p class=\" wall-content\">Du c\u00f4t\u00e9 de la maroquinerie, plus rien sur les \u00e9tag\u00e8res. Des papiers et des bo\u00eetes jonchent le sol. \u00ab\u2009Stop l\u00e0, on se marche dessus\u2009\u00bb, crie un client, sur d\u2019autres. \u00ab\u2009Je suis venu dans l\u2019id\u00e9e de <strong>trouver quelques cadeaux de No\u00ebl.<\/strong> C\u2019\u00e9tait l\u2019occasion de faire plaisir sans trop d\u00e9penser. Mais je repars, ce n\u2019est vraiment pas possible\u2009\u00bb, confie-t-il \u00e0 actu Marseille.<\/p>\n<p>\u00ab\u2009On ne venait pas parce que c\u2019\u00e9tait trop cher\u2009\u00bb<\/p>\n<p class=\" wall-content\">Pour ceux qui ont r\u00e9ussi \u00e0 trouver leur bonheur, les bras charg\u00e9s, les files d\u2019attente s\u2019allongent aux caisses. \u00c0 l\u2019ext\u00e9rieur, la s\u00e9curit\u00e9 intercepte un homme. <strong>Une tentative de vol<\/strong> vient d\u2019\u00eatre d\u00e9jou\u00e9e. \u00ab\u2009Il va y en avoir beaucoup, vu le monde\u2009\u00bb, glisse un agent. La police a \u00e9t\u00e9 appel\u00e9e \u00e0 la rescousse.<\/p>\n<p class=\" wall-content\">Dans le lot des visiteurs, Lucas et Morgane, 21 et 22\u00a0ans, ont pr\u00e9f\u00e9r\u00e9 laisser entrer le flot de \u00ab\u2009fadas\u2009\u00bb, mass\u00e9s devant les portes depuis 8h30 pour certains, avant d\u2019essayer de se frayer un chemin. \u00ab\u2009On n\u2019avait pas l\u2019habitude de venir parce qu\u2019on trouvait \u00e7a trop cher. Mais l\u00e0, avec ces soldes, on est l\u00e0.\u2009\u00bb<\/p>\n<p class=\" wall-content\">Pour cet infirmier et cette vendeuse, <strong>la fermeture de ces grands magasins est \u00ab\u2009coh\u00e9rente<\/strong> avec les moyens que l\u2019on a actuellement \u00e0 Marseille\u2009\u00bb.<\/p>\n<blockquote class=\"ac-article-quote wall-content\">\n<p>Si [les Galeries Lafayette] ne sont pas rentables, c&rsquo;est que ce n&rsquo;est pas accessible. Donc il faut changer et adapter.<\/p>\n<p>    <strong>Lucas<\/strong><br \/>\n        Un client    <\/p><\/blockquote>\n<p>\u00ab\u2009Qu\u2019est-ce qu\u2019on va nous mettre \u00e0 la place\u2009?\u2009\u00bb<\/p>\n<p class=\" wall-content\">En d\u00e9but d\u2019apr\u00e8s midi, suite \u00e0 de <strong>nombreux d\u00e9bordements,<\/strong> la direction a d\u00e9cid\u00e9 de fermer les acc\u00e8s.<\/p>\n<p>    <img   decoding=\"async\" loading=\"lazy\" src=\"https:\/\/www.europesays.com\/fr\/wp-content\/uploads\/2025\/10\/img-1253-960x640.jpeg\" alt=\"Les acc\u00e8s au magasin Galeries Lafayette du centre bourse sont ferm\u00e9s depuis le d\u00e9but de l\u2019apr\u00e8s-midi.\" width=\"960\" height=\"640\"\/><br \/>\n    Les acc\u00e8s au magasin Galeries Lafayette du centre bourse sont ferm\u00e9s depuis le d\u00e9but de l\u2019apr\u00e8s-midi. (\u00a9Fabien Binacchi \/ actu Marseille)<\/p>\n<p class=\" wall-content\">\u00c0 l\u2019ext\u00e9rieur, \u00c9milienne, 78\u00a0ans, regarde ce qui se passe avec une certaine impuissance. \u00ab\u2009C\u2019est de la folie.\u2009J\u2019ai travaill\u00e9 l\u00e0, il y a longtemps. <strong>C\u2019est une institution. C\u2019est terrible que ces trucs-l\u00e0 ferment.<\/strong> Et surtout, qu\u2019est-ce qu\u2019on va nous mettre \u00e0 la place\u2009?\u2009\u00bb<\/p>\n<p class=\" wall-content\">Au centre Bourse, un virage discount se dessine depuis de longs mois d\u00e9j\u00e0. Apr\u00e8s Lidl et Normal, c\u2019est <strong>Action<\/strong> qui annonce son arriv\u00e9e dans les prochaines semaines. L\u2019enseigne s\u2019installe juste en face des <strong>39300 m2<\/strong> que les Galeries Lafayette s\u2019appr\u00eatent \u00e0 d\u00e9serter.<\/p>\n<p class=\" wall-content\">Personnalisez votre actualit\u00e9 en ajoutant vos villes et m\u00e9dias en favori avec <a href=\"https:\/\/moncompte.actu.fr\" title=\"D\u00e9couvez Mon Actu\" rel=\"nofollow noopener\" data-trk=\"{&quot;cta&quot;:{&quot;action&quot;:&quot;https:\\\/\\\/moncompte.actu.fr&quot;,&quot;category&quot;:&quot;mon compte&quot;,&quot;from&quot;:&quot;article footer&quot;,&quot;name&quot;:&quot;Mon actu&quot;,&quot;type&quot;:&quot;cta&quot;}}\" target=\"_blank\">Mon Actu<\/a>.<\/p>\n","protected":false},"excerpt":{"rendered":"Par Fabien Binacchi Publi\u00e9 le 15 oct. 2025 \u00e0 14h43 Des sc\u00e8nes de chaos. Ce mercredi 15\u00a0octobre, le&hellip;\n","protected":false},"author":2,"featured_media":464950,"comment_status":"","ping_status":"","sticky":false,"template":"","format":"standard","meta":{"footnotes":""},"categories":[2814],"tags":[1111,11,215,1777,674,1011,27,4238,884,12,882,25,104],"class_list":{"0":"post-464949","1":"post","2":"type-post","3":"status-publish","4":"format-standard","5":"has-post-thumbnail","7":"category-marseille","8":"tag-actu","9":"tag-actualites","10":"tag-commerce","11":"tag-eu","12":"tag-europe","13":"tag-fr","14":"tag-france","15":"tag-galeries-lafayette","16":"tag-marseille","17":"tag-news","18":"tag-provence-alpes-cote-dazur","19":"tag-republique-francaise","20":"tag-societe"},"share_on_mastodon":{"url":"https:\/\/pubeurope.com\/@fr\/115378332188502132","error":""},"_links":{"self":[{"href":"https:\/\/www.europesays.com\/fr\/wp-json\/wp\/v2\/posts\/464949","targetHints":{"allow":["GET"]}}],"collection":[{"href":"https:\/\/www.europesays.com\/fr\/wp-json\/wp\/v2\/posts"}],"about":[{"href":"https:\/\/www.europesays.com\/fr\/wp-json\/wp\/v2\/types\/post"}],"author":[{"embeddable":true,"href":"https:\/\/www.europesays.com\/fr\/wp-json\/wp\/v2\/users\/2"}],"replies":[{"embeddable":true,"href":"https:\/\/www.europesays.com\/fr\/wp-json\/wp\/v2\/comments?post=464949"}],"version-history":[{"count":0,"href":"https:\/\/www.europesays.com\/fr\/wp-json\/wp\/v2\/posts\/464949\/revisions"}],"wp:featuredmedia":[{"embeddable":true,"href":"https:\/\/www.europesays.com\/fr\/wp-json\/wp\/v2\/media\/464950"}],"wp:attachment":[{"href":"https:\/\/www.europesays.com\/fr\/wp-json\/wp\/v2\/media?parent=464949"}],"wp:term":[{"taxonomy":"category","embeddable":true,"href":"https:\/\/www.europesays.com\/fr\/wp-json\/wp\/v2\/categories?post=464949"},{"taxonomy":"post_tag","embeddable":true,"href":"https:\/\/www.europesays.com\/fr\/wp-json\/wp\/v2\/tags?post=464949"}],"curies":[{"name":"wp","href":"https:\/\/api.w.org\/{rel}","templated":true}]}}