{"id":464953,"date":"2025-10-15T13:07:16","date_gmt":"2025-10-15T13:07:16","guid":{"rendered":"https:\/\/www.europesays.com\/fr\/464953\/"},"modified":"2025-10-15T13:07:16","modified_gmt":"2025-10-15T13:07:16","slug":"transports-des-perturbations-sur-la-ligne-sncf-dijon","status":"publish","type":"post","link":"https:\/\/www.europesays.com\/fr\/464953\/","title":{"rendered":"Transports. Des perturbations sur la ligne SNCF Dijon"},"content":{"rendered":"<p>Dans un communiqu\u00e9 de presse, la SNCF annonce que la circulation ferroviaire sera interrompue sur la ligne Dijon &#8211; Lyon ce week-end,\u00a0de samedi 18 octobre \u00e0 14 heures \u00e0 dimanche 19 octobre \u00e0 13 h 30. En cause \u00a0: des travaux pr\u00e9vues sur l&rsquo;itin\u00e9raire.<\/p>\n<p>Un dispositif sp\u00e9cial sera mis en place pour les voyageurs pendant la dur\u00e9e de cette interruption.<\/p>\n<ul>\n<li>Des trains Mobigo circuleront sur le trajet <strong>Dijon  Chagny<\/strong>.<\/li>\n<li>Un service de substitution par autocars sera propos\u00e9 sur les parcours <strong>Chagny  Chalon-sur-Sa\u00f4ne  M\u00e2con<\/strong> et <strong>M\u00e2con  Lyon\u00a0<\/strong>en connexion avec les trains Mobigo.<\/li>\n<li>Des trains Mobigo assureront la liaison directe entre <strong>Dijon et Lyon<\/strong>, via la ligne de la Bresse.<\/li>\n<\/ul>\n<p>\u00a0<\/p>\n<p class=\"note\"><strong>Contact<\/strong> Les personnes pr\u00e9voyant de voyager ce week-end sont invit\u00e9es \u00e0 v\u00e9rifier les horaires des trains avant leur d\u00e9part, sur le site viamobigo.fr sur le site TER Bourgogne-Franche-Comt\u00e9, sur l&rsquo;appli Mobigo ou par t\u00e9l\u00e9phone au 03 80 11 29 29.<\/p>\n","protected":false},"excerpt":{"rendered":"Dans un communiqu\u00e9 de presse, la SNCF annonce que la circulation ferroviaire sera interrompue sur la ligne Dijon&hellip;\n","protected":false},"author":2,"featured_media":464954,"comment_status":"","ping_status":"","sticky":false,"template":"","format":"standard","meta":{"footnotes":""},"categories":[1889],"tags":[1111,11,2430,2931,2930,33,8588,1777,674,107,1011,27,2428,12,25,2803],"class_list":{"0":"post-464953","1":"post","2":"type-post","3":"status-publish","4":"format-standard","5":"has-post-thumbnail","7":"category-lyon","8":"tag-actu","9":"tag-actualites","10":"tag-auvergne-rhone-alpes","11":"tag-cote-dor","12":"tag-dijon","13":"tag-economie","14":"tag-edition-dijon-et-son-agglomeration","15":"tag-eu","16":"tag-europe","17":"tag-fil-info","18":"tag-fr","19":"tag-france","20":"tag-lyon","21":"tag-news","22":"tag-republique-francaise","23":"tag-transport"},"share_on_mastodon":{"url":"https:\/\/pubeurope.com\/@fr\/115378339377962997","error":""},"_links":{"self":[{"href":"https:\/\/www.europesays.com\/fr\/wp-json\/wp\/v2\/posts\/464953","targetHints":{"allow":["GET"]}}],"collection":[{"href":"https:\/\/www.europesays.com\/fr\/wp-json\/wp\/v2\/posts"}],"about":[{"href":"https:\/\/www.europesays.com\/fr\/wp-json\/wp\/v2\/types\/post"}],"author":[{"embeddable":true,"href":"https:\/\/www.europesays.com\/fr\/wp-json\/wp\/v2\/users\/2"}],"replies":[{"embeddable":true,"href":"https:\/\/www.europesays.com\/fr\/wp-json\/wp\/v2\/comments?post=464953"}],"version-history":[{"count":0,"href":"https:\/\/www.europesays.com\/fr\/wp-json\/wp\/v2\/posts\/464953\/revisions"}],"wp:featuredmedia":[{"embeddable":true,"href":"https:\/\/www.europesays.com\/fr\/wp-json\/wp\/v2\/media\/464954"}],"wp:attachment":[{"href":"https:\/\/www.europesays.com\/fr\/wp-json\/wp\/v2\/media?parent=464953"}],"wp:term":[{"taxonomy":"category","embeddable":true,"href":"https:\/\/www.europesays.com\/fr\/wp-json\/wp\/v2\/categories?post=464953"},{"taxonomy":"post_tag","embeddable":true,"href":"https:\/\/www.europesays.com\/fr\/wp-json\/wp\/v2\/tags?post=464953"}],"curies":[{"name":"wp","href":"https:\/\/api.w.org\/{rel}","templated":true}]}}