{"id":464959,"date":"2025-10-15T13:11:11","date_gmt":"2025-10-15T13:11:11","guid":{"rendered":"https:\/\/www.europesays.com\/fr\/464959\/"},"modified":"2025-10-15T13:11:11","modified_gmt":"2025-10-15T13:11:11","slug":"art-basel-paris-2025-5-oeuvres-dart-spectaculaires-a-voir-gratuitement-pendant-la-foire-dart-contemporain","status":"publish","type":"post","link":"https:\/\/www.europesays.com\/fr\/464959\/","title":{"rendered":"Art Basel Paris 2025 : 5 \u0153uvres d&rsquo;art spectaculaires \u00e0 voir gratuitement pendant la foire d&rsquo;art contemporain"},"content":{"rendered":"<p>Que peut-on attendre du retour d&rsquo;Art Basel Paris 2025 ? Beaucoup de choses, \u00e0 vrai dire. Sa prochaine \u00e9dition aura lieu du 24 au 26 octobre, au c\u0153ur du <a href=\"https:\/\/www.vogue.fr\/article\/grand-palais-reouverture-2025-jeux-olympiques\" rel=\"nofollow noopener\" target=\"_blank\">Grand Palais<\/a>. Mais la foire a pour habitude de s&rsquo;\u00e9taler bien au-del\u00e0 de l&rsquo;enceinte du mus\u00e9e, pour vibrer au rythme de la vie culturelle parisienne, le temps d&rsquo;un <a href=\"https:\/\/www.vogue.fr\/dossier\/week-end\" isautogenerated=\"true\" rel=\"nofollow noopener\" target=\"_blank\">week-end<\/a>. Comprenez plut\u00f4t : \u00e0 chaque \u00e9dition, son lot d&rsquo;\u0153uvres spectaculaires install\u00e9es dans certains lieux embl\u00e9matiques de la capitale, \u00e0 voir gratuitement. Des objets d&rsquo;art \u00e9rig\u00e9s au statut de v\u00e9ritables monuments urbains, s\u00e9lectionn\u00e9s avec une exigence rare, mettant en lumi\u00e8re les plus grands noms de l&rsquo;<a href=\"https:\/\/www.vogue.fr\/dossier\/art-contemporain\" isautogenerated=\"true\" rel=\"nofollow noopener\" target=\"_blank\">art contemporain<\/a>. Vogue a rep\u00e9r\u00e9 cinq \u0153uvres incontournables \u00e0 d\u00e9couvrir en priorit\u00e9.<\/p>\n<p>Fabienne Verdier \u00e0 la Cit\u00e9 de l\u2019architecture et du patrimoine<\/p>\n<p>\u201cTout quitter du jour au lendemain pour aller chercher, seule, au fin fond de la Chine communiste, les secrets oubli\u00e9s de l\u2019art antique chinois, \u00e9tait-ce bien raisonnable ?\u201d interroge la peintresse fran\u00e7aise <strong>Fabienne Verdier<\/strong> (n\u00e9e en 1962 \u00e0 Paris) dans son autobiographie Passag\u00e8re du silence (Albin Michel, 2003). \u00c0 l&rsquo;aube des ann\u00e9es 1980, celle qui est alors encore une jeune \u00e9tudiante des Beaux-Arts se trouve comme \u201caimant\u00e9e par le d\u00e9sir d\u2019apprendre cet art pictural et calligraphique d\u00e9vast\u00e9 par la R\u00e9volution culturelle\u201d. Elle y reste 10 ans, \u00e0 travailler avec les derniers grands peintres chinois qui lui transmettent leur art d&rsquo;une <a href=\"https:\/\/www.vogue.fr\/dossier\/peinture\" isautogenerated=\"true\" rel=\"nofollow noopener\" target=\"_blank\">peinture<\/a> spontan\u00e9e, ainsi que leurs th\u00e9ories esth\u00e9tiques. De retour en <a href=\"https:\/\/www.vogue.fr\/dossier\/france\" isautogenerated=\"true\" rel=\"nofollow noopener\" target=\"_blank\">France<\/a>, celle-ci devient l&rsquo;un des grands noms de la peinture abstraite contemporaine, admir\u00e9e, notamment, pour sa capacit\u00e9 \u00e0 r\u00e9inventer la technique en utilisant des outils qu&rsquo;elle met elle-m\u00eame au point, \u00e0 l&rsquo;instar de ses pinceaux g\u00e9ants, tenus \u00e0 la verticale sur les toiles pos\u00e9es \u00e0 terre. De quoi rappeler un certain <strong>Jackson Pollock<\/strong>, avec un r\u00e9sultat, n\u00e9anmoins, tout \u00e0 fait diff\u00e9rent\u2026<\/p>\n<p>\u00c0 la Cit\u00e9 de l&rsquo;<a href=\"https:\/\/www.vogue.fr\/dossier\/architecture\" isautogenerated=\"true\" rel=\"nofollow noopener\" target=\"_blank\">architecture<\/a> et du <a href=\"https:\/\/www.vogue.fr\/dossier\/patrimoine\" isautogenerated=\"true\" rel=\"nofollow noopener\" target=\"_blank\">patrimoine<\/a>, ce sont 40 peintures abstraites grand format de <strong>Fabienne Verdier<\/strong> que le public peut d\u00e9couvrir, \u00e0 partir du 22 octobre 2025 et jusqu&rsquo;au 16 f\u00e9vrier 2026, sous le commissariat de l&rsquo;historien de l&rsquo;art <strong>Matthieu Poirier<\/strong>. Intitul\u00e9e Mute, cette <a href=\"https:\/\/www.vogue.fr\/dossier\/serie\" isautogenerated=\"true\" rel=\"nofollow noopener\" target=\"_blank\">s\u00e9rie<\/a> appelle au silence, cher \u00e0 la peintresse, presque autant que les notions de calme, de transformation et de flux. L&rsquo;exposition, pr\u00e9sent\u00e9e conjointement par les galeries Lelong (Paris, <a href=\"https:\/\/www.vogue.fr\/dossier\/new-york\" isautogenerated=\"true\" rel=\"nofollow noopener\" target=\"_blank\">New York<\/a>) et Waddington Custot (<a href=\"https:\/\/www.vogue.fr\/dossier\/londres\" isautogenerated=\"true\" rel=\"nofollow noopener\" target=\"_blank\">Londres<\/a>, Duba\u00ef, Paris), se d\u00e9voile dans un parcours labyrinthique, en dialogue avec les volumes du mus\u00e9e et ses collections m\u00e9di\u00e9vales.<\/p>\n","protected":false},"excerpt":{"rendered":"Que peut-on attendre du retour d&rsquo;Art Basel Paris 2025 ? Beaucoup de choses, \u00e0 vrai dire. Sa prochaine&hellip;\n","protected":false},"author":2,"featured_media":464960,"comment_status":"","ping_status":"","sticky":false,"template":"","format":"standard","meta":{"footnotes":""},"categories":[1888],"tags":[1111,1928,11,1927,3734,1777,674,1349,1011,27,12,1926,626,1925,25],"class_list":{"0":"post-464959","1":"post","2":"type-post","3":"status-publish","4":"format-standard","5":"has-post-thumbnail","7":"category-paris","8":"tag-actu","9":"tag-actu-paris","10":"tag-actualites","11":"tag-actualites-paris","12":"tag-art","13":"tag-eu","14":"tag-europe","15":"tag-expositions","16":"tag-fr","17":"tag-france","18":"tag-news","19":"tag-news-paris","20":"tag-paris","21":"tag-paris-news","22":"tag-republique-francaise"},"share_on_mastodon":{"url":"https:\/\/pubeurope.com\/@fr\/115378355066766499","error":""},"_links":{"self":[{"href":"https:\/\/www.europesays.com\/fr\/wp-json\/wp\/v2\/posts\/464959","targetHints":{"allow":["GET"]}}],"collection":[{"href":"https:\/\/www.europesays.com\/fr\/wp-json\/wp\/v2\/posts"}],"about":[{"href":"https:\/\/www.europesays.com\/fr\/wp-json\/wp\/v2\/types\/post"}],"author":[{"embeddable":true,"href":"https:\/\/www.europesays.com\/fr\/wp-json\/wp\/v2\/users\/2"}],"replies":[{"embeddable":true,"href":"https:\/\/www.europesays.com\/fr\/wp-json\/wp\/v2\/comments?post=464959"}],"version-history":[{"count":0,"href":"https:\/\/www.europesays.com\/fr\/wp-json\/wp\/v2\/posts\/464959\/revisions"}],"wp:featuredmedia":[{"embeddable":true,"href":"https:\/\/www.europesays.com\/fr\/wp-json\/wp\/v2\/media\/464960"}],"wp:attachment":[{"href":"https:\/\/www.europesays.com\/fr\/wp-json\/wp\/v2\/media?parent=464959"}],"wp:term":[{"taxonomy":"category","embeddable":true,"href":"https:\/\/www.europesays.com\/fr\/wp-json\/wp\/v2\/categories?post=464959"},{"taxonomy":"post_tag","embeddable":true,"href":"https:\/\/www.europesays.com\/fr\/wp-json\/wp\/v2\/tags?post=464959"}],"curies":[{"name":"wp","href":"https:\/\/api.w.org\/{rel}","templated":true}]}}