{"id":464972,"date":"2025-10-15T13:18:12","date_gmt":"2025-10-15T13:18:12","guid":{"rendered":"https:\/\/www.europesays.com\/fr\/464972\/"},"modified":"2025-10-15T13:18:12","modified_gmt":"2025-10-15T13:18:12","slug":"un-couac-sur-le-service-militaire-place-le-ministre-de-la-defense-dans-lembarras","status":"publish","type":"post","link":"https:\/\/www.europesays.com\/fr\/464972\/","title":{"rendered":"un couac sur le service militaire place le ministre de la D\u00e9fense dans l\u2019embarras"},"content":{"rendered":"<p>\n    \u00abEn trente ans de Bundestag, je n\u2019ai jamais vu un ministre torpiller de front une proc\u00e9dure l\u00e9gislative importante relevant de son propre domaine de responsabilit\u00e9 et plonger son propre groupe parlementaire dans le chaos\u00bb, a affirm\u00e9 le vice-pr\u00e9sident du groupe parlementaire des conservateurs.<\/p>\n<p class=\"fig-paragraph\">Le ministre allemand de la D\u00e9fense a \u00e9cart\u00e9 mercredi 15 octobre les accusations selon lesquelles il aurait emp\u00each\u00e9 un accord au sein de la coalition gouvernementale concernant la r\u00e9forme du service militaire, un projet cl\u00e9 de Berlin face \u00e0 la mont\u00e9e de la menace russe.\u00a0<a href=\"https:\/\/www.lefigaro.fr\/tag\/boris-pistorius\" target=\"_blank\" rel=\"sponsored noopener\" data-gtm-custom-categorie=\"navigation\" data-gtm-custom-action=\"crossclick\" data-gtm-custom-label=\"Contextuel\" data-gtm-event=\"customEventSPE\">Boris Pistorius<\/a>\u00a0s&rsquo;en est pris aussi aux responsables conservateurs de la coalition, qui r\u00e9clament l&rsquo;abattage de drones survolant des sites sensibles.<\/p>\n<p class=\"fig-paragraph\">Qualifiant de \u00abpourri\u00bb le compromis sur le service militaire, le ministre social-d\u00e9mocrate a affirm\u00e9 que la dispute provoqu\u00e9e par son refus de valider l&rsquo;accord entre les d\u00e9put\u00e9s sociaux-d\u00e9mocrates et conservateurs \u00ab\u00e9tait bien moins dramatique que ce que l&rsquo;on dit\u00bb. Il a maintenu l&rsquo;objectif d&rsquo;une entr\u00e9e en vigueur au 1er janvier d&rsquo;une loi sur le sujet et qui doit aider \u00e0 porter le nombre de soldats dans la Bundeswehr de 182.000 \u00e0 au moins 260.000.<\/p>\n<p>                                    <a class=\"fig-a11y-skip a11y-hidden\" href=\"#fig-a11y-skip-main-inarticle\"><br \/>\n        Passer la publicit\u00e9<br \/>\n    <\/a><\/p>\n<p class=\"fig-paragraph\">Les conservateurs du chancelier\u00a0<a href=\"https:\/\/www.lefigaro.fr\/tag\/friedrich-merz\" target=\"_blank\" rel=\"sponsored noopener\" data-gtm-custom-categorie=\"navigation\" data-gtm-custom-action=\"crossclick\" data-gtm-custom-label=\"Contextuel\" data-gtm-event=\"customEventSPE\">Friedrich Merz<\/a>\u00a0\u00e9taient particuli\u00e8rement remont\u00e9s contre le ministre apr\u00e8s son rejet mardi du compromis. \u00abEn trente ans de Bundestag, je n&rsquo;ai jamais vu un ministre torpiller de front une proc\u00e9dure l\u00e9gislative importante relevant de son propre domaine de responsabilit\u00e9 et plonger son propre groupe parlementaire dans le chaos\u00bb, a affirm\u00e9 Norbert R\u00f6ttgen, vice-pr\u00e9sident du groupe parlementaire des conservateurs au quotidien S\u00fcddeutsche Zeitung.<\/p>\n<p>Doter l\u2019Allemagne de \u00abl\u2019arm\u00e9e conventionnelle la plus puissante d\u2019Europe\u00bb<\/p>\n<p class=\"fig-paragraph\">Dans le collimateur de Boris Pistorius: l&rsquo;option d&rsquo;un tirage au sort pour regarnir les rangs de l&rsquo;arm\u00e9e si la progression des effectifs n&rsquo;atteignait pas les objectifs fix\u00e9s. Ce dernier veut \u00e9toffer les effectifs de la Bundeswehr en misant sur le volontariat. Mais l&rsquo;arm\u00e9e peine \u00e0 recruter, alors que le chancelier Merz veut doter l&rsquo;Allemagne de \u00abl&rsquo;arm\u00e9e conventionnelle la plus puissante d&rsquo;Europe\u00bb. Cela dans un contexte de menace russe croissante et de repli am\u00e9ricain du continent europ\u00e9en.<\/p>\n<p class=\"fig-paragraph\">Ce couac s&rsquo;ajoute aux prises de bec sur un autre sujet tout aussi br\u00fblant: l&rsquo;abattage de drones suspects survolant des sites sensibles, apr\u00e8s la multiplication d&rsquo;incidents de ce type en Europe.<\/p>\n<p class=\"fig-paragraph\">Le ministre de l&rsquo;Int\u00e9rieur, le conservateur bavarois, Alexander Dobrindt, veut que l&rsquo;arm\u00e9e soit davantage impliqu\u00e9e, notamment dans la protection des a\u00e9roports, pour le moment du ressort de la police f\u00e9d\u00e9rale. Boris Pistorius s&rsquo;y est oppos\u00e9, arguant de difficult\u00e9s de mise en \u0153uvre: \u00abParlons d&rsquo;abord des r\u00e9alit\u00e9s\u00bb, a-t-il l\u00e2ch\u00e9. Il s&rsquo;en est \u00e9galement pris au dirigeant conservateur de la Bavi\u00e8re Markus S\u00f6der qui r\u00e9clame d&rsquo;abattre ces drones. \u00abCe qui nous aide le moins, c&rsquo;est la rh\u00e9torique du pistolero\u00bb, a-t-il comment\u00e9 aupr\u00e8s du portail The Pioneer.<\/p>\n","protected":false},"excerpt":{"rendered":"\u00abEn trente ans de Bundestag, je n\u2019ai jamais vu un ministre torpiller de front une proc\u00e9dure l\u00e9gislative importante&hellip;\n","protected":false},"author":2,"featured_media":464973,"comment_status":"","ping_status":"","sticky":false,"template":"","format":"standard","meta":{"footnotes":""},"categories":[1587],"tags":[11,672,1804,1805,554,1803,1777,674,1801,12,1802],"class_list":{"0":"post-464972","1":"post","2":"type-post","3":"status-publish","4":"format-standard","5":"has-post-thumbnail","7":"category-allemagne","8":"tag-actualites","9":"tag-allemagne","10":"tag-bundesrepublik-deutschland","11":"tag-de","12":"tag-defense","13":"tag-deutschland","14":"tag-eu","15":"tag-europe","16":"tag-germany","17":"tag-news","18":"tag-republique-federale-dallemagne"},"share_on_mastodon":{"url":"https:\/\/pubeurope.com\/@fr\/115378382722210292","error":""},"_links":{"self":[{"href":"https:\/\/www.europesays.com\/fr\/wp-json\/wp\/v2\/posts\/464972","targetHints":{"allow":["GET"]}}],"collection":[{"href":"https:\/\/www.europesays.com\/fr\/wp-json\/wp\/v2\/posts"}],"about":[{"href":"https:\/\/www.europesays.com\/fr\/wp-json\/wp\/v2\/types\/post"}],"author":[{"embeddable":true,"href":"https:\/\/www.europesays.com\/fr\/wp-json\/wp\/v2\/users\/2"}],"replies":[{"embeddable":true,"href":"https:\/\/www.europesays.com\/fr\/wp-json\/wp\/v2\/comments?post=464972"}],"version-history":[{"count":0,"href":"https:\/\/www.europesays.com\/fr\/wp-json\/wp\/v2\/posts\/464972\/revisions"}],"wp:featuredmedia":[{"embeddable":true,"href":"https:\/\/www.europesays.com\/fr\/wp-json\/wp\/v2\/media\/464973"}],"wp:attachment":[{"href":"https:\/\/www.europesays.com\/fr\/wp-json\/wp\/v2\/media?parent=464972"}],"wp:term":[{"taxonomy":"category","embeddable":true,"href":"https:\/\/www.europesays.com\/fr\/wp-json\/wp\/v2\/categories?post=464972"},{"taxonomy":"post_tag","embeddable":true,"href":"https:\/\/www.europesays.com\/fr\/wp-json\/wp\/v2\/tags?post=464972"}],"curies":[{"name":"wp","href":"https:\/\/api.w.org\/{rel}","templated":true}]}}