{"id":464988,"date":"2025-10-15T13:29:18","date_gmt":"2025-10-15T13:29:18","guid":{"rendered":"https:\/\/www.europesays.com\/fr\/464988\/"},"modified":"2025-10-15T13:29:18","modified_gmt":"2025-10-15T13:29:18","slug":"motogp-pecco-bagnaia-je-nai-jamais-doute-de-ducati-et-ma-carriere-a-commence-et-elle-se-terminera-chez-ducati","status":"publish","type":"post","link":"https:\/\/www.europesays.com\/fr\/464988\/","title":{"rendered":"MotoGP, Pecco Bagnaia : \u00ab\u00a0je n&rsquo;ai jamais dout\u00e9 de Ducati et ma carri\u00e8re a commenc\u00e9 et elle se terminera chez Ducati\u00a0\u00bb"},"content":{"rendered":"<p><strong>Deux fois champion du monde, mais presque invisible en<br \/>\n2025. Le pilote italien Pecco Bagnaia traverse l\u2019une des saisons<br \/>\nles plus troublantes de sa carri\u00e8re MotoGP. Entre doutes<br \/>\ntechniques, performances en dents de scie et la domination absolue<br \/>\nde son co\u00e9quipier Marc Marquez, le pilote Ducati d\u2019usine avoue<br \/>\nenfin ce que beaucoup ressentaient : il n\u2019\u00e9tait plus<br \/>\nlui-m\u00eame.<\/strong><\/p>\n<p>Apr\u00e8s 18 Grands Prix, seulement deux victoires pour<br \/>\n<strong>Bagnaia<\/strong>. Un chiffre qui ferait saliver bien des<br \/>\npilotes, mais qui sonne comme un \u00e9chec cuisant pour le double<br \/>\nchampion <a href=\"https:\/\/www.motogp.com\/en\" rel=\"nofollow noopener\" target=\"_blank\">MotoGP<\/a>. \u00c0<br \/>\nl\u2019oppos\u00e9, <strong>Marc Marquez<\/strong>, sur la m\u00eame machine, a<br \/>\nempil\u00e9 11 victoires dominicales et 14 sprints, s\u2019envolant vers le<br \/>\ntitre.<\/p>\n<p>\u00ab <strong>Je ne me reconnaissais pas \u2013 je crois que personne<br \/>\nne me reconnaissait<\/strong>. Et certains ont commenc\u00e9 \u00e0<br \/>\ndouter de mon potentiel. \u00bb<\/p>\n<p>Ce n\u2019est qu\u2019au Japon que <strong>Bagnaia<\/strong> a retrouv\u00e9 un<br \/>\nsemblant de confiance, en revenant aux pi\u00e8ces GP24 (notamment le<br \/>\nsyst\u00e8me de correction d\u2019assiette), r\u00e9ussissant \u00e0 triompher\u2026 avant<br \/>\nde retomber dans l\u2019ombre en Indon\u00e9sie, \u00e0 pr\u00e8s de 30 secondes du<br \/>\nvainqueur lors du sprint, puis victime d\u2019une chute pendant le Grand<br \/>\nPrix.<\/p>\n<p><img decoding=\"async\" class=\"aligncenter\" src=\"https:\/\/www.europesays.com\/fr\/wp-content\/uploads\/2025\/10\/bagnaia-gp.jpg\"\/><\/p>\n<p><strong>Une introspection rare de<br \/>\nPecco Bagnaia : technique ou psychologique ?<\/strong><\/p>\n<p><strong>Bagnaia<\/strong> reconna\u00eet que l\u2019adaptation au mod\u00e8le<br \/>\nGP25 a \u00e9t\u00e9 une impasse : \u00ab ce n\u2019\u00e9tait pas s\u2019adapter \u00e0 cette<br \/>\nmoto mais changer de moto. <strong>Mon \u00e9quipe travaillait<br \/>\nbeaucoup, les ing\u00e9nieurs travaillaient beaucoup pour essayer de<br \/>\ns\u2019adapter et de me permettre de m\u2019adapter \u00e0 la moto. Ils n\u2019ont<br \/>\njamais arr\u00eat\u00e9 de travailler<\/strong>.\u00bb<\/p>\n<p>Son style fluide et pr\u00e9cis, qui faisait merveille les saisons<br \/>\npr\u00e9c\u00e9dentes, semble incompatible avec les exigences plus physiques<br \/>\net agressives du nouveau package technique. Malgr\u00e9 les efforts<br \/>\nconjoints de son \u00e9quipe et des ing\u00e9nieurs, le lien entre l\u2019homme et<br \/>\nla machine s\u2019est rompu.<\/p>\n<p>Malgr\u00e9 les tensions rapport\u00e9es dans le paddock,<br \/>\n<strong>Bagnaia<\/strong> coupe court aux rumeurs de divorce : \u00ab<br \/>\nje n\u2019ai jamais dout\u00e9 de Ducati. Je pense que ma carri\u00e8re a<br \/>\ncommenc\u00e9 et se terminera chez Ducati. \u00bb<\/p>\n<p>Cette d\u00e9claration sonne comme un serment d\u2019all\u00e9geance\u2026 ou une<br \/>\nmani\u00e8re de rassurer \u00e0 l\u2019approche des tractations pour 2026. Car le<br \/>\ncontraste avec <a href=\"https:\/\/www.paddock-gp.com\/motogp-operation-de-marc-marquez-linquietude-monte-autour-du-simple-accident-annonce\/\" rel=\"nofollow noopener\" target=\"_blank\"><br \/>\n<strong>Marquez<\/strong><\/a> \u2013 nouveau roi chez<br \/>\n<strong>Ducati<\/strong> \u2013 soul\u00e8ve des interrogations sur le statut<br \/>\nde <strong>Bagnaia<\/strong> au sein de l\u2019\u00e9quipe, et son r\u00f4le<br \/>\nfutur.<\/p>\n<p>\u00ab <strong>Il est trop t\u00f4t pour penser \u00e0 l\u2019ann\u00e9e<br \/>\nprochaine<\/strong>. Si je suis en forme avec ma moto, je<br \/>\npeux me battre. \u00bb<\/p>\n<p><strong>Bagnaia<\/strong> garde espoir. Mais la suite d\u00e9pendra de<br \/>\ndeux choses : retrouver un setup qui lui permet d\u2019exprimer son<br \/>\nstyle\u2026 et de l\u2019espace pour respirer, dans une \u00e9quipe d\u00e9sormais<br \/>\norbit\u00e9e par un certain #93.<\/p>\n<p>2025 a \u00e9t\u00e9 une saison miroir pour <strong>Pecco<\/strong>.<br \/>\nDifficile \u00e0 regarder, mais r\u00e9v\u00e9latrice. Il ne lui reste que<br \/>\nquelques Grands Prix pour sauver l\u2019essentiel : sa confiance, son<br \/>\nstatut, et un avenir qu\u2019il esp\u00e8re encore rouge <a href=\"https:\/\/www.paddock-gp.com\/motogp-indonesie-gigi-dalligna-ducati-parfois-il-faut-un-week-end-comme-celui-la-pour-se-rappeler-que-rien-nest-facile-que-tout-se-merite\/\" rel=\"nofollow noopener\" target=\"_blank\"><br \/>\n<strong>Ducati<\/strong><\/a>.<\/p>\n<p><img loading=\"lazy\" decoding=\"async\" class=\"aligncenter\" src=\"https:\/\/www.europesays.com\/fr\/wp-content\/uploads\/2025\/10\/gng_1269538_hires.jpg\" alt=\"Pecco Bagnaia, Ducati Corse, MotoGP indon\u00e9sien 2025\" width=\"1198\" height=\"674\"\/><\/p>\n<p>\u00a0<\/p>\n","protected":false},"excerpt":{"rendered":"Deux fois champion du monde, mais presque invisible en 2025. Le pilote italien Pecco Bagnaia traverse l\u2019une des&hellip;\n","protected":false},"author":2,"featured_media":464989,"comment_status":"","ping_status":"","sticky":false,"template":"","format":"standard","meta":{"footnotes":""},"categories":[1413],"tags":[1011,27,1457,1456,60],"class_list":{"0":"post-464988","1":"post","2":"type-post","3":"status-publish","4":"format-standard","5":"has-post-thumbnail","7":"category-moto","8":"tag-fr","9":"tag-france","10":"tag-moto","11":"tag-motocycle","12":"tag-sports"},"share_on_mastodon":{"url":"https:\/\/pubeurope.com\/@fr\/115378426750638767","error":""},"_links":{"self":[{"href":"https:\/\/www.europesays.com\/fr\/wp-json\/wp\/v2\/posts\/464988","targetHints":{"allow":["GET"]}}],"collection":[{"href":"https:\/\/www.europesays.com\/fr\/wp-json\/wp\/v2\/posts"}],"about":[{"href":"https:\/\/www.europesays.com\/fr\/wp-json\/wp\/v2\/types\/post"}],"author":[{"embeddable":true,"href":"https:\/\/www.europesays.com\/fr\/wp-json\/wp\/v2\/users\/2"}],"replies":[{"embeddable":true,"href":"https:\/\/www.europesays.com\/fr\/wp-json\/wp\/v2\/comments?post=464988"}],"version-history":[{"count":0,"href":"https:\/\/www.europesays.com\/fr\/wp-json\/wp\/v2\/posts\/464988\/revisions"}],"wp:featuredmedia":[{"embeddable":true,"href":"https:\/\/www.europesays.com\/fr\/wp-json\/wp\/v2\/media\/464989"}],"wp:attachment":[{"href":"https:\/\/www.europesays.com\/fr\/wp-json\/wp\/v2\/media?parent=464988"}],"wp:term":[{"taxonomy":"category","embeddable":true,"href":"https:\/\/www.europesays.com\/fr\/wp-json\/wp\/v2\/categories?post=464988"},{"taxonomy":"post_tag","embeddable":true,"href":"https:\/\/www.europesays.com\/fr\/wp-json\/wp\/v2\/tags?post=464988"}],"curies":[{"name":"wp","href":"https:\/\/api.w.org\/{rel}","templated":true}]}}