{"id":464990,"date":"2025-10-15T13:30:16","date_gmt":"2025-10-15T13:30:16","guid":{"rendered":"https:\/\/www.europesays.com\/fr\/464990\/"},"modified":"2025-10-15T13:30:16","modified_gmt":"2025-10-15T13:30:16","slug":"russell-et-antonelli-prolongent-enfin-chez-mercedes","status":"publish","type":"post","link":"https:\/\/www.europesays.com\/fr\/464990\/","title":{"rendered":"Russell et Antonelli prolongent enfin chez Mercedes !"},"content":{"rendered":"<p>C&rsquo;est la fin d&rsquo;un suspense qui n&rsquo;en \u00e9tait plus un. <a href=\"https:\/\/fr.motorsport.com\/team\/mercedes\/611\/\" target=\"_blank\" rel=\"noopener\">Mercedes<\/a> a officialis\u00e9 ce mercredi la reconduction de ses pilotes pour la saison 2026. <a href=\"https:\/\/fr.motorsport.com\/driver\/george-russell\/96626\/\" target=\"_blank\" rel=\"noopener\">George Russell<\/a> et <a href=\"https:\/\/fr.motorsport.com\/driver\/kimi-antonelli\/947765\/\" target=\"_blank\" rel=\"noopener\">Kimi Antonelli<\/a> ont chacun prolong\u00e9 leur contrat avec l&rsquo;\u00e9curie de Brackley, ce qui ne faisait plus gu\u00e8re de doute alors que la grille 2026 est d\u00e9j\u00e0 tr\u00e8s largement constitu\u00e9e. La dur\u00e9e de leurs engagements respectifs n&rsquo;a pas \u00e9t\u00e9 pr\u00e9cis\u00e9e.\u00a0<\/p>\n<p>\u00ab\u00a0La confirmation de notre duo de pilotes n&rsquo;\u00e9tait qu&rsquo;une question de temps, pas d&rsquo;\u00e9ventualit\u00e9\u00a0\u00bb, rappelle Toto Wolff, directeur de Mercedes. \u00ab\u00a0Nous voulions prendre le temps n\u00e9cessaire, mener les n\u00e9gociations correctement et nous assurer que tout le monde, de chaque c\u00f4t\u00e9, soit satisfait. Je suis heureux que ce soit d\u00e9sormais chose faite.\u00a0\u00bb<\/p>\n<p>\u00ab\u00a0George et Kimi ont prouv\u00e9 qu&rsquo;ils formaient un duo solide et nous sommes impatients de poursuivre notre aventure ensemble. Notre objectif est d\u00e9sormais port\u00e9 sur les six derni\u00e8res courses de l&rsquo;ann\u00e9e, alors que nous luttons pour la deuxi\u00e8me place au championnat constructeurs, et sur 2026, qui marquera une nouvelle \u00e8re en F1.\u00a0\u00bb<\/p>\n<p>Vainqueur \u00e0 deux reprises cette saison (au Canada puis \u00e0 Singapour), George Russell r\u00e9alise une campagne 2025 particuli\u00e8rement solide. <a href=\"https:\/\/fr.motorsport.com\/f1\/standings\/2025\/\" target=\"_self\" rel=\"noopener\">Quatri\u00e8me du championnat<\/a>, il est mont\u00e9 huit fois sur le podium depuis le d\u00e9but de l&rsquo;ann\u00e9e et a \u00e9galement sign\u00e9 deux pole positions.\u00a0\u00c0 27 ans, le Britannique a d\u00e9montr\u00e9 que Mercedes pouvait compter sur lui pour \u00eatre son leader depuis le d\u00e9part de <a href=\"https:\/\/fr.motorsport.com\/driver\/lewis-hamilton\/76878\/\" target=\"_blank\" rel=\"noopener\">Lewis Hamilton<\/a> chez <a href=\"https:\/\/fr.motorsport.com\/team\/ferrari\/615\/\" target=\"_blank\" rel=\"noopener\">Ferrari<\/a>.\u00a0<\/p>\n<p>Le pilote comme son \u00e9quipe ont toujours assur\u00e9 que leur avenir serait commun, et la prolongation \u00e9tait attendue depuis plusieurs semaines, surtout apr\u00e8s la fin du feuilleton <a href=\"https:\/\/fr.motorsport.com\/driver\/max-verstappen\/93029\/\" target=\"_blank\" rel=\"noopener\">Max Verstappen<\/a>, qui restera chez <a href=\"https:\/\/fr.motorsport.com\/team\/red-bull\/553\/\" target=\"_blank\" rel=\"noopener\">Red Bull<\/a> au moins une ann\u00e9e suppl\u00e9mentaire. D\u00e8s lors, les deux parties ont pris le temps pour trouver un terrain d&rsquo;entente sur les termes de leur accord, l&rsquo;une et l&rsquo;autre se sachant en position de force.\u00a0<\/p>\n<p>\u00ab\u00a0Je suis vraiment fier de poursuivre notre parcours commun\u00a0\u00bb, assure George Russell. \u00ab\u00a0L&rsquo;ann\u00e9e prochaine marquera mes dix ans depuis ma signature avec Mercedes en 2017. Ce fut jusqu&rsquo;\u00e0 pr\u00e9sent un partenariat long et couronn\u00e9 de succ\u00e8s avec l&rsquo;\u00e9quipe, et j&rsquo;ai h\u00e2te de voir ce que l&rsquo;avenir nous r\u00e9serve, en particulier alors que nous nous appr\u00eatons \u00e0 vivre l&rsquo;un des plus grands changements de r\u00e9glementation de l&rsquo;histoire de la F1.\u00a0\u00bb<\/p>\n<p>   <img decoding=\"async\" draggable=\"false\" src=\"https:\/\/www.europesays.com\/fr\/wp-content\/uploads\/2025\/10\/1760535016_982_george-russell-mercedes-andrea.jpg\" alt=\"La collaboration entre Russell et Antonelli va se poursuivre.\" width=\"1200\" height=\"800\" loading=\"lazy\"\/> <\/p>\n<p class=\"title\">La collaboration entre Russell et Antonelli va se poursuivre.<\/p>\n<p class=\"photographer\">Photo de: Sam Bloxham \/ Motorsport Images via Getty Images<\/p>\n<p>Pour Kimi Antonelli, le doute autour de son avenir n&rsquo;\u00e9tait pas beaucoup plus grand. Certes, le jeune Italien r\u00e9alise une premi\u00e8re saison contrast\u00e9e, mais Mercedes connaissait le prix \u00e0 payer en lan\u00e7ant dans le grand bain plus t\u00f4t que pr\u00e9vu son prot\u00e9g\u00e9. Il reste, \u00e0 ce stade, l&rsquo;incarnation de l&rsquo;avenir, et aura tout loisir de d\u00e9montrer en 2026 s&rsquo;il a tir\u00e9 les le\u00e7ons d&rsquo;une premi\u00e8re ann\u00e9e jusqu&rsquo;\u00e0 pr\u00e9sent ponctu\u00e9e d&rsquo;un podium et d&rsquo;une pole position en sprint.\u00a0<\/p>\n<p>\u00ab\u00a0Je suis super enthousiaste \u00e0 l&rsquo;id\u00e9e de continuer avec l&rsquo;\u00e9quipe\u00a0\u00bb, se r\u00e9jouit-il. \u00ab\u00a0J&rsquo;ai tellement appris lors de ma premi\u00e8re saison en F1, aussi bien dans les bons moments que dans les plus difficiles. Tout cela m&rsquo;a rendu plus fort, non seulement en tant que pilote mais aussi en tant que co\u00e9quipier. Je tiens \u00e0 remercier Toto ainsi que toutes les personnes \u00e0 Brackley et Brixworth pour leur soutien continu et la confiance qu&rsquo;ils m&rsquo;accordent.\u00a0\u00bb<\/p>\n<p>\u00ab\u00a0Notre objectif est d\u00e9sormais de bien terminer cette ann\u00e9e et d&rsquo;assurer la deuxi\u00e8me place au championnat constructeurs, avant de tourner pleinement notre attention vers 2026. Il nous reste encore beaucoup \u00e0 accomplir lors de ces six derni\u00e8res courses, et nous allons tout donner.\u00a0\u00bb<\/p>\n<p>La prolongation des pilotes Mercedes signifie qu&rsquo;il n&rsquo;y a d\u00e9sormais plus sur la grille que quatre baquets vacants, l&rsquo;un chez <a href=\"https:\/\/fr.motorsport.com\/team\/alpine\/37490\/\" target=\"_blank\" rel=\"noopener\">Alpine<\/a> pour faire \u00e9quipe avec <a href=\"https:\/\/fr.motorsport.com\/driver\/pierre-gasly\/95098\/\" target=\"_blank\" rel=\"noopener\">Pierre Gasly<\/a>, et les trois autres dans le giron Red Bull. L&rsquo;enjeu est de savoir qui sera le co\u00e9quipier de Max Verstappen, <a href=\"https:\/\/fr.motorsport.com\/driver\/isack-hadjar\/876622\/\" target=\"_blank\" rel=\"noopener\">Isack Hadjar<\/a> \u00e9tant toujours en ballotage favorable, et qui sera alors plac\u00e9 chez <a href=\"https:\/\/fr.motorsport.com\/team\/racing-bulls-610\/610\/\" target=\"_blank\" rel=\"noopener\">Racing Bulls<\/a>, dans un contexte o\u00f9 l&rsquo;avenir de <a href=\"https:\/\/fr.motorsport.com\/driver\/yuki-tsunoda\/828578\/\" target=\"_blank\" rel=\"noopener\">Yuki Tsunoda<\/a> et <a href=\"https:\/\/fr.motorsport.com\/driver\/liam-lawson\/826061\/\" target=\"_blank\" rel=\"noopener\">Liam Lawson<\/a> devra \u00eatre tranch\u00e9.<\/p>\n<p>Lire aussi :<\/p>\n<p>            Votre avis nous int\u00e9resse !<\/p>\n<p class=\"mt-auto\">Qu&rsquo;aimeriez-vous voir sur Motorsport.com ?<\/p>\n<p>            <a href=\"#\" class=\"ms-link text-link font-bold\">R\u00e9pondez \u00e0 notre enqu\u00eate de 5 minutes.<\/a><\/p>\n<p class=\"mt-1 font-info text-body\">&#8211; L&rsquo;\u00e9quipe Motorsport.com<\/p>\n","protected":false},"excerpt":{"rendered":"C&rsquo;est la fin d&rsquo;un suspense qui n&rsquo;en \u00e9tait plus un. Mercedes a officialis\u00e9 ce mercredi la reconduction de&hellip;\n","protected":false},"author":2,"featured_media":464991,"comment_status":"","ping_status":"","sticky":false,"template":"","format":"standard","meta":{"footnotes":""},"categories":[1412],"tags":[1451,1452,1453,1454,1455,1011,27,9124,2237,4320,58889,60],"class_list":{"0":"post-464990","1":"post","2":"type-post","3":"status-publish","4":"format-standard","5":"has-post-thumbnail","7":"category-f1","8":"tag-f1","9":"tag-formula-1","10":"tag-formula1","11":"tag-formule-1","12":"tag-formule1","13":"tag-fr","14":"tag-france","15":"tag-george-russell","16":"tag-kimi-antonelli","17":"tag-mercedes","18":"tag-russell-et-antonelli-prolongent-enfin-chez-mercedes","19":"tag-sports"},"share_on_mastodon":{"url":"https:\/\/pubeurope.com\/@fr\/115378429928057855","error":""},"_links":{"self":[{"href":"https:\/\/www.europesays.com\/fr\/wp-json\/wp\/v2\/posts\/464990","targetHints":{"allow":["GET"]}}],"collection":[{"href":"https:\/\/www.europesays.com\/fr\/wp-json\/wp\/v2\/posts"}],"about":[{"href":"https:\/\/www.europesays.com\/fr\/wp-json\/wp\/v2\/types\/post"}],"author":[{"embeddable":true,"href":"https:\/\/www.europesays.com\/fr\/wp-json\/wp\/v2\/users\/2"}],"replies":[{"embeddable":true,"href":"https:\/\/www.europesays.com\/fr\/wp-json\/wp\/v2\/comments?post=464990"}],"version-history":[{"count":0,"href":"https:\/\/www.europesays.com\/fr\/wp-json\/wp\/v2\/posts\/464990\/revisions"}],"wp:featuredmedia":[{"embeddable":true,"href":"https:\/\/www.europesays.com\/fr\/wp-json\/wp\/v2\/media\/464991"}],"wp:attachment":[{"href":"https:\/\/www.europesays.com\/fr\/wp-json\/wp\/v2\/media?parent=464990"}],"wp:term":[{"taxonomy":"category","embeddable":true,"href":"https:\/\/www.europesays.com\/fr\/wp-json\/wp\/v2\/categories?post=464990"},{"taxonomy":"post_tag","embeddable":true,"href":"https:\/\/www.europesays.com\/fr\/wp-json\/wp\/v2\/tags?post=464990"}],"curies":[{"name":"wp","href":"https:\/\/api.w.org\/{rel}","templated":true}]}}