{"id":465002,"date":"2025-10-15T13:36:12","date_gmt":"2025-10-15T13:36:12","guid":{"rendered":"https:\/\/www.europesays.com\/fr\/465002\/"},"modified":"2025-10-15T13:36:12","modified_gmt":"2025-10-15T13:36:12","slug":"urgence-en-interne-apres-la-polemique-patrick-cohen-u","status":"publish","type":"post","link":"https:\/\/www.europesays.com\/fr\/465002\/","title":{"rendered":"urgence en interne apr\u00e8s la pol\u00e9mique Patrick Cohen, u &#8230;"},"content":{"rendered":"<p>EN BREF<\/p>\n<ul class=\"bloc_resume_post_list\">\n<li>Depuis juillet 2025, le d\u00e9part de Philippe Levasseur de<br \/>\nTroisi\u00e8me \u0152il Productions a laiss\u00e9 un vide \u00e0 combler pour le<br \/>\ntalk-show C \u00e0 vous.<\/li>\n<li>Justine Planchon assure l\u00a0\u00bbint\u00e9rim, mais la recherche d&rsquo;un<br \/>\nnouveau patron pour C \u00e0 vous est compliqu\u00e9e par des enjeux<br \/>\n\u00e9ditoriaux et politiques.<\/li>\n<li>La pol\u00e9mique autour de Patrick Cohen et les tensions<br \/>\ninternes rendent la t\u00e2che de trouver un nouveau dirigeant encore<br \/>\nplus complexe.<\/li>\n<\/ul>\n<p>Depuis la rentr\u00e9e de septembre, <a href=\"https:\/\/www.telestar.fr\/actu_tv\/surprise-dans-c-a-vous-un-celebre-acteur-fait-une-entree-pas-prevue-anne-elisabeth-lemoine-emerveillee-1741580\" target=\"_blank\" rel=\"noopener\"><br \/>\nC \u00e0 vous<\/a> continue de faire les beaux soirs de France<br \/>\n5. Mais en coulisses, c\u2019est une tout autre histoire. Le d\u00e9part, en<br \/>\njuillet 2025, de <strong>Philippe Levasseur<\/strong>, ex-dirigeant<br \/>\nde <strong>Troisi\u00e8me \u0152il Productions<\/strong>, a laiss\u00e9 un vide que<br \/>\npersonne n\u2019a encore r\u00e9ussi \u00e0 combler.<\/p>\n<p>Le programme cherche donc activement un nouveau patron. Mais la<br \/>\nt\u00e2che semble loin d\u2019\u00eatre facile, notamment apr\u00e8s la r\u00e9cente<br \/>\npol\u00e9mique autour de Patrick Cohen.<\/p>\n<p>Crise \u00e0 \u201cC \u00e0 vous\u201d : le talk-show de France 5 ne trouve pas de<br \/>\npatron<\/p>\n<p>Actuellement, <strong>Justine Planchon<\/strong>, pr\u00e9sidente de<br \/>\n<strong>Mediawan Prod<\/strong>, a accept\u00e9 d\u2019assurer l\u2019int\u00e9rim. Mais<br \/>\nla dirigeante pilote d\u00e9j\u00e0 plusieurs autres soci\u00e9t\u00e9s du groupe. Une<br \/>\nsituation \u00ab\u00a0provisoire\u00a0\u00bb qui commence donc s\u00e9rieusement \u00e0<br \/>\ninqui\u00e9ter.\u00a0Car du c\u00f4t\u00e9 de <strong>France T\u00e9l\u00e9visions<\/strong>,<br \/>\non veut vite retrouver un chef capable de g\u00e9rer les pol\u00e9mique. Le<br \/>\nm\u00e9dia La Lettre a en effet r\u00e9v\u00e9l\u00e9 que \u00ab\u00a0<strong>la<br \/>\ndirection cherche activement un nouveau chef \u00e9ditorial capable de<br \/>\nrelancer la machine\u00a0\u00bb<\/strong>.<\/p>\n<p>Toujours selon le m\u00e9dia, des noms circulent d\u00e9j\u00e0. Laurent<br \/>\nGuimier, ancien directeur de l\u2019information de France T\u00e9l\u00e9visions,<br \/>\navait \u00e9t\u00e9 pressenti avant d\u2019\u00eatre \u00e9cart\u00e9. <strong>Nicolas<br \/>\nMarut<\/strong>, ex-num\u00e9ro deux de la r\u00e9daction de <a href=\"https:\/\/www.telestar.fr\/actu_tv\/bfmtv-une-tenue-gros-derapage-raciste-en-direct-maxime-switek-peine-a-maitriser-lantenne-1740990\" target=\"_blank\" rel=\"noopener\"><br \/>\nBFMTV<\/a>, ferait partie des favoris. <strong>R\u00e9gis<br \/>\nRavanas<\/strong>, aujourd\u2019hui \u00e0 la t\u00eate de RMC-BFM, serait<br \/>\n\u00e9galement cit\u00e9. Mais la mission s\u2019annonce difficile : \u00ab\u00a0Trouver<br \/>\nun profil capable de tenir la barre entre enjeux \u00e9ditoriaux,<br \/>\npressions internes et relations politiques\u00a0\u00bb\u00a0n\u2019est pas une<br \/>\nmince affaire, a expliqu\u00e9 le m\u00e9dia.<\/p>\n<blockquote class=\"instagram-media\" style=\"background: #ffffff;border: 0;margin: 1px;width: 100%;padding: 0;max-width: 500px;\" data-instgrm-permalink=\"https:\/\/www.instagram.com\/p\/DPySgbAjcNL\/?utm_source=ig_embed\" data-instgrm-version=\"14\"\/><p>\nC \u00e0 vous : la pol\u00e9mique Cohen\/Legrand<br \/>\ncomplique le recrutement<\/p>\n<p>Cette crise de direction a \u00e9t\u00e9 amplifi\u00e9e par une r\u00e9cente<br \/>\npol\u00e9mique. En septembre, une vid\u00e9o publi\u00e9e par le site<br \/>\n<strong>L\u2019Incorrect<\/strong> accusait <strong>Patrick<br \/>\nCohen<\/strong> de partialit\u00e9 politique. L\u2019affaire a pris de<br \/>\nl\u2019ampleur, poussant <a href=\"https:\/\/www.telestar.fr\/actu_tv\/lea-salame-en-danger-au-20h-de-france-2-la-reponse-claire-de-delphine-ernotte-1739568\" target=\"_blank\" rel=\"noopener\"><br \/>\nDelphine Ernotte<\/a>, pr\u00e9sidente de France T\u00e9l\u00e9visions, \u00e0 r\u00e9agir<br \/>\npubliquement. Cette derni\u00e8re avait d\u00e9fendu l\u2019\u00e9mission de France 5<br \/>\net avait d\u00e9clar\u00e9 que <a href=\"https:\/\/www.telestar.fr\/actu_tv\/cnews-la-chaine-dinformations-remercie-la-crise-politique-m6-dans-leur-viseur-1741368\" target=\"_blank\" rel=\"noopener\"><br \/>\nCNews<\/a> \u00e9tait une \u00ab\u00a0cha\u00eene d\u2019opinion d\u2019extr\u00eame droite\u00a0\u00bb.<br \/>\nUne phrase qui a provoqu\u00e9 un certain malaise chez<br \/>\n<strong>Mediawan<\/strong>, le groupe de production de C \u00e0<br \/>\nvous, \u00e9galement partenaire r\u00e9gulier de <strong>Canal+<\/strong><br \/>\nsur des projets cin\u00e9ma.<\/p>\n<p>Mais ce chaos n\u2019est pas nouveau. Depuis le d\u00e9part de R\u00e9gis<br \/>\nLamanna-Rodat en 2019, les producteurs se succ\u00e8dent \u00e0 la t\u00eate de<br \/>\nC \u00e0 vous\u2026 sans jamais tenir bien longtemps.<br \/>\n\u00ab\u00a0<strong>Tous sont repartis \u00e9puis\u00e9s par les tensions<br \/>\ninternes<\/strong>\u00ab\u00a0, a rapport\u00e9 La Lettre. Et certains<br \/>\npointent aussi du doigt l\u2019influence grandissante d\u2019<a href=\"https:\/\/www.telestar.fr\/actu_tv\/anne-elisabeth-lemoine-et-son-equipe-prises-au-piege-par-un-invite-qui-leur-fait-croire-nimporte-quoi-1740863\" target=\"_blank\" rel=\"noopener\">Anne-\u00c9lisabeth<br \/>\nLemoine<\/a>. L\u2019animatrice, devenue le visage embl\u00e9matique du<br \/>\nprogramme, p\u00e8serait de plus en plus dans les d\u00e9cisions \u00e9ditoriales.<br \/>\nUne libert\u00e9 que la cha\u00eene lui accorde volontiers, mais qui ne fait<br \/>\npas toujours l\u2019unanimit\u00e9 en interne.<\/p>\n<p><script async src=\"\/\/www.instagram.com\/embed.js\"><\/script><\/p>\n","protected":false},"excerpt":{"rendered":"EN BREF Depuis juillet 2025, le d\u00e9part de Philippe Levasseur de Troisi\u00e8me \u0152il Productions a laiss\u00e9 un vide&hellip;\n","protected":false},"author":2,"featured_media":465003,"comment_status":"","ping_status":"","sticky":false,"template":"","format":"standard","meta":{"footnotes":""},"categories":[1356],"tags":[548,5632,58,59,1011,27,252,1364],"class_list":{"0":"post-465002","1":"post","2":"type-post","3":"status-publish","4":"format-standard","5":"has-post-thumbnail","7":"category-television","8":"tag-article-simple","9":"tag-c-a-vous","10":"tag-divertissement","11":"tag-entertainment","12":"tag-fr","13":"tag-france","14":"tag-television","15":"tag-tv"},"share_on_mastodon":{"url":"https:\/\/pubeurope.com\/@fr\/115378453597032088","error":""},"_links":{"self":[{"href":"https:\/\/www.europesays.com\/fr\/wp-json\/wp\/v2\/posts\/465002","targetHints":{"allow":["GET"]}}],"collection":[{"href":"https:\/\/www.europesays.com\/fr\/wp-json\/wp\/v2\/posts"}],"about":[{"href":"https:\/\/www.europesays.com\/fr\/wp-json\/wp\/v2\/types\/post"}],"author":[{"embeddable":true,"href":"https:\/\/www.europesays.com\/fr\/wp-json\/wp\/v2\/users\/2"}],"replies":[{"embeddable":true,"href":"https:\/\/www.europesays.com\/fr\/wp-json\/wp\/v2\/comments?post=465002"}],"version-history":[{"count":0,"href":"https:\/\/www.europesays.com\/fr\/wp-json\/wp\/v2\/posts\/465002\/revisions"}],"wp:featuredmedia":[{"embeddable":true,"href":"https:\/\/www.europesays.com\/fr\/wp-json\/wp\/v2\/media\/465003"}],"wp:attachment":[{"href":"https:\/\/www.europesays.com\/fr\/wp-json\/wp\/v2\/media?parent=465002"}],"wp:term":[{"taxonomy":"category","embeddable":true,"href":"https:\/\/www.europesays.com\/fr\/wp-json\/wp\/v2\/categories?post=465002"},{"taxonomy":"post_tag","embeddable":true,"href":"https:\/\/www.europesays.com\/fr\/wp-json\/wp\/v2\/tags?post=465002"}],"curies":[{"name":"wp","href":"https:\/\/api.w.org\/{rel}","templated":true}]}}