{"id":465010,"date":"2025-10-15T13:40:11","date_gmt":"2025-10-15T13:40:11","guid":{"rendered":"https:\/\/www.europesays.com\/fr\/465010\/"},"modified":"2025-10-15T13:40:11","modified_gmt":"2025-10-15T13:40:11","slug":"une-infirmiere-de-michael-schumacher-accuse-un-pilote-australien-de-lavoir-violee-dans-la-maison-du-champion-de-formule-1","status":"publish","type":"post","link":"https:\/\/www.europesays.com\/fr\/465010\/","title":{"rendered":"Une infirmi\u00e8re de Michael Schumacher accuse un pilote australien de l\u2019avoir viol\u00e9e dans la maison du champion de Formule 1"},"content":{"rendered":"<p>\n    Une infirmi\u00e8re en charge de Michael Schumacher accuse de viol un ancien pilote australien proche de Mick Schumacher. Les faits d\u00e9taill\u00e9s par la victime pr\u00e9sum\u00e9e se seraient d\u00e9roul\u00e9s au domicile du septuple champion du monde de Formule 1.<\/p>\n<p class=\"fig-paragraph\">Un pilote automobile australien proche de<a href=\"https:\/\/video.lefigaro.fr\/figaro\/sports\/michael-schumacher-donne-un-signe-de-vie-en-signant-un-casque-de-formule-1-20250414\" target=\"_blank\" data-fig-type=\"Video\" rel=\"sponsored noopener\" data-gtm-custom-categorie=\"navigation\" data-gtm-custom-action=\"crossclick\" data-gtm-custom-label=\"Contextuel\" data-gtm-event=\"customEventSPE\" data-fig-domain=\"LEFIGARO\">\u00a0Michael Schumacher<\/a>, le fils du septuple champion de Formule 1, est accus\u00e9 d\u2019avoir viol\u00e9 une infirmi\u00e8re dans la propri\u00e9t\u00e9 de la famille Schumacher \u00e0 Gland (Suisse) r\u00e9v\u00e8le le m\u00e9dia helv\u00e8te\u00a0<a href=\"https:\/\/www.24heures.ch\/gland-un-pilote-accuse-de-viol-dans-la-maison-des-schumacher-257102777189\" target=\"_blank\" rel=\"sponsored noopener\" data-gtm-custom-categorie=\"navigation\" data-gtm-custom-action=\"crossclick\" data-gtm-custom-label=\"Contextuel\" data-gtm-event=\"customEventSPE\">24 heures<\/a> . L\u2019ami de l\u2019ancien membre de l\u2019\u00e9curie<a href=\"http:\/\/www.lefigaro.fr\/sports\/formule-1\/formule-1-cinq-ans-apres-son-terrible-accident-romain-grosjean-effectuera-a-mugello-son-retour-au-volant-d-une-haas-20250925\" target=\"_blank\" data-fig-type=\"NewsFlash\" rel=\"sponsored noopener\" data-gtm-custom-categorie=\"navigation\" data-gtm-custom-action=\"crossclick\" data-gtm-custom-label=\"Contextuel\" data-gtm-event=\"customEventSPE\" data-fig-domain=\"LEFIGARO\">\u00a0Haas<\/a>\u00a0(43 courses entre 2021-2022) \u00e9tait log\u00e9 par la famille de Schumacher gr\u00e2ce \u00e0 sa bonne entente avec\u00a0<a href=\"http:\/\/www.lefigaro.fr\/sports\/formule-1\/formule-1-mick-schumacher-ne-sera-plus-pilote-de-reserve-de-mercedes-20241128\" target=\"_blank\" data-fig-type=\"NewsFlash\" rel=\"sponsored noopener\" data-gtm-custom-categorie=\"navigation\" data-gtm-custom-action=\"crossclick\" data-gtm-custom-label=\"Contextuel\" data-gtm-event=\"customEventSPE\" data-fig-domain=\"LEFIGARO\">Mick<\/a>\u00a0et avait tent\u00e9 d\u2019atteindre les circuits de\u00a0<a href=\"http:\/\/www.lefigaro.fr\/sports\/formule-1\/formule-1-vasseur-sur-la-touche-chez-ferrari-horner-pour-le-remplacer-20251013\" target=\"_blank\" data-fig-type=\"NewsFlash\" rel=\"sponsored noopener\" data-gtm-custom-categorie=\"navigation\" data-gtm-custom-action=\"crossclick\" data-gtm-custom-label=\"Contextuel\" data-gtm-event=\"customEventSPE\" data-fig-domain=\"LEFIGARO\">Formule 1<\/a>&#8230; Sans r\u00e9ussite. La victime pr\u00e9sum\u00e9e faisait partie de l\u2019\u00e9quipe m\u00e9dicale en charge de Michael Schumacher depuis son\u00a0<a href=\"http:\/\/www.lefigaro.fr\/sports\/formule-1\/accident-de-ski-de-michael-schumacher-deux-erreurs-auraient-ete-commises-le-jour-du-drame-20231214\" target=\"_blank\" data-fig-type=\"NewsFlash\" rel=\"sponsored noopener\" data-gtm-custom-categorie=\"navigation\" data-gtm-custom-action=\"crossclick\" data-gtm-custom-label=\"Contextuel\" data-gtm-event=\"customEventSPE\" data-fig-domain=\"LEFIGARO\">terrible accident de ski en 2013.<\/a><\/p>\n<p>L\u2019infirmi\u00e8re, apeur\u00e9e, n\u2019en parle pas aux Schumacher<\/p>\n<p class=\"fig-paragraph\">Les faits remontent en 2019, lors d\u2019une soir\u00e9e, l\u2019infirmi\u00e8re \u00e2g\u00e9e d\u2019une trentaine d\u2019ann\u00e9e, tr\u00e8s alcoolis\u00e9e, aurait regagn\u00e9 sa chambre gr\u00e2ce \u00e0 l\u2019aide de deux personnes, dont le pilote. Le pr\u00e9venu serait ensuite revenu et aurait abus\u00e9 d\u2019elle \u00e0 deux reprises, alors qu\u2019elle \u00e9tait inconsciente. Le lendemain, quand elle se r\u00e9veille, la trentenaire troubl\u00e9e par certains indices physiques, contacte l\u2019accus\u00e9 et entame une discussion qui aurait confirm\u00e9 ses soup\u00e7ons envers le pilote. Cependant, malgr\u00e9 ses doutes, l\u2019infirmi\u00e8re d\u00e9cide de ne pas en parler \u00e0 la famille\u00a0<a href=\"http:\/\/www.lefigaro.fr\/automobile\/la-ferrari-de-schumacher-victorieuse-a-monaco-en-2001-a-vendre-20250519\" target=\"_blank\" data-fig-type=\"Article\" rel=\"sponsored noopener\" data-gtm-custom-categorie=\"navigation\" data-gtm-custom-action=\"crossclick\" data-gtm-custom-label=\"Contextuel\" data-gtm-event=\"customEventSPE\" data-fig-domain=\"LEFIGARO\">Schumacher<\/a>, par peur de perdre son emploi.<\/p>\n<p>                                    <a class=\"fig-a11y-skip a11y-hidden\" href=\"#fig-a11y-skip-main-inarticle\"><br \/>\n        Passer la publicit\u00e9<br \/>\n    <\/a><\/p>\n<p>Un rapport consenti d\u2019apr\u00e8s le pr\u00e9venu&#8230; d\u00e9sormais introuvable<\/p>\n<p class=\"fig-paragraph\">En 2022, la victime pr\u00e9sum\u00e9e porte plainte. Apr\u00e8s avoir \u00e9t\u00e9 licenci\u00e9e par la famille pour des raisons inconnues apr\u00e8s le passage du pilote australien \u00e0 Gland. Le pr\u00e9venu assume la relation mais assure que le rapport sexuel \u00e9tait consenti. Une enqu\u00eate a \u00e9t\u00e9 ouverte par le parquet vaudois. Seulement, le pilote, suspendu pour dopage, ne donne plus de signes de vie depuis plusieurs mois. Une absence qui pourrait entra\u00eener le report du proc\u00e8s pr\u00e9vu au tribunal de Nyon (Suisse). Quant aux Schumacher, ils n\u2019auraient aucun lien avec l\u2019affaire hormis de loger au lieu du drame et ne sont pas cibl\u00e9s par le dossier p\u00e9nal.<\/p>\n","protected":false},"excerpt":{"rendered":"Une infirmi\u00e8re en charge de Michael Schumacher accuse de viol un ancien pilote australien proche de Mick Schumacher.&hellip;\n","protected":false},"author":2,"featured_media":465011,"comment_status":"","ping_status":"","sticky":false,"template":"","format":"standard","meta":{"footnotes":""},"categories":[9],"tags":[18885,1011,27,8942,60],"class_list":{"0":"post-465010","1":"post","2":"type-post","3":"status-publish","4":"format-standard","5":"has-post-thumbnail","7":"category-sports","8":"tag-accusations-de-viol","9":"tag-fr","10":"tag-france","11":"tag-michael-schumacher","12":"tag-sports"},"share_on_mastodon":{"url":"https:\/\/pubeurope.com\/@fr\/115378469283798322","error":""},"_links":{"self":[{"href":"https:\/\/www.europesays.com\/fr\/wp-json\/wp\/v2\/posts\/465010","targetHints":{"allow":["GET"]}}],"collection":[{"href":"https:\/\/www.europesays.com\/fr\/wp-json\/wp\/v2\/posts"}],"about":[{"href":"https:\/\/www.europesays.com\/fr\/wp-json\/wp\/v2\/types\/post"}],"author":[{"embeddable":true,"href":"https:\/\/www.europesays.com\/fr\/wp-json\/wp\/v2\/users\/2"}],"replies":[{"embeddable":true,"href":"https:\/\/www.europesays.com\/fr\/wp-json\/wp\/v2\/comments?post=465010"}],"version-history":[{"count":0,"href":"https:\/\/www.europesays.com\/fr\/wp-json\/wp\/v2\/posts\/465010\/revisions"}],"wp:featuredmedia":[{"embeddable":true,"href":"https:\/\/www.europesays.com\/fr\/wp-json\/wp\/v2\/media\/465011"}],"wp:attachment":[{"href":"https:\/\/www.europesays.com\/fr\/wp-json\/wp\/v2\/media?parent=465010"}],"wp:term":[{"taxonomy":"category","embeddable":true,"href":"https:\/\/www.europesays.com\/fr\/wp-json\/wp\/v2\/categories?post=465010"},{"taxonomy":"post_tag","embeddable":true,"href":"https:\/\/www.europesays.com\/fr\/wp-json\/wp\/v2\/tags?post=465010"}],"curies":[{"name":"wp","href":"https:\/\/api.w.org\/{rel}","templated":true}]}}