{"id":465016,"date":"2025-10-15T13:43:15","date_gmt":"2025-10-15T13:43:15","guid":{"rendered":"https:\/\/www.europesays.com\/fr\/465016\/"},"modified":"2025-10-15T13:43:15","modified_gmt":"2025-10-15T13:43:15","slug":"fin-des-aides-pour-tous-le-grand-tour-de-vis-sur-maprimerenov-se-precise","status":"publish","type":"post","link":"https:\/\/www.europesays.com\/fr\/465016\/","title":{"rendered":"fin des aides pour tous ? Le grand tour de vis sur MaPrimeR\u00e9nov\u2019 se pr\u00e9cise"},"content":{"rendered":"<p>              <img decoding=\"async\" class=\"article-author__picture webp\" src=\"https:\/\/www.europesays.com\/fr\/wp-content\/uploads\/2025\/04\/matias-perea-85px.jpg.webp\" alt=\"Matias Perea\"\/><\/p>\n<p class=\"article-author__info--name\"> Par<br \/>\n                      <a href=\"https:\/\/selectra.info\/equipe\/matias\" target=\"_blank\" rel=\"noopener author nofollow\"> Matias Perea <\/a><\/p>\n<p class=\"article-author__info--description\"> Analyste \u00c9nergie <\/p>\n<p>        Publi\u00e9 le<\/p>\n<p>                                15\/10\/2025<\/p>\n<p>            min de lecture\n        <\/p>\n<p>Sauf indication contraire, tous les prix pr\u00e9sent\u00e9s sur cette page sont TTC.<\/p>\n<p class=\"title\">L&rsquo;INFO QUI FAIT BAISSER VOTRE FACTURE<\/p>\n<ul class=\"list--check\">\n<li><strong>Alertes Baisse des Prix<\/strong> en temps r\u00e9el<\/li>\n<li><strong>Nouvelles Aides de l&rsquo;\u00c9tat<\/strong> d\u00e9crypt\u00e9es pour vous<\/li>\n<li><strong>Bons Plans Exclusifs<\/strong> de nos experts<\/li>\n<\/ul>\n<p style=\"margin-top:15px;\">Rejoignez des milliers de Fran\u00e7ais et recevez gratuitement l&rsquo;essentiel de l&rsquo;actu \u00e9nergie sur votre canal pr\u00e9f\u00e9r\u00e9.<\/p>\n<p class=\"intro\">Aujourd&rsquo;hui, 15 octobre 2025, le projet de budget pour 2026 r\u00e9v\u00e8le la nouvelle strat\u00e9gie \u00e9nerg\u00e9tique de la France : le gouvernement double la taxe sur le solaire ancien et coupe drastiquement le soutien au biom\u00e9thane, tout en recentrant MaPrimeR\u00e9nov&rsquo; sur les passoires thermiques. Ce serrage de vis intervient alors qu&rsquo;EDF confirme une production nucl\u00e9aire au plus haut depuis 2019 et envisage la vente de ses filiales Dalkia et Edison pour financer les futurs EPR. Pendant ce temps, un sondage r\u00e9v\u00e8le que 89 % des Fran\u00e7ais sont inquiets du changement climatique et jugent l&rsquo;action du gouvernement insuffisante. Selectra d\u00e9crypte une journ\u00e9e de choix budg\u00e9taires et de paradoxes politiques.<\/p>\n<p class=\"in-short--title col-xs-12 text--center\">Article trop long\u00a0? Demandez un r\u00e9sum\u00e9 \u00e0 l&rsquo;IA\u00a0:<\/p>\n<p>  <a href=\"https:\/\/profile.google.com\/cp\/Cg0vZy8xMWNzNGxnOGs1\" type=\"button\" target=\"_blank\" class=\"btn btn--md btn--success btn--pill\" rel=\"nofollow noopener\">Suivez-nous sur Google<\/p>\n<p>              <\/a><\/p>\n<p>Budget 2026 : la nouvelle donne pour l&rsquo;\u00e9nergie<\/p>\n<ul class=\"list--check\">\n<li><strong>Le solaire ancien doublement tax\u00e9, le biom\u00e9thane grand perdant<\/strong> : Le projet de loi de finances confirme le quasi-doublement de la taxe Ifer pour les centrales photovolta\u00efques pr\u00e9-2021. Le soutien public au biom\u00e9thane est quant \u00e0 lui amput\u00e9 de 56 % (\u00e0 533 M\u20ac), tandis que le solaire re\u00e7oit 4,2 Mds\u20ac et l&rsquo;\u00e9olien pr\u00e8s de 2 Mds\u20ac. <a href=\"https:\/\/www.contexte.com\/fr\/article\/energie\/ce-quil-faut-retenir-du-projet-de-budget-2026-pour-le-secteur-de-lenergie_242159\" target=\"_blank\" rel=\"noopener noreferrer nofollow\">Plus d&rsquo;infos<\/a><\/li>\n<li><strong>MaPrimeR\u00e9nov\u2019 recentr\u00e9 sur les passoires thermiques, 500 M\u20ac d&rsquo;\u00e9conomies attendues<\/strong> : Le dispositif sera d\u00e9sormais prioritairement destin\u00e9 aux logements class\u00e9s E, F et G. Cette rationalisation doit permettre d&rsquo;\u00e9conomiser un demi-milliard d&rsquo;euros, une somme qui sera en partie compens\u00e9e via les CEE. <a href=\"https:\/\/www.budget.gouv.fr\/documentation\/file-download\/30589\" target=\"_blank\" rel=\"noopener noreferrer nofollow\">Plus d&rsquo;infos<\/a><\/li>\n<li><strong>RTE devient le gestionnaire du nouveau m\u00e9canisme de prix de l&rsquo;\u00e9lectricit\u00e9<\/strong> : Le projet de budget confie au gestionnaire de r\u00e9seau le soin de g\u00e9rer le Versement nucl\u00e9aire (VNU). RTE sera charg\u00e9 de redistribuer les revenus aux fournisseurs et d&rsquo;inciter les consommateurs \u00e0 d\u00e9caler leur consommation. <a href=\"https:\/\/www.budget.gouv.fr\/documentation\/file-download\/30589\" target=\"_blank\" rel=\"noopener noreferrer nofollow\">Plus d&rsquo;infos<\/a><\/li>\n<\/ul>\n<p>EDF au sommet, la France en demande<\/p>\n<ul class=\"list--check\">\n<li><strong>La production nucl\u00e9aire fran\u00e7aise au plus haut depuis 6 ans<\/strong> : Gr\u00e2ce \u00e0 la bonne disponibilit\u00e9 de ses r\u00e9acteurs, EDF a produit 269 TWh sur les neuf premiers mois de l&rsquo;ann\u00e9e, son meilleur score depuis 2019. Dans le m\u00eame temps, la production renouvelable a recul\u00e9, tir\u00e9e par la baisse de l&rsquo;hydraulique. <a href=\"https:\/\/montelnews.com\/news\/6438bee9-290f-4141-a128-e9a8e583ed43\/french-nuclear-output-hits-6-year-high-in-jan-sept-period\" target=\"_blank\" rel=\"noopener noreferrer nofollow\">Plus d&rsquo;infos<\/a><\/li>\n<li><strong>EDF envisage de vendre des parts de Dalkia et Edison pour financer les EPR<\/strong> : L&rsquo;\u00e9nerg\u00e9ticien pourrait introduire sa filiale italienne Edison en Bourse d\u00e8s 2026 et c\u00e9der une partie de Dalkia (valoris\u00e9e \u00e0 7 Mds\u20ac) \u00e0 partir de 2027 afin de financer la construction du nouveau parc nucl\u00e9aire. <a href=\"https:\/\/www.bfmtv.com\/economie\/entreprises\/edf-reflechit-a-vendre-des-parts-dans-dalkia-et-edison_AN-202510130046.html\" target=\"_blank\" rel=\"noopener noreferrer nofollow\">Plus d&rsquo;infos<\/a><\/li>\n<li><strong>Climat : 89 % des Fran\u00e7ais inquiets et jugent l&rsquo;action du gouvernement insuffisante<\/strong> : Un sondage Ipsos r\u00e9v\u00e8le une forte pr\u00e9occupation des Fran\u00e7ais face aux \u00e9v\u00e9nements extr\u00eames. Une large majorit\u00e9 soutient des mesures comme le d\u00e9veloppement du solaire (89 %) et le maintien de MaPrimeR\u00e9nov\u2019 (76 %). <a href=\"https:\/\/reseauactionclimat.org\/wp-content\/uploads\/2025\/10\/ipsos-bva-pour-les-reseau-action-climat-enquetes-sur-les-mesures-ecologiques-octobre-2025.pdf\" target=\"_blank\" rel=\"noopener noreferrer nofollow\">Plus d&rsquo;infos<\/a><\/li>\n<\/ul>\n<p>Europe et Monde : l&rsquo;IA menace les prix, le GNL rassure pour l&rsquo;hiver<\/p>\n<ul class=\"list--check\">\n<li><strong>L&rsquo;IA pourrait faire grimper les prix de l&rsquo;\u00e9lectricit\u00e9 de 5 \u00e0 30 %<\/strong> : Selon des analystes, la demande explosive des data centers pourrait provoquer une forte hausse des prix si le d\u00e9veloppement des renouvelables, du stockage et des r\u00e9seaux ne suit pas le rythme. <a href=\"https:\/\/montelnews.com\/news\/127d758a-a3f6-426e-8711-e0bcbfa32112\/power-prices-may-jump-up-to-30-on-ai-driven-demand-analysts\" target=\"_blank\" rel=\"noopener noreferrer nofollow\">Plus d&rsquo;infos<\/a><\/li>\n<li><strong>L&rsquo;Europe remplacera le gaz russe par le GNL cet hiver<\/strong> : L&rsquo;UE devrait importer 33 % de GNL en plus sur un an pour compenser la baisse des livraisons russes. Gr\u00e2ce \u00e0 cet approvisionnement et une demande en recul, les stocks devraient rester \u00e0 un niveau confortable de 35 % en fin de saison. <a href=\"https:\/\/montelnews.com\/fr\/news\/3966fd63-9c30-49b1-b412-121169ecc2f9\/lue-remplacera-le-gaz-russe-avec-du-gnl-cet-hiver-kpler\" target=\"_blank\" rel=\"noopener noreferrer nofollow\">Plus d&rsquo;infos<\/a><\/li>\n<li><strong>La demande mondiale de p\u00e9trole ralentit<\/strong> : L&rsquo;AIE confirme que la croissance de la demande de p\u00e9trole restera limit\u00e9e en 2025 et 2026, frein\u00e9e par le ralentissement \u00e9conomique mondial et l&rsquo;\u00e9lectrification des transports. <a href=\"https:\/\/www.iea.org\/reports\/oil-market-report-october-2025\" target=\"_blank\" rel=\"noopener noreferrer nofollow\">Plus d&rsquo;infos<\/a><\/li>\n<li><strong>Efficacit\u00e9 \u00e9nerg\u00e9tique : une nouvelle directive entre en vigueur<\/strong> : Une ordonnance a transpos\u00e9 en droit fran\u00e7ais la directive europ\u00e9enne sur l&rsquo;efficacit\u00e9 \u00e9nerg\u00e9tique, qui impose des r\u00e9seaux et des march\u00e9s plus sobres. Elle s&rsquo;appliquera aux march\u00e9s publics d\u00e8s le 1er janvier 2026. <a href=\"https:\/\/www.legifrance.gouv.fr\/jorf\/id\/JORFTEXT000052390960\" target=\"_blank\" rel=\"noopener noreferrer nofollow\">Plus d&rsquo;infos<\/a><\/li>\n<\/ul>\n<p class=\"title\">L&rsquo;INFO QUI FAIT BAISSER VOTRE FACTURE<\/p>\n<ul class=\"list--check\">\n<li><strong>Alertes Baisse des Prix<\/strong> en temps r\u00e9el<\/li>\n<li><strong>Nouvelles Aides de l&rsquo;\u00c9tat<\/strong> d\u00e9crypt\u00e9es pour vous<\/li>\n<li><strong>Bons Plans Exclusifs<\/strong> de nos experts<\/li>\n<\/ul>\n<p style=\"margin-top:15px;\">Rejoignez des milliers de Fran\u00e7ais et recevez gratuitement l&rsquo;essentiel de l&rsquo;actu \u00e9nergie sur votre canal pr\u00e9f\u00e9r\u00e9.<\/p>\n<p>      Avez-vous trouv\u00e9 cet article utile ?<\/p>\n<p>100% des 1 votes trouvent l&rsquo;information utile.<\/p>\n","protected":false},"excerpt":{"rendered":"Par Matias Perea Analyste \u00c9nergie Publi\u00e9 le 15\/10\/2025 min de lecture Sauf indication contraire, tous les prix pr\u00e9sent\u00e9s&hellip;\n","protected":false},"author":2,"featured_media":253666,"comment_status":"","ping_status":"","sticky":false,"template":"","format":"standard","meta":{"footnotes":""},"categories":[6],"tags":[35,33,34,1011,27],"class_list":{"0":"post-465016","1":"post","2":"type-post","3":"status-publish","4":"format-standard","5":"has-post-thumbnail","7":"category-economie","8":"tag-business","9":"tag-economie","10":"tag-economy","11":"tag-fr","12":"tag-france"},"share_on_mastodon":{"url":"https:\/\/pubeurope.com\/@fr\/115378481958824455","error":""},"_links":{"self":[{"href":"https:\/\/www.europesays.com\/fr\/wp-json\/wp\/v2\/posts\/465016","targetHints":{"allow":["GET"]}}],"collection":[{"href":"https:\/\/www.europesays.com\/fr\/wp-json\/wp\/v2\/posts"}],"about":[{"href":"https:\/\/www.europesays.com\/fr\/wp-json\/wp\/v2\/types\/post"}],"author":[{"embeddable":true,"href":"https:\/\/www.europesays.com\/fr\/wp-json\/wp\/v2\/users\/2"}],"replies":[{"embeddable":true,"href":"https:\/\/www.europesays.com\/fr\/wp-json\/wp\/v2\/comments?post=465016"}],"version-history":[{"count":0,"href":"https:\/\/www.europesays.com\/fr\/wp-json\/wp\/v2\/posts\/465016\/revisions"}],"wp:featuredmedia":[{"embeddable":true,"href":"https:\/\/www.europesays.com\/fr\/wp-json\/wp\/v2\/media\/253666"}],"wp:attachment":[{"href":"https:\/\/www.europesays.com\/fr\/wp-json\/wp\/v2\/media?parent=465016"}],"wp:term":[{"taxonomy":"category","embeddable":true,"href":"https:\/\/www.europesays.com\/fr\/wp-json\/wp\/v2\/categories?post=465016"},{"taxonomy":"post_tag","embeddable":true,"href":"https:\/\/www.europesays.com\/fr\/wp-json\/wp\/v2\/tags?post=465016"}],"curies":[{"name":"wp","href":"https:\/\/api.w.org\/{rel}","templated":true}]}}