{"id":465018,"date":"2025-10-15T13:44:15","date_gmt":"2025-10-15T13:44:15","guid":{"rendered":"https:\/\/www.europesays.com\/fr\/465018\/"},"modified":"2025-10-15T13:44:15","modified_gmt":"2025-10-15T13:44:15","slug":"jespere-que-vous-resterez-plus-longtemps-le-patron-de-lotan-se-moque-de-linstabilite-du-gouvernement-lecornu","status":"publish","type":"post","link":"https:\/\/www.europesays.com\/fr\/465018\/","title":{"rendered":"\u00ab\u00a0J\u2019esp\u00e8re que vous resterez plus longtemps\u00a0\u00bb\u2026 Le patron de l\u2019Otan se moque de l\u2019instabilit\u00e9 du gouvernement Lecornu"},"content":{"rendered":"<p>L\u2019instabilit\u00e9 politique fran\u00e7aise n\u2019\u00e9chappe \u00e0 personne. <a href=\"https:\/\/www.20minutes.fr\/monde\/mark-rutte\/\" class=\"c-link c-link--is-underlined\" rel=\"nofollow noopener\" target=\"_blank\">Mark Rutte<\/a> l\u2019a prouv\u00e9 ce mercredi \u00e0 <a href=\"https:\/\/www.20minutes.fr\/dossier\/bruxelles\" class=\"c-link c-link--is-underlined\" rel=\"nofollow noopener\" target=\"_blank\">Bruxelles<\/a>. Le secr\u00e9taire g\u00e9n\u00e9ral de l\u2019<a href=\"https:\/\/www.20minutes.fr\/monde\/otan\/\" class=\"c-link c-link--is-underlined\" rel=\"nofollow noopener\" target=\"_blank\">Otan<\/a> accueillait les divers ministres de la d\u00e9fense de l\u2019Alliance, r\u00e9unis afin de discuter des moyens de renforcer leur soutien \u00e0 l\u2019<a href=\"https:\/\/www.20minutes.fr\/monde\/ukraine\/\" class=\"c-link c-link--is-underlined\" rel=\"nofollow noopener\" target=\"_blank\">Ukraine<\/a>. Mais aussi d\u2019am\u00e9liorer la riposte de l\u2019Otan, apr\u00e8s de multiples incursions russes dans le ciel europ\u00e9en.<\/p>\n<p>Il avait notamment devant lui\u2026 <a href=\"https:\/\/www.20minutes.fr\/politique\/catherine-vautrin\/\" class=\"c-link c-link--is-underlined\" rel=\"nofollow noopener\" target=\"_blank\">Catherine Vautrin<\/a>, tout juste intronis\u00e9e au poste dans le gouvernement Lecornu II. \u00ab\u00a0J\u2019esp\u00e8re que vous resterez plus longtemps\u00a0\u00bb, lui a confi\u00e9 Mark Rutte. Une r\u00e9f\u00e9rence directe \u00e0 <a href=\"https:\/\/www.20minutes.fr\/politique\/4177585-20251007-demission-sebastien-lecornu-apres-bref-retour-comme-ministre-bruno-maire-va-reprendre-cours-suisse\" target=\"_blank\" class=\"c-link c-link--is-underlined\" rel=\"nofollow noopener\">Bruno Le\u00a0Maire, qui n\u2019est rest\u00e9 ministre de la D\u00e9fense qu\u2019une seule journ\u00e9e<\/a>, du 5 au 6\u00a0octobre\u00a0!<\/p>\n<\/p>\n<p>A son arriv\u00e9e au si\u00e8ge de l\u2019Otan, le secr\u00e9taire am\u00e9ricain \u00e0 la D\u00e9fense Pete Hegseth a encourag\u00e9 les pays europ\u00e9ens et le <a href=\"https:\/\/www.20minutes.fr\/dossier\/canada\" class=\"c-link c-link--is-underlined\" rel=\"nofollow noopener\" target=\"_blank\">Canada<\/a> \u00e0 contribuer davantage au soutien de l\u2019Ukraine, dans le cadre du programme Purl. Cette initiative, lanc\u00e9e par <a href=\"https:\/\/www.20minutes.fr\/dossier\/washington\" class=\"c-link c-link--is-underlined\" rel=\"nofollow noopener\" target=\"_blank\">Washington<\/a>, permet \u00e0 Kiev d\u2019acheter des armes am\u00e9ricaines financ\u00e9es par les Europ\u00e9ens.<\/p>\n<p>\u00ab\u00a0On obtient la paix quand on est fort, pas quand on use de grandes phrases ou qu\u2019on fait la le\u00e7on. On l\u2019obtient lorsqu\u2019on dispose de capacit\u00e9s r\u00e9elles et solides que les adversaires respectent\u00a0\u00bb, a-t-il d\u00e9clar\u00e9. Press\u00e9e de contribuer elle aussi \u00e0 ce programme, la France s\u2019y refuse pour l\u2019instant.<\/p>\n","protected":false},"excerpt":{"rendered":"L\u2019instabilit\u00e9 politique fran\u00e7aise n\u2019\u00e9chappe \u00e0 personne. Mark Rutte l\u2019a prouv\u00e9 ce mercredi \u00e0 Bruxelles. Le secr\u00e9taire g\u00e9n\u00e9ral de&hellip;\n","protected":false},"author":2,"featured_media":465019,"comment_status":"","ping_status":"","sticky":false,"template":"","format":"standard","meta":{"footnotes":""},"categories":[5],"tags":[47,11,11946,2360,6970,554,1011,27,14,2287,58890,74,12,136,1066,11067,28],"class_list":{"0":"post-465018","1":"post","2":"type-post","3":"status-publish","4":"format-standard","5":"has-post-thumbnail","7":"category-international","8":"tag-actualite","9":"tag-actualites","10":"tag-bruno-le-maire","11":"tag-bruxelles","12":"tag-catherine-vautrin","13":"tag-defense","14":"tag-fr","15":"tag-france","16":"tag-international","17":"tag-mark-rutte","18":"tag-ministre-de-la-defense","19":"tag-monde","20":"tag-news","21":"tag-otan","22":"tag-pete-hegseth","23":"tag-sebastien-lecornu","24":"tag-world"},"share_on_mastodon":{"url":"https:\/\/pubeurope.com\/@fr\/115378485002959749","error":""},"_links":{"self":[{"href":"https:\/\/www.europesays.com\/fr\/wp-json\/wp\/v2\/posts\/465018","targetHints":{"allow":["GET"]}}],"collection":[{"href":"https:\/\/www.europesays.com\/fr\/wp-json\/wp\/v2\/posts"}],"about":[{"href":"https:\/\/www.europesays.com\/fr\/wp-json\/wp\/v2\/types\/post"}],"author":[{"embeddable":true,"href":"https:\/\/www.europesays.com\/fr\/wp-json\/wp\/v2\/users\/2"}],"replies":[{"embeddable":true,"href":"https:\/\/www.europesays.com\/fr\/wp-json\/wp\/v2\/comments?post=465018"}],"version-history":[{"count":0,"href":"https:\/\/www.europesays.com\/fr\/wp-json\/wp\/v2\/posts\/465018\/revisions"}],"wp:featuredmedia":[{"embeddable":true,"href":"https:\/\/www.europesays.com\/fr\/wp-json\/wp\/v2\/media\/465019"}],"wp:attachment":[{"href":"https:\/\/www.europesays.com\/fr\/wp-json\/wp\/v2\/media?parent=465018"}],"wp:term":[{"taxonomy":"category","embeddable":true,"href":"https:\/\/www.europesays.com\/fr\/wp-json\/wp\/v2\/categories?post=465018"},{"taxonomy":"post_tag","embeddable":true,"href":"https:\/\/www.europesays.com\/fr\/wp-json\/wp\/v2\/tags?post=465018"}],"curies":[{"name":"wp","href":"https:\/\/api.w.org\/{rel}","templated":true}]}}