{"id":465020,"date":"2025-10-15T13:45:18","date_gmt":"2025-10-15T13:45:18","guid":{"rendered":"https:\/\/www.europesays.com\/fr\/465020\/"},"modified":"2025-10-15T13:45:18","modified_gmt":"2025-10-15T13:45:18","slug":"apres-le-discours-de-sebastien-lecornu-les-republicains-ne-savent-vraiment-plus-ou-ils-habitent","status":"publish","type":"post","link":"https:\/\/www.europesays.com\/fr\/465020\/","title":{"rendered":"Apr\u00e8s le discours de S\u00e9bastien Lecornu, Les R\u00e9publicains ne savent (vraiment) plus o\u00f9 ils habitent"},"content":{"rendered":"<p>        <img decoding=\"async\" loading=\"lazy\" src=\"https:\/\/www.europesays.com\/fr\/wp-content\/uploads\/2025\/10\/9f85b1f_upload-1-gzq33fem2tbx-afp-20251006-farzat-notitle251006-np2q8-v1-highres-frenchprimeminister.jpeg\"  width=\"728\" height=\"410\" alt=\"Bruno Retailleau photographi\u00e9 au si\u00e8ge des R\u00e9publicains, au lendemain de la d\u00e9mission de S\u00e9bastien Lecornu auquel il a contribu\u00e9. (Photo by Adnan Farzat \/ NurPhoto via AFP)\"\/>  <\/p>\n<p>ADNAN FARZAT \/ NurPhoto via AFP<\/p>\n<p>Bruno Retailleau photographi\u00e9 au si\u00e8ge des R\u00e9publicains, au lendemain de la d\u00e9mission de S\u00e9bastien Lecornu auquel il a contribu\u00e9. (Photo by Adnan Farzat \/ NurPhoto via AFP)<\/p>\n<p class=\"asset asset-text\">POLITIQUE &#8211; On le sait. Depuis qu\u2019il a envoy\u00e9 valser le premier gouvernement de S\u00e9bastien Lecornu <a href=\"https:\/\/www.huffingtonpost.fr\/politique\/article\/bruno-le-maire-l-etincelle-qui-a-mis-le-feu-au-gouvernement-lecornu_255664.html\" target=\"_blank\" rel=\"noopener\">avec un tweet aussi rageur que f\u00e9brile<\/a>, Bruno Retailleau <a href=\"https:\/\/www.huffingtonpost.fr\/politique\/article\/la-semaine-ou-bruno-retailleau-a-perdu-tout-le-capital-construit-en-15-mois_255889.html\" target=\"_blank\" rel=\"noopener\">traverse une mauvaise passe<\/a>. Et au lendemain de la d\u00e9claration de politique g\u00e9n\u00e9rale du Premier ministre, actant<a href=\"https:\/\/www.huffingtonpost.fr\/politique\/article\/avec-la-reforme-des-retraites-sebastien-lecornu-liquide-le-texte-qui-ne-cesse-de-pourrir-le-2e-mandat-de-macron_255988.html\" target=\"_blank\" rel=\"noopener\"> la suspension de la r\u00e9forme des retraites<\/a>, la situation ne fait que s\u2019aggraver pour le pr\u00e9sident des R\u00e9publicains.<\/p>\n<p class=\"asset asset-text\">En cause\u00a0: l\u2019attitude \u00e0 adopter face \u00e0 ce qui est per\u00e7u comme un recul \u00e0 droite. Un recul rendu possible par le coup de sang du Vend\u00e9en, qui a donc incit\u00e9 le gouvernement \u00e0 se tourner vers le Parti socialiste pour assurer la stabilit\u00e9, au prix d\u2019une r\u00e9forme \u00e0 laquelle tenait la droite. \u00ab\u00a0La suspension de la r\u00e9forme des retraites et le silence du Premier ministre sur l\u2019immigration prouvent que ce gouvernement est l\u2019otage des socialistes\u00a0\u00bb, a rousp\u00e9t\u00e9 dans un communiqu\u00e9 Bruno Retailleau, qui d\u00e9nonce une \u00ab\u00a0d\u00e9cision incompr\u00e9hensible, dans un pays \u00e9cras\u00e9 par 3\u00a0400\u00a0milliards de dettes\u00a0\u00bb.<\/p>\n<p class=\"asset asset-text\">Une indignation qui a pour seul m\u00e9rite de rappeler qu\u2019il a perdu l\u2019influence qu\u2019il exer\u00e7ait sur l\u2019ex\u00e9cutif, liquidant le principal argument qu\u2019il brandissait lors de sa campagne face \u00e0 Laurent Wauquiez pour la pr\u00e9sidence du parti\u00a0: la droite rena\u00eet lorsqu\u2019elle est aux responsabilit\u00e9s. R\u00e9sultat\u00a0: sa formation s\u2019enfonce dans la cacophonie. Alors que le pr\u00e9sident du groupe LR \u00e0 l\u2019Assembl\u00e9e nationale <a href=\"https:\/\/lcp.fr\/actualites\/personne-dans-le-groupe-ne-peut-voter-la-censure-dit-laurent-wauquiez-aux-deputes-lr\" target=\"_blank\" rel=\"noopener\" title=\"Nouvelle fen\u00eatre\">refuse la censure<\/a>, ce qui est d\u2019ailleurs partag\u00e9 par ses troupes au Palais Bourbon, des cadres du parti de droite appellent \u00e0 sanctionner S\u00e9bastien Lecornu, qu\u2019importe l\u2019instabilit\u00e9 que sa chute provoquerait.<\/p>\n<p>    \u00ab\u00a0Si j\u2019\u00e9tais d\u00e9put\u00e9&#8230;\u00a0\u00bb    <\/p>\n<p class=\"asset asset-text\">\u00ab\u00a0Il faut censurer\u00a0\u00bb, a imm\u00e9diatement r\u00e9agi par communiqu\u00e9 le maire de Cannes David Lisnard, par ailleurs vice-pr\u00e9sident des R\u00e9publicains. Selon lui, \u00e9viter la chute du Premier ministre constituerait une \u00ab\u00a0trahison\u00a0\u00bb. M\u00eame pr\u00e9conisation faite par Guillaume Larriv\u00e9, Florence Portelli ou Fran\u00e7ois-Xavier Bellamy, \u00e9galement vice-pr\u00e9sidents de cette arm\u00e9e mexicaine. \u00ab\u00a0Si j\u2019\u00e9tais d\u00e9put\u00e9 \u00e0 l\u2019Assembl\u00e9e nationale, je voterais pour la censure du gouvernement\u00a0\u00bb, a affirm\u00e9 dans une tribune au <a href=\"https:\/\/www.lefigaro.fr\/vox\/politique\/francois-xavier-bellamy-si-j-etais-depute-a-l-assemblee-nationale-je-voterais-pour-la-censure-du-gouvernement-20251014\" target=\"_blank\" rel=\"noopener\" title=\"Nouvelle fen\u00eatre\">Figaro<\/a> le chef de file des eurod\u00e9put\u00e9s LR, dont les prises de position <a href=\"https:\/\/www.huffingtonpost.fr\/politique\/article\/francois-xavier-bellamy-s-allie-au-rn-pour-tenter-en-vain-de-faire-chuter-ursula-von-der-leyen_255810.html\" target=\"_blank\" rel=\"noopener\" title=\"Nouvelle fen\u00eatre\">convergent de plus en plus avec celles du Rassemblement national<\/a>.<\/p>\n<p class=\"asset asset-text\">\u00ab\u00a0C\u2019est sans doute pour \u00e7a que tu n\u2019es pas \u00e0 l\u2019Assembl\u00e9e\u00a0\u00bb, a r\u00e9pliqu\u00e9 sur le r\u00e9seau social X le d\u00e9put\u00e9 LR des Hauts-de-Seine Jean-Didier Berger, mettant le doigt sur une r\u00e9alit\u00e9 qui dit beaucoup des divisions qui s\u2019expriment au grand jour chez LR\u00a0: les appels \u00e0 censurer ne viennent pas de ceux qui ont des comptes \u00e0 rendre en circonscription.<\/p>\n<p class=\"asset asset-text\">Et ceux qui appelaient \u00e0 ne pas participer au gouvernement, en tr\u00e8s grande majorit\u00e9 les s\u00e9nateurs, ne sont pas \u00e9lus au suffrage universel direct, et n\u2019auront donc pas \u00e0 subir les cons\u00e9quences d\u2019une instabilit\u00e9 politique d\u00e9bouchant sur une potentielle dissolution. En outre, les trois nouvelles recrues de S\u00e9bastien Lecornu venant du parti de Bruno Retailleau (S\u00e9bastien Martin, Nicolas Forissier et Vincent Jeanbrun) sont d\u00e9put\u00e9s, et donc sensibles \u00e0 l\u2019argument de la stabilit\u00e9.<\/p>\n<p>    Retailleau sous pression    <\/p>\n<p class=\"asset asset-text\">Ce m\u00eame ph\u00e9nom\u00e8ne s\u2019observe par ailleurs au sein de la droite hors-LR. \u00c0 l\u2019image de la pr\u00e9sidente Horizons de la r\u00e9gion Pays-de-la-Loire Christelle Moran\u00e7ais. \u00ab\u00a0Si j\u2019\u00e9tais d\u00e9put\u00e9e, je voterais, \u00e9videmment, la censure du gouvernement, qui brade l\u2019avenir des Fran\u00e7ais sur l\u2019autel d\u2019int\u00e9r\u00eats partisans. Suspendre la r\u00e9forme des retraites est une folie\u00a0: notre pays est au bord du gouffre financier, et nous continuons de creuser notre tombe\u00a0! Totalement irresponsable\u2026\u00a0\u00bb, a-t-elle \u00e9crit sur X, souhaitant donc la chute d\u2019un gouvernement auquel participent trois membres de son parti\u00a0: Na\u00efma Moutchou (Outre-mer), Anne Le H\u00e9nanff (Intelligence artificielle) et Charlotte Parmentier-Lecocq (autonomie des personnes handicap\u00e9es).<\/p>\n<p class=\"asset asset-text\">Reste que <a href=\"https:\/\/www.huffingtonpost.fr\/politique\/article\/bruno-retailleau-drague-par-l-extreme-droite-alors-que-ses-troupes-le-defient-apres-l-oral-de-lecornu_255998.html\" target=\"_blank\" rel=\"noopener\">la pression ne cesse de s\u2019alourdir sur les \u00e9paules de Bruno Retailleau<\/a>, condamn\u00e9 \u00e0 une forme d\u2019ambigu\u00eft\u00e9 consistant \u00e0 d\u00e9zinguer le gouvernement, mais sans appeler clairement \u00e0 la censure pour ne pas voir ses troupes \u00e0 l\u2019Assembl\u00e9e nationale lui \u00e9chapper au profit de Laurent Wauquiez, cet adversaire interne que la conqu\u00eate du parti n\u2019a pas suffi \u00e0 terrasser. En parall\u00e8le, les partisans de l\u2019union avec l\u2019extr\u00eame droite essaient de tirer profit de ce qui s\u2019apparente \u00e0 un d\u00e9but de dislocation chez LR.<\/p>\n<p class=\"asset asset-text\">\u00ab\u00a0Otages du Parti socialiste, les d\u00e9put\u00e9s LR signent un pacte avec le diable. Je propose \u00e0 Bruno Retailleau une rencontre pour poser les bases d\u2019un renversement d\u2019alliance \u00e0 droite avec le RN\u00a0\u00bb, a opportun\u00e9ment r\u00e9agi \u00c9ric Ciotti, prenant un malin plaisir \u00e0 reprendre les mots du Vend\u00e9en pour montrer qu\u2019il partageait son diagnostic. Officiellement, le pr\u00e9sident des R\u00e9publicains n\u2019a pas donn\u00e9 suite. Pour l\u2019instant.<\/p>\n","protected":false},"excerpt":{"rendered":"ADNAN FARZAT \/ NurPhoto via AFP Bruno Retailleau photographi\u00e9 au si\u00e8ge des R\u00e9publicains, au lendemain de la d\u00e9mission&hellip;\n","protected":false},"author":2,"featured_media":465021,"comment_status":"","ping_status":"","sticky":false,"template":"","format":"standard","meta":{"footnotes":""},"categories":[4],"tags":[11,1013,1011,27,5639,6319,12,316,11036,25,11067],"class_list":{"0":"post-465020","1":"post","2":"type-post","3":"status-publish","4":"format-standard","5":"has-post-thumbnail","7":"category-france","8":"tag-actualites","9":"tag-bruno-retailleau","10":"tag-fr","11":"tag-france","12":"tag-laurent-wauquiez","13":"tag-les-republicains","14":"tag-news","15":"tag-politique","16":"tag-reforme-des-retraites","17":"tag-republique-francaise","18":"tag-sebastien-lecornu"},"share_on_mastodon":{"url":"https:\/\/pubeurope.com\/@fr\/115378489884138248","error":""},"_links":{"self":[{"href":"https:\/\/www.europesays.com\/fr\/wp-json\/wp\/v2\/posts\/465020","targetHints":{"allow":["GET"]}}],"collection":[{"href":"https:\/\/www.europesays.com\/fr\/wp-json\/wp\/v2\/posts"}],"about":[{"href":"https:\/\/www.europesays.com\/fr\/wp-json\/wp\/v2\/types\/post"}],"author":[{"embeddable":true,"href":"https:\/\/www.europesays.com\/fr\/wp-json\/wp\/v2\/users\/2"}],"replies":[{"embeddable":true,"href":"https:\/\/www.europesays.com\/fr\/wp-json\/wp\/v2\/comments?post=465020"}],"version-history":[{"count":0,"href":"https:\/\/www.europesays.com\/fr\/wp-json\/wp\/v2\/posts\/465020\/revisions"}],"wp:featuredmedia":[{"embeddable":true,"href":"https:\/\/www.europesays.com\/fr\/wp-json\/wp\/v2\/media\/465021"}],"wp:attachment":[{"href":"https:\/\/www.europesays.com\/fr\/wp-json\/wp\/v2\/media?parent=465020"}],"wp:term":[{"taxonomy":"category","embeddable":true,"href":"https:\/\/www.europesays.com\/fr\/wp-json\/wp\/v2\/categories?post=465020"},{"taxonomy":"post_tag","embeddable":true,"href":"https:\/\/www.europesays.com\/fr\/wp-json\/wp\/v2\/tags?post=465020"}],"curies":[{"name":"wp","href":"https:\/\/api.w.org\/{rel}","templated":true}]}}