{"id":465024,"date":"2025-10-15T13:47:11","date_gmt":"2025-10-15T13:47:11","guid":{"rendered":"https:\/\/www.europesays.com\/fr\/465024\/"},"modified":"2025-10-15T13:47:11","modified_gmt":"2025-10-15T13:47:11","slug":"le-tramway-percute-un-bus-a-saint-etienne-le-conducteur-condamne-a-de-la-prison","status":"publish","type":"post","link":"https:\/\/www.europesays.com\/fr\/465024\/","title":{"rendered":"Le tramway percute un bus \u00e0 Saint-\u00c9tienne : le conducteur condamn\u00e9 \u00e0 de la prison"},"content":{"rendered":"<p>Condamn\u00e9 \u00e0 dix mois de prison, dont cinq avec sursis, le conducteur de tram \u00e0 l&rsquo;origine d&rsquo;un spectaculaire accident survenu \u00e0 Saint-\u00c9tienne en mars dernier a \u00e9t\u00e9 reconnu coupable de blessures involontaires sous l&#8217;emprise de stup\u00e9fiants. L&rsquo;homme, \u00e2g\u00e9 de 46 ans, avait percut\u00e9 un bus \u00e0 Ch\u00e2teaucreux, faisant six bless\u00e9s.<\/p>\n<p>Les faits remontent <a class=\"url\" href=\"https:\/\/www.radioscoop.com\/infos\/maj-accident-entre-un-tram-et-un-bus-a-saint-etienne-le-trafic-a-repris_323137\" target=\"_blank\" rel=\"noopener\">au 1?? mars 2025<\/a> dans le quartier de Ch\u00e2teaucreux, \u00e0 Saint-\u00c9tienne. Un tramway de la STAS, conduit par <b>un homme de 46 ans positif au cannabis<\/b>, avait percut\u00e9 un bus. Bilan de l&rsquo;accident : six bless\u00e9s.<\/p>\n<p>Jug\u00e9 le 17 septembre dernier par le tribunal correctionnel de Saint-\u00c9tienne, le quadrag\u00e9naire comparaissait pour\u00a0blessures involontaires par conducteur ayant fait usage de stup\u00e9fiants et conduite \u00e0 vitesse excessive.<\/p>\n<p>Dix mois de prison pour le conducteur<\/p>\n<p>Selon <a class=\"url\" href=\"https:\/\/www.leprogres.fr\/faits-divers-justice\/2025\/10\/15\/le-tram-avait-percute-un-bus-prison-ferme-pour-le-conducteur-sous-cannabis\" target=\"_blank\" rel=\"noopener\">Le Progr\u00e8s<\/a>, le d\u00e9lib\u00e9r\u00e9 a \u00e9t\u00e9 rendu ce mercredi 15 octobre. Le conducteur a \u00e9t\u00e9 condamn\u00e9 \u00e0 dix mois de prison, donc cinq sous bracelet \u00e9lectronique et cinq avec sursis.<\/p>\n<p>Le pr\u00e9venu, qui a \u00e9t\u00e9 licenci\u00e9, a aussi \u00e9cop\u00e9 d&rsquo;une amende de 750 euros et d&rsquo;une interdiction de travailler dans le transport de voyageurs pour une dur\u00e9e de cinq ans.<\/p>\n<p><img loading=\"lazy\" decoding=\"async\" src=\"https:\/\/www.europesays.com\/fr\/wp-content\/uploads\/2025\/10\/1760536031_619_img\" width=\"350\" height=\"200\" border=\"0\" title=\"Le 126e derby de l'histoire au stade Geoffroy Guichard\"\/><\/p>\n<p>\u25baPolice &#8211; Justice<\/p>\n<p style=\"font-size: 22px;\"><b>Interruption du derby ASSE-OL : le proc\u00e8s des deux hommes report\u00e9 par le tribunal<\/b><\/p>\n<p>Deux hommes de 28 ans comparaissent, ce lundi 13&#8230;<\/p>\n<p><\/p>\n","protected":false},"excerpt":{"rendered":"Condamn\u00e9 \u00e0 dix mois de prison, dont cinq avec sursis, le conducteur de tram \u00e0 l&rsquo;origine d&rsquo;un spectaculaire&hellip;\n","protected":false},"author":2,"featured_media":465025,"comment_status":"","ping_status":"","sticky":false,"template":"","format":"standard","meta":{"footnotes":""},"categories":[9653],"tags":[119,1111,11,2430,1777,674,1011,27,12,806,25,9920,4001,3693],"class_list":{"0":"post-465024","1":"post","2":"type-post","3":"status-publish","4":"format-standard","5":"has-post-thumbnail","7":"category-saint-etienne","8":"tag-accident","9":"tag-actu","10":"tag-actualites","11":"tag-auvergne-rhone-alpes","12":"tag-eu","13":"tag-europe","14":"tag-fr","15":"tag-france","16":"tag-news","17":"tag-prison","18":"tag-republique-francaise","19":"tag-saint-tienne","20":"tag-saint-etienne","21":"tag-tribunal"},"share_on_mastodon":{"url":"https:\/\/pubeurope.com\/@fr\/115378497289515066","error":""},"_links":{"self":[{"href":"https:\/\/www.europesays.com\/fr\/wp-json\/wp\/v2\/posts\/465024","targetHints":{"allow":["GET"]}}],"collection":[{"href":"https:\/\/www.europesays.com\/fr\/wp-json\/wp\/v2\/posts"}],"about":[{"href":"https:\/\/www.europesays.com\/fr\/wp-json\/wp\/v2\/types\/post"}],"author":[{"embeddable":true,"href":"https:\/\/www.europesays.com\/fr\/wp-json\/wp\/v2\/users\/2"}],"replies":[{"embeddable":true,"href":"https:\/\/www.europesays.com\/fr\/wp-json\/wp\/v2\/comments?post=465024"}],"version-history":[{"count":0,"href":"https:\/\/www.europesays.com\/fr\/wp-json\/wp\/v2\/posts\/465024\/revisions"}],"wp:featuredmedia":[{"embeddable":true,"href":"https:\/\/www.europesays.com\/fr\/wp-json\/wp\/v2\/media\/465025"}],"wp:attachment":[{"href":"https:\/\/www.europesays.com\/fr\/wp-json\/wp\/v2\/media?parent=465024"}],"wp:term":[{"taxonomy":"category","embeddable":true,"href":"https:\/\/www.europesays.com\/fr\/wp-json\/wp\/v2\/categories?post=465024"},{"taxonomy":"post_tag","embeddable":true,"href":"https:\/\/www.europesays.com\/fr\/wp-json\/wp\/v2\/tags?post=465024"}],"curies":[{"name":"wp","href":"https:\/\/api.w.org\/{rel}","templated":true}]}}