{"id":465056,"date":"2025-10-15T14:07:14","date_gmt":"2025-10-15T14:07:14","guid":{"rendered":"https:\/\/www.europesays.com\/fr\/465056\/"},"modified":"2025-10-15T14:07:14","modified_gmt":"2025-10-15T14:07:14","slug":"nice-et-cannes-neo-encheres-propose-deux-journees-gratuites-destimation","status":"publish","type":"post","link":"https:\/\/www.europesays.com\/fr\/465056\/","title":{"rendered":"Nice et Cannes : NEO Ench\u00e8res propose deux journ\u00e9es gratuites d\u2019estimation (\u2026)"},"content":{"rendered":"<p>                    <img loading=\"lazy\" decoding=\"async\" src=\"https:\/\/www.europesays.com\/fr\/wp-content\/uploads\/2025\/10\/f77442d37e4e553c53286667dca998.png\" class=\"img-responsive post-image\" width=\"680\" height=\"510\" alt=\"Nice et Cannes : NEO (\u2026)\" title=\"Nice et Cannes : NEO Ench\u00e8res propose deux journ\u00e9es gratuites d'estimation d'objets pr\u00e9cieux\"\/><\/p>\n<p class=\"chapo\">NEO Ench\u00e8res organise deux journ\u00e9es d\u2019expertises gratuites \u00e0 Cannes et Nice, les 20 et 21 octobre. L\u2019objectif affich\u00e9\u00a0: permettre au grand public de faire expertiser gratuitement bijoux, montres, tableaux et objets de collection sans engagement.<\/p>\n<p>Le march\u00e9 de l\u2019art et des ench\u00e8res conna\u00eet depuis plusieurs ann\u00e9es une transformation rapide, sous l\u2019effet conjugu\u00e9 du num\u00e9rique et de l\u2019\u00e9volution des comportements d\u2019achat. Les ventes en ligne se multiplient, et les maisons de ventes cherchent \u00e0 capter un public plus large, au-del\u00e0 des collectionneurs traditionnels. Dans ce contexte, NEO Ench\u00e8res propose un mod\u00e8le associant outils num\u00e9riques et rencontres de terrain. Selon l\u2019entreprise, cette approche dite phygitale repose sur la reconnaissance d\u2019objets par intelligence artificielle et sur des bases de donn\u00e9es internationales, compl\u00e9t\u00e9es par des expertises physiques r\u00e9alis\u00e9es en r\u00e9gion. Un positionnement qui vise \u00e0 rassurer les particuliers face \u00e0 un univers souvent per\u00e7u comme r\u00e9serv\u00e9 aux initi\u00e9s.<\/p>\n<p>Des rendez-vous locaux<\/p>\n<p>Les journ\u00e9es d\u2019expertise propos\u00e9es \u00e0 Cannes (le 20 octobre) et \u00e0 Nice (le 21 octobre) permettront \u00e0 des particuliers de faire \u00e9valuer bijoux, montres, \u0153uvres d\u2019art ou objets de collection.<br class=\"autobr\"\/><br \/>\nLes estimations sont gratuites et sans engagement, pr\u00e9cise la soci\u00e9t\u00e9, qui y voit aussi un moyen de renforcer sa pr\u00e9sence sur le territoire azur\u00e9en. Pour son pr\u00e9sident, <strong>Quentin Charraudeau<\/strong>, dipl\u00f4m\u00e9 de SKEMA Business School \u00e0 Sophia Antipolis, ces journ\u00e9es locales ont \u00e9galement une port\u00e9e symbolique\u00a0: il s\u2019agit, selon lui, de \u00ab\u00a0 revenir sur un territoire qui a marqu\u00e9 [son] parcours et d\u2019y d\u00e9velopper une offre d\u2019expertise accessible\u00a0\u00bb.<\/p>\n<p>Valoriser un patrimoine dormant<\/p>\n<p>Les objets anciens ou familiaux constituent aujourd\u2019hui une forme de <strong>capital parfois m\u00e9connue. <\/strong> Dans un contexte \u00e9conomique incertain, de nombreux particuliers cherchent \u00e0 \u00e9valuer ou valoriser ces biens, notamment les bijoux et pi\u00e8ces en or, dont les cours sont historiquement hauts.<br class=\"autobr\"\/><br \/>\nNEO Ench\u00e8res affirme avoir d\u00e9j\u00e0 estim\u00e9 50 000 objets depuis sa cr\u00e9ation\u00a0: selon les exemples cit\u00e9s par la soci\u00e9t\u00e9, certains particuliers d\u00e9couvrent lors de ces expertises que des objets consid\u00e9r\u00e9s comme anodins peuvent atteindre des montants importants une fois mis en vente aux ench\u00e8res. Une r\u00e9alit\u00e9 qui t\u00e9moigne, plus largement, de la revalorisation du march\u00e9 secondaire et de l\u2019int\u00e9r\u00eat croissant des m\u00e9nages pour le patrimoine mat\u00e9riel.<\/p>\n<p>Les rendez-vous<\/p>\n<p><strong>Cannes \u2013 Lundi 20 octobre <\/strong><br class=\"autobr\"\/><br \/>\nFive Seas By Inwood Hotels \u2013 Salon Jacques Cartier \u2013 1 rue Notre-Dame<br class=\"autobr\"\/><br \/>\nDe 9h \u00e0 18h \u2013 Expertises gratuites et sans engagement<br class=\"autobr\"\/><br \/>\n<strong>Nice \u2013 Mardi 21 octobre <\/strong> <br class=\"autobr\"\/><br \/>\nWestminster Hotel &amp; Spa \u2013 Salon Victoire \u2013 27 Promenade des Anglais<br class=\"autobr\"\/><br \/>\nDe 9h \u00e0 18h \u2013 Expertises gratuites et sans engagement<\/p>\n<p>Visule de Une \u00a9NEO Ench\u00e8res<\/p>\n","protected":false},"excerpt":{"rendered":"NEO Ench\u00e8res organise deux journ\u00e9es d\u2019expertises gratuites \u00e0 Cannes et Nice, les 20 et 21 octobre. L\u2019objectif affich\u00e9\u00a0:&hellip;\n","protected":false},"author":2,"featured_media":465057,"comment_status":"","ping_status":"","sticky":false,"template":"","format":"standard","meta":{"footnotes":""},"categories":[2819],"tags":[1111,11,2408,1777,674,1011,27,12,2401,882,25],"class_list":{"0":"post-465056","1":"post","2":"type-post","3":"status-publish","4":"format-standard","5":"has-post-thumbnail","7":"category-nice","8":"tag-actu","9":"tag-actualites","10":"tag-appels-d","11":"tag-eu","12":"tag-europe","13":"tag-fr","14":"tag-france","15":"tag-news","16":"tag-nice","17":"tag-provence-alpes-cote-dazur","18":"tag-republique-francaise"},"share_on_mastodon":{"url":"https:\/\/pubeurope.com\/@fr\/115378575965950572","error":""},"_links":{"self":[{"href":"https:\/\/www.europesays.com\/fr\/wp-json\/wp\/v2\/posts\/465056","targetHints":{"allow":["GET"]}}],"collection":[{"href":"https:\/\/www.europesays.com\/fr\/wp-json\/wp\/v2\/posts"}],"about":[{"href":"https:\/\/www.europesays.com\/fr\/wp-json\/wp\/v2\/types\/post"}],"author":[{"embeddable":true,"href":"https:\/\/www.europesays.com\/fr\/wp-json\/wp\/v2\/users\/2"}],"replies":[{"embeddable":true,"href":"https:\/\/www.europesays.com\/fr\/wp-json\/wp\/v2\/comments?post=465056"}],"version-history":[{"count":0,"href":"https:\/\/www.europesays.com\/fr\/wp-json\/wp\/v2\/posts\/465056\/revisions"}],"wp:featuredmedia":[{"embeddable":true,"href":"https:\/\/www.europesays.com\/fr\/wp-json\/wp\/v2\/media\/465057"}],"wp:attachment":[{"href":"https:\/\/www.europesays.com\/fr\/wp-json\/wp\/v2\/media?parent=465056"}],"wp:term":[{"taxonomy":"category","embeddable":true,"href":"https:\/\/www.europesays.com\/fr\/wp-json\/wp\/v2\/categories?post=465056"},{"taxonomy":"post_tag","embeddable":true,"href":"https:\/\/www.europesays.com\/fr\/wp-json\/wp\/v2\/tags?post=465056"}],"curies":[{"name":"wp","href":"https:\/\/api.w.org\/{rel}","templated":true}]}}