{"id":465084,"date":"2025-10-15T14:22:11","date_gmt":"2025-10-15T14:22:11","guid":{"rendered":"https:\/\/www.europesays.com\/fr\/465084\/"},"modified":"2025-10-15T14:22:11","modified_gmt":"2025-10-15T14:22:11","slug":"en-plein-coeur-de-paris-un-homme-de-51-ans-depouille-et-jete-dans-la-seine","status":"publish","type":"post","link":"https:\/\/www.europesays.com\/fr\/465084\/","title":{"rendered":"En plein c\u0153ur de Paris, un homme de 51 ans d\u00e9pouill\u00e9 et jet\u00e9 dans la Seine"},"content":{"rendered":"<p>            Par<br \/>\n        <strong><br \/>\n            <a href=\"https:\/\/actu.fr\/auteur\/antoine-blanchet\" title=\"Consulter tous les articles de Antoine Blanchet\" target=\"_blank\" rel=\"noopener\">Antoine Blanchet<\/a><br \/>\n        <\/strong><\/p>\n<p>        Publi\u00e9 le<\/p>\n<p>            15 oct. 2025 \u00e0 15h14        <\/p>\n<p>Une agression gratuite qui aurait pu finir en drame. Dans la nuit du mardi\u00a014 au mercredi 15\u00a0octobre 2025, un homme de 51\u00a0ans <strong>a \u00e9t\u00e9 agress\u00e9 dans le centre de <a href=\"https:\/\/actu.fr\/paris\/\" target=\"_blank\" rel=\"noopener\">Paris<\/a> par cinq individus<\/strong>, nous indique le parquet. La victime s\u2019est faite d\u00e9rober son t\u00e9l\u00e9phone et a \u00e9t\u00e9 pouss\u00e9e dans la Seine.<\/p>\n<p>La victime en \u00e9tat d\u2019hypothermie<\/p>\n<p class=\" wall-content\">Les faits se sont d\u00e9roul\u00e9s vers 23h20. La victime marchait <a href=\"https:\/\/actu.fr\/ile-de-france\/paris_75056\/revolution-bataille-de-napoleon-d-ou-vient-le-nom-du-pont-d-arcole-a-paris_60136859.html\" target=\"_blank\" rel=\"noopener\">sur le pont d\u2019Arcole<\/a> dans le 4e arrondissement lorsque cinq individus sont venus \u00e0 sa rencontre. Ces derniers ont pris \u00e0 partie le quinquag\u00e9naire et lui ont soutir\u00e9 son t\u00e9l\u00e9phone.<\/p>\n<p class=\" wall-content\">La suite n\u2019est qu\u2019un d\u00e9cha\u00eenement de violence. La victime a \u00e9t\u00e9 frapp\u00e9e au point de tomber dans la Seine. Plut\u00f4t que lui venir en aide, la petite bande a pris la poudre d\u2019escampette. Heureusement, le quinquag\u00e9naire est parvenu \u00e0 nager jusqu\u2019\u00e0 la rive. Pris en charge par les pompiers, il \u00e9tait en \u00e9tat d\u2019hypothermie, mais a pu \u00eatre entendu par les enqu\u00eateurs. Une enqu\u00eate a \u00e9t\u00e9 ouverte pour<strong> tentative <a href=\"https:\/\/actu.fr\/tag\/meurtre\" target=\"_blank\" rel=\"noopener\">d\u2019homicide volontaire<\/a><\/strong>, nous pr\u00e9cise le parquet.<\/p>\n<p class=\" wall-content\">Personnalisez votre actualit\u00e9 en ajoutant vos villes et m\u00e9dias en favori avec <a href=\"https:\/\/moncompte.actu.fr\" title=\"D\u00e9couvez Mon Actu\" rel=\"nofollow noopener\" data-trk=\"{&quot;cta&quot;:{&quot;action&quot;:&quot;https:\\\/\\\/moncompte.actu.fr&quot;,&quot;category&quot;:&quot;mon compte&quot;,&quot;from&quot;:&quot;article footer&quot;,&quot;name&quot;:&quot;Mon actu&quot;,&quot;type&quot;:&quot;cta&quot;}}\" target=\"_blank\">Mon Actu<\/a>.<\/p>\n","protected":false},"excerpt":{"rendered":"Par Antoine Blanchet Publi\u00e9 le 15 oct. 2025 \u00e0 15h14 Une agression gratuite qui aurait pu finir en&hellip;\n","protected":false},"author":2,"featured_media":465085,"comment_status":"","ping_status":"","sticky":false,"template":"","format":"standard","meta":{"footnotes":""},"categories":[1888],"tags":[1111,1928,11,1927,1777,674,118,1011,27,5353,12,1926,626,1925,1072,25],"class_list":{"0":"post-465084","1":"post","2":"type-post","3":"status-publish","4":"format-standard","5":"has-post-thumbnail","7":"category-paris","8":"tag-actu","9":"tag-actu-paris","10":"tag-actualites","11":"tag-actualites-paris","12":"tag-eu","13":"tag-europe","14":"tag-faits-divers","15":"tag-fr","16":"tag-france","17":"tag-la-seine","18":"tag-news","19":"tag-news-paris","20":"tag-paris","21":"tag-paris-news","22":"tag-police","23":"tag-republique-francaise"},"share_on_mastodon":{"url":"https:\/\/pubeurope.com\/@fr\/115378634427959499","error":""},"_links":{"self":[{"href":"https:\/\/www.europesays.com\/fr\/wp-json\/wp\/v2\/posts\/465084","targetHints":{"allow":["GET"]}}],"collection":[{"href":"https:\/\/www.europesays.com\/fr\/wp-json\/wp\/v2\/posts"}],"about":[{"href":"https:\/\/www.europesays.com\/fr\/wp-json\/wp\/v2\/types\/post"}],"author":[{"embeddable":true,"href":"https:\/\/www.europesays.com\/fr\/wp-json\/wp\/v2\/users\/2"}],"replies":[{"embeddable":true,"href":"https:\/\/www.europesays.com\/fr\/wp-json\/wp\/v2\/comments?post=465084"}],"version-history":[{"count":0,"href":"https:\/\/www.europesays.com\/fr\/wp-json\/wp\/v2\/posts\/465084\/revisions"}],"wp:featuredmedia":[{"embeddable":true,"href":"https:\/\/www.europesays.com\/fr\/wp-json\/wp\/v2\/media\/465085"}],"wp:attachment":[{"href":"https:\/\/www.europesays.com\/fr\/wp-json\/wp\/v2\/media?parent=465084"}],"wp:term":[{"taxonomy":"category","embeddable":true,"href":"https:\/\/www.europesays.com\/fr\/wp-json\/wp\/v2\/categories?post=465084"},{"taxonomy":"post_tag","embeddable":true,"href":"https:\/\/www.europesays.com\/fr\/wp-json\/wp\/v2\/tags?post=465084"}],"curies":[{"name":"wp","href":"https:\/\/api.w.org\/{rel}","templated":true}]}}