{"id":465088,"date":"2025-10-15T14:24:11","date_gmt":"2025-10-15T14:24:11","guid":{"rendered":"https:\/\/www.europesays.com\/fr\/465088\/"},"modified":"2025-10-15T14:24:11","modified_gmt":"2025-10-15T14:24:11","slug":"il-fait-tout-son-voyage-agrippe-a-sa-valise-restee-coincee-a-lexterieur-du-train","status":"publish","type":"post","link":"https:\/\/www.europesays.com\/fr\/465088\/","title":{"rendered":"il fait tout son voyage agripp\u00e9 \u00e0 sa valise&#8230; rest\u00e9e coinc\u00e9e \u00e0 l&rsquo;ext\u00e9rieur du train"},"content":{"rendered":"<p>            Par<br \/>\n        <strong><br \/>\n            <a href=\"https:\/\/actu.fr\/auteur\/redaction-paris\" title=\"Consulter tous les articles de R\u00e9daction Paris\" target=\"_blank\" rel=\"noopener\">R\u00e9daction Paris<\/a><br \/>\n        <\/strong><\/p>\n<p>        Publi\u00e9 le<\/p>\n<p>            15 oct. 2025 \u00e0 16h14        <\/p>\n<p>\u00ab Je lui ai dit d\u2019attendre mais le tonton n\u2019a pas voulu \u00e9couter. \u00bb C\u2019est la l\u00e9gende choisie par la personne qui a film\u00e9 puis diffus\u00e9 sur <a href=\"https:\/\/actu.fr\/tag\/tiktok\" target=\"_blank\" rel=\"noopener\">TikTok<\/a> une sc\u00e8ne pour le moins insolite : un homme se trouve \u00e0 bord d\u2019un train et <strong>s\u2019agrippe \u00e0 sa valise<\/strong>, bloqu\u00e9e par les portes et coinc\u00e9e \u00e0 l\u2019ext\u00e9rieur.<\/p>\n<p>Attention, danger\u00a0<\/p>\n<p class=\" wall-content\">Combien de temps a-t-il tenu ? Depuis quand \u00e9tait-il dans cette situation ? Difficile \u00e0 dire. D\u2019apr\u00e8s les informations donn\u00e9es par l\u2019auteur de ce <strong>clip de quatorze secondes<\/strong>, l\u2019homme se trouvait dans un train parti de Paris. \u00c0 en juger par l\u2019int\u00e9rieur du wagon et le quai de la gare, il pourrait s\u2019agir d\u2019un <a href=\"https:\/\/actu.fr\/tag\/rer-b\" target=\"_blank\" rel=\"noopener\">RER<\/a> ou d\u2019un <a href=\"https:\/\/actu.fr\/tag\/transilien\" target=\"_blank\" rel=\"noopener\">Transilien<\/a>.<\/p>\n<blockquote class=\"tiktok-embed\" cite=\"https:\/\/www.tiktok.com\/@riles75_\/video\/7559896094377823510\" data-video-id=\"7559896094377823510\" data-embed-from=\"oembed\" style=\"max-width:605px; min-width:325px;\"><p>\n<a target=\"_blank\" title=\"@riles75_\" href=\"https:\/\/www.tiktok.com\/@riles75_?refer=embed\" rel=\"noopener\">@riles75_<\/a> <\/p>\n<p>\ud83d\ude02 <a title=\"paris\" target=\"_blank\" href=\"https:\/\/www.tiktok.com\/tag\/paris?refer=embed\" rel=\"noopener\">#paris<\/a> <a title=\"viral\" target=\"_blank\" href=\"https:\/\/www.tiktok.com\/tag\/viral?refer=embed\" rel=\"noopener\">#viral<\/a> <\/p>\n<p> <a target=\"_blank\" title=\"\u266c son original - \u0627\u063a\u064a\u0644\u0627\u0633\" href=\"https:\/\/www.tiktok.com\/music\/son-original-7559896069136681730?refer=embed\" rel=\"noopener\">\u266c son original \u2013 \u0627\u063a\u064a\u0644\u0627\u0633<\/a> <\/p>\n<\/blockquote>\n<p class=\" wall-content\">Si ce passager ne semble pas avoir \u00e9t\u00e9 bless\u00e9, son voyage aurait pu prendre une tournure bien plus dramatique. <a href=\"https:\/\/actu.fr\/tag\/ile-de-france-mobilites\" target=\"_blank\" rel=\"noopener\">\u00cele-de-France Mobilit\u00e9s<\/a> rappelle r\u00e9guli\u00e8rement <strong>les r\u00e8gles \u00e0 respecter<\/strong> pour ne pas se mettre en danger. Parmi elles : ne jamais monter dans un m\u00e9tro ou un train une fois que le signal sonore a retenti, afin d\u2019\u00e9viter d\u2019\u00eatre coinc\u00e9 par les portes et de risquer sa vie.\u00a0<\/p>\n<p class=\" wall-content\">Personnalisez votre actualit\u00e9 en ajoutant vos villes et m\u00e9dias en favori avec <a href=\"https:\/\/moncompte.actu.fr\" title=\"D\u00e9couvez Mon Actu\" rel=\"nofollow noopener\" data-trk=\"{&quot;cta&quot;:{&quot;action&quot;:&quot;https:\\\/\\\/moncompte.actu.fr&quot;,&quot;category&quot;:&quot;mon compte&quot;,&quot;from&quot;:&quot;article footer&quot;,&quot;name&quot;:&quot;Mon actu&quot;,&quot;type&quot;:&quot;cta&quot;}}\" target=\"_blank\">Mon Actu<\/a>.<\/p>\n<p>                    <script async src=\"\/\/www.tiktok.com\/embed.js\"><\/script><\/p>\n","protected":false},"excerpt":{"rendered":"Par R\u00e9daction Paris Publi\u00e9 le 15 oct. 2025 \u00e0 16h14 \u00ab Je lui ai dit d\u2019attendre mais le&hellip;\n","protected":false},"author":2,"featured_media":463318,"comment_status":"","ping_status":"","sticky":false,"template":"","format":"standard","meta":{"footnotes":""},"categories":[1888],"tags":[11,1777,674,1011,27,1757,12,626,25,2439],"class_list":{"0":"post-465088","1":"post","2":"type-post","3":"status-publish","4":"format-standard","5":"has-post-thumbnail","7":"category-paris","8":"tag-actualites","9":"tag-eu","10":"tag-europe","11":"tag-fr","12":"tag-france","13":"tag-insolite","14":"tag-news","15":"tag-paris","16":"tag-republique-francaise","17":"tag-tiktok"},"share_on_mastodon":{"url":"https:\/\/pubeurope.com\/@fr\/115378642251789325","error":""},"_links":{"self":[{"href":"https:\/\/www.europesays.com\/fr\/wp-json\/wp\/v2\/posts\/465088","targetHints":{"allow":["GET"]}}],"collection":[{"href":"https:\/\/www.europesays.com\/fr\/wp-json\/wp\/v2\/posts"}],"about":[{"href":"https:\/\/www.europesays.com\/fr\/wp-json\/wp\/v2\/types\/post"}],"author":[{"embeddable":true,"href":"https:\/\/www.europesays.com\/fr\/wp-json\/wp\/v2\/users\/2"}],"replies":[{"embeddable":true,"href":"https:\/\/www.europesays.com\/fr\/wp-json\/wp\/v2\/comments?post=465088"}],"version-history":[{"count":0,"href":"https:\/\/www.europesays.com\/fr\/wp-json\/wp\/v2\/posts\/465088\/revisions"}],"wp:featuredmedia":[{"embeddable":true,"href":"https:\/\/www.europesays.com\/fr\/wp-json\/wp\/v2\/media\/463318"}],"wp:attachment":[{"href":"https:\/\/www.europesays.com\/fr\/wp-json\/wp\/v2\/media?parent=465088"}],"wp:term":[{"taxonomy":"category","embeddable":true,"href":"https:\/\/www.europesays.com\/fr\/wp-json\/wp\/v2\/categories?post=465088"},{"taxonomy":"post_tag","embeddable":true,"href":"https:\/\/www.europesays.com\/fr\/wp-json\/wp\/v2\/tags?post=465088"}],"curies":[{"name":"wp","href":"https:\/\/api.w.org\/{rel}","templated":true}]}}