{"id":465093,"date":"2025-10-15T14:27:13","date_gmt":"2025-10-15T14:27:13","guid":{"rendered":"https:\/\/www.europesays.com\/fr\/465093\/"},"modified":"2025-10-15T14:27:13","modified_gmt":"2025-10-15T14:27:13","slug":"les-drones-russes-et-le-soutien-a-lukraine-au-menu-de-la-reunion-des-membres-de-lotan","status":"publish","type":"post","link":"https:\/\/www.europesays.com\/fr\/465093\/","title":{"rendered":"Les drones russes et le soutien \u00e0 l&rsquo;Ukraine au menu de la r\u00e9union des membres de l&rsquo;Otan"},"content":{"rendered":"<p>Les ministres de la D\u00e9fense de l&rsquo;Otan se sont retrouv\u00e9s mercredi \u00e0 Bruxelles pour discuter des moyens de renforcer leur soutien \u00e0 l&rsquo;Ukraine, mais aussi d&rsquo;am\u00e9liorer la riposte de l&rsquo;Alliance, apr\u00e8s de multiples incursions russes dans le ciel europ\u00e9en.<\/p>\n<p>Les ministres de la D\u00e9fense concern\u00e9s veulent mieux r\u00e9pondre aux nouveaux d\u00e9fis lanc\u00e9s par la Russie et ses drones, soit \u00ab\u00a0faire encore plus pour prot\u00e9ger l&rsquo;Otan contre ces nouveaux d\u00e9veloppements\u00a0\u00bb, a expliqu\u00e9 mercredi son secr\u00e9taire g\u00e9n\u00e9ral Mark Rutte.<\/p>\n<p>L&rsquo;intrusion d&rsquo;une vingtaine de drones russes en septembre dans l&rsquo;espace a\u00e9rien polonais avait contraint l&rsquo;Alliance \u00e0 en abattre trois. Quelques jours plus tard, les chasseurs de l&rsquo;Otan avaient escort\u00e9 trois MiG russes hors du ciel estonien, apr\u00e8s une intrusion ayant dur\u00e9 12 minutes, un record.<\/p>\n<p>Cette r\u00e9ponse dans l&rsquo;urgence avait \u00e9t\u00e9 suivie par le lancement de l&rsquo;op\u00e9ration \u00ab\u00a0Eastern Sentry\u00a0\u00bb (sentinelle orientale) pour renforcer la surveillance du flanc est de l&rsquo;Alliance. Mais plusieurs pays estiment qu&rsquo;il faudrait aller plus loin.<\/p>\n<p>Un \u00ab\u00a0mur\u00a0\u00bb antidrones?<\/p>\n<p>L&rsquo;Union europ\u00e9enne, dont les ministres de la D\u00e9fense se r\u00e9uniront dans la soir\u00e9e mercredi apr\u00e8s l&rsquo;Otan, a propos\u00e9 un \u00ab\u00a0mur\u00a0\u00bb antidrones pour y faire face.<\/p>\n<p>L&rsquo;Otan y est favorable, a assur\u00e9 son secr\u00e9taire g\u00e9n\u00e9ral, encore faut-il que cela se fasse en bonne intelligence avec l&rsquo;Alliance. Celle-ci doit rester ma\u00eetre d&rsquo;\u0153uvre, en indiquant \u00e0 l&rsquo;UE ce qu&rsquo;il convient de faire, a assur\u00e9 un diplomate.<\/p>\n<p><strong class=\"inline-title\">&gt;&gt; Lire aussi:\u00a0: <\/strong><a href=\"https:\/\/www.rts.ch\/info\/monde\/2025\/article\/l-ue-veut-un-mur-anti-drones-face-a-la-russie-lecons-de-l-ukraine-29010419.html\" data-item-id=\"richtext_link\" rel=\"nofollow noopener\" target=\"_blank\">Pour \u00e9riger un \u00ab\u00a0mur anti-drones\u00a0\u00bb, l&rsquo;UE veut \u00ab\u00a0aller vite\u00a0\u00bb et apprendre de l&rsquo;Ukraine<\/a><\/p>\n<p>Des armes pour l&rsquo;Ukraine<\/p>\n<p>Les ministres de la D\u00e9fense de l&rsquo;Alliance vont \u00e9galement rencontrer leur homologue ukrainien Denys Chmygal lors d&rsquo;un d\u00e9jeuner de travail et d&rsquo;une r\u00e9union du Groupe de contact sur l&rsquo;Ukraine.<\/p>\n<p>Dans le cadre du programme Purl, Kiev a d\u00e9j\u00e0 re\u00e7u deux tranches d&rsquo;aide pour environ deux milliards de dollars, financ\u00e9s par les Pays-Bas, et plusieurs pays scandinaves. Cette initiative, lanc\u00e9e par Washington, permet \u00e0 Kiev d&rsquo;acheter des armes am\u00e9ricaines financ\u00e9es par les Europ\u00e9ens.<\/p>\n<p>L&rsquo;Allemagne et le Canada se sont engag\u00e9s \u00e0 en financer deux autres tranches, \u00e0 hauteur de 500 millions de dollars chacun, et Kiev esp\u00e8re qu&rsquo;autres seront rapidement finalis\u00e9es.<\/p>\n<p class=\"sources\">ats\/mera<\/p>\n","protected":false},"excerpt":{"rendered":"Les ministres de la D\u00e9fense de l&rsquo;Otan se sont retrouv\u00e9s mercredi \u00e0 Bruxelles pour discuter des moyens de&hellip;\n","protected":false},"author":2,"featured_media":465094,"comment_status":"","ping_status":"","sticky":false,"template":"","format":"standard","meta":{"footnotes":""},"categories":[1590],"tags":[11,2120,3576,554,564,1777,674,418,3577,58890,74,12,136,316,2543,1778,220],"class_list":{"0":"post-465093","1":"post","2":"type-post","3":"status-publish","4":"format-standard","5":"has-post-thumbnail","7":"category-ukraine","8":"tag-actualites","9":"tag-conflit","10":"tag-conflit-arme","11":"tag-defense","12":"tag-drone","13":"tag-eu","14":"tag-europe","15":"tag-gouvernement","16":"tag-guerre-et-paix","17":"tag-ministre-de-la-defense","18":"tag-monde","19":"tag-news","20":"tag-otan","21":"tag-politique","22":"tag-relations-internationales","23":"tag-ue","24":"tag-ukraine"},"share_on_mastodon":{"url":"https:\/\/pubeurope.com\/@fr\/115378653970866469","error":""},"_links":{"self":[{"href":"https:\/\/www.europesays.com\/fr\/wp-json\/wp\/v2\/posts\/465093","targetHints":{"allow":["GET"]}}],"collection":[{"href":"https:\/\/www.europesays.com\/fr\/wp-json\/wp\/v2\/posts"}],"about":[{"href":"https:\/\/www.europesays.com\/fr\/wp-json\/wp\/v2\/types\/post"}],"author":[{"embeddable":true,"href":"https:\/\/www.europesays.com\/fr\/wp-json\/wp\/v2\/users\/2"}],"replies":[{"embeddable":true,"href":"https:\/\/www.europesays.com\/fr\/wp-json\/wp\/v2\/comments?post=465093"}],"version-history":[{"count":0,"href":"https:\/\/www.europesays.com\/fr\/wp-json\/wp\/v2\/posts\/465093\/revisions"}],"wp:featuredmedia":[{"embeddable":true,"href":"https:\/\/www.europesays.com\/fr\/wp-json\/wp\/v2\/media\/465094"}],"wp:attachment":[{"href":"https:\/\/www.europesays.com\/fr\/wp-json\/wp\/v2\/media?parent=465093"}],"wp:term":[{"taxonomy":"category","embeddable":true,"href":"https:\/\/www.europesays.com\/fr\/wp-json\/wp\/v2\/categories?post=465093"},{"taxonomy":"post_tag","embeddable":true,"href":"https:\/\/www.europesays.com\/fr\/wp-json\/wp\/v2\/tags?post=465093"}],"curies":[{"name":"wp","href":"https:\/\/api.w.org\/{rel}","templated":true}]}}