{"id":465101,"date":"2025-10-15T14:31:15","date_gmt":"2025-10-15T14:31:15","guid":{"rendered":"https:\/\/www.europesays.com\/fr\/465101\/"},"modified":"2025-10-15T14:31:15","modified_gmt":"2025-10-15T14:31:15","slug":"la-pologne-ou-dautres-pays-de-lue-seront-ils-exemptes-du-pacte-sur-les-migrations","status":"publish","type":"post","link":"https:\/\/www.europesays.com\/fr\/465101\/","title":{"rendered":"La Pologne ou d&rsquo;autres pays de l&rsquo;UE seront-ils exempt\u00e9s du pacte sur les migrations\u00a0?"},"content":{"rendered":"<p>          <img decoding=\"async\" class=\"c-ad__placeholder__logo\" src=\"https:\/\/static.euronews.com\/website\/images\/logos\/logo-euronews-stacked-outlined-72x72-grey-9.svg\" width=\"72\" height=\"72\" alt=\"\" loading=\"lazy\"\/><br \/>\n          PUBLICIT\u00c9<\/p>\n<p>Les dispositions du pacte introduisent un m\u00e9canisme qui pr\u00e9voit la relocalisation annuelle d&rsquo;au moins 30 000 migrants. Les pays qui choisissent de ne pas accepter et de ne pas traiter les demandes d&rsquo;asile seront oblig\u00e9s de payer une redevance de 20 000 euros pour chaque demande en attente ou de prendre d&rsquo;autres mesures de solidarit\u00e9.<\/p>\n<p>Les pays membres disposent de trois options pour remplir leurs obligations : la relocalisation des migrants, des contributions financi\u00e8res ou un soutien op\u00e9rationnel (\u00e9quipement, personnel, logistique, etc.).<\/p>\n<p>Dans le m\u00eame temps, le pacte stipule que les pays soumis \u00e0 une pression migratoire particuli\u00e8re &#8211; par exemple, en raison d&rsquo;un afflux important de r\u00e9fugi\u00e9s &#8211; peuvent b\u00e9n\u00e9ficier d&rsquo;une exemption partielle ou totale de leurs obligations de solidarit\u00e9.<\/p>\n<p>La Pologne, un exemple \u00e0 suivre<\/p>\n<p>La question la plus d\u00e9battue actuellement est celle de la Pologne. Comme l&rsquo;ont rapport\u00e9 RMF FM, la radio la plus \u00e9cout\u00e9e dans le pays, et d&rsquo;autres m\u00e9dias polonais, la Pologne pourrait \u00eatre exempt\u00e9e de l&rsquo;obligation de relocaliser les migrants et d&rsquo;une partie des obligations financi\u00e8res pr\u00e9vues par le pacte, tout en b\u00e9n\u00e9ficiant d&rsquo;une aide op\u00e9rationnelle.<\/p>\n<p>\u00ab\u00a0Je sais depuis longtemps que la Pologne ne sera pas incluse dans le programme de relocalisation et que personne ne nous enverra de migrants,\u00a0\u00bb a soulign\u00e9 le Premier ministre Donald Tusk lors d&rsquo;une conf\u00e9rence de presse mardi. <\/p>\n<p>\u00ab\u00a0Tant que je serai en charge du gouvernement en Pologne, quelle que soit l&rsquo;\u00e9volution du pacte sur les migrations, la Pologne n&rsquo;a pas accept\u00e9 et n&rsquo;acceptera pas de migrants dans le cadre du m\u00e9canisme de relocalisation. Pas un seul migrant. De notre point de vue, le sujet est clos,\u00a0\u00bb a-t-il ajout\u00e9.<\/p>\n<p>Le ministre de l&rsquo;Int\u00e9rieur et de l&rsquo;administration, Marcin Kierwi\u0144ski, a \u00e9galement comment\u00e9 l&rsquo;information. \u00ab\u00a0La Pologne sera exempt\u00e9e des m\u00e9canismes de relocalisation des migrants pendant de nombreuses ann\u00e9es\u00a0\u00bb, a d\u00e9clar\u00e9 le ministre mardi \u00e0 Luxembourg lors du Conseil \u00ab\u00a0Justice et affaires int\u00e9rieures\u00a0\u00bb de l&rsquo;Union europ\u00e9enne.<\/p>\n<p>L&rsquo;ancien ministre de l&rsquo;Int\u00e9rieur et de l&rsquo;administration du gouvernement de Mateusz Morawiecki, Mariusz Kami\u0144ski, aujourd&rsquo;hui d\u00e9put\u00e9 europ\u00e9en du PiS, a abord\u00e9 la question dans son profil sur le site de r\u00e9seautage social X. Il a indiqu\u00e9 qu&rsquo;\u00e0 son avis, la Pologne n&rsquo;avait pas besoin d&rsquo;\u00eatre un pays d&rsquo;accueil.<\/p>\n<p>Cependant, la question du pacte migratoire fait actuellement l&rsquo;objet de vives frictions au sein de l&rsquo;Union europ\u00e9enne, selon lui. \u00ab\u00a0Aucune d\u00e9cision n&rsquo;a \u00e9t\u00e9 prise, il n&rsquo;est pas question d&rsquo;une exclusion syst\u00e9mique de la Pologne,\u00a0\u00bb a-t-il soulign\u00e9.<\/p>\n<p>Adam Sz\u0142apka, porte-parole du gouvernement, a rappel\u00e9 mardi sur la chaine d&rsquo;information en continu TVP Info que les dispositions du soi-disant pacte migratoire ont \u00e9t\u00e9 r\u00e9dig\u00e9es alors que Mateusz Morawiecki \u00e9tait encore au gouvernement. Comme il l&rsquo;a d\u00e9clar\u00e9, \u00ab\u00a0il s&rsquo;agit en fait d&rsquo;un pacte migratoire qui porte le nom de Mateusz Morawiecki\u00a0\u00bb. Il a \u00e9galement indiqu\u00e9 que la Pologne serait exempt\u00e9e de la relocalisation des migrants de mani\u00e8re permanente et pas seulement pendant un an.<\/p>\n<p>Toutefois, la Commission europ\u00e9enne n&rsquo;a toujours pas pris de position officielle.<\/p>\n<p>La Pologne soutient qu&rsquo;elle a accueilli des millions de r\u00e9fugi\u00e9s depuis le d\u00e9but de l&rsquo;invasion de l&rsquo;Ukraine par la Russie, ce qui la place dans une situation unique et m\u00e9rite le statut de pays \u00ab\u00a0sous pression migratoire\u00a0\u00bb.<\/p>\n<p>Est-il possible pour le pays d&rsquo;\u00eatre compl\u00e8tement exempt\u00e9 des obligations du pacte sur les migrations ?<\/p>\n<p>La Commission europ\u00e9enne souligne que la l\u00e9gislation de l&rsquo;UE ne pr\u00e9voit pas l&rsquo;exemption totale d&rsquo;un pays du pacte.<\/p>\n<p>Il pr\u00e9voit plut\u00f4t la possibilit\u00e9 d&rsquo;assouplir les obligations, par exemple en r\u00e9duisant la relocalisation des migrants ou les obligations financi\u00e8res ou op\u00e9rationnelles, si un \u00c9tat membre est consid\u00e9r\u00e9 comme \u00e9tant \u00ab\u00a0sous pression migratoire\u00a0\u00bb.<\/p>\n<p>Les crit\u00e8res que l&rsquo;UE utilisera pour reconna\u00eetre le statut d&rsquo;un tel pays ne sont pas clairement pr\u00e9sent\u00e9s. Le nombre de r\u00e9fugi\u00e9s, la protection temporaire, la situation aux fronti\u00e8res sont autant d&rsquo;\u00e9l\u00e9ments qui peuvent \u00eatre pris en compte.<\/p>\n<p>Si une d\u00e9cision sur une forme d&rsquo;exemption \u00e9tait formellement adopt\u00e9e, cela pourrait signifier qu&rsquo;un pays n&rsquo;aurait pas \u00e0 accepter de migrants, ou qu&rsquo;il aurait moins de personnes \u00e0 accepter. Il pourrait \u00eatre exempt\u00e9 des sanctions financi\u00e8res ou des frais li\u00e9s au non-respect de l&rsquo;obligation de relocalisation, ou b\u00e9n\u00e9ficier d&rsquo;un taux r\u00e9duit. Il pourrait \u00e9galement \u00eatre exempt\u00e9 de l&rsquo;obligation de fournir du mat\u00e9riel, du personnel ou de participer \u00e0 des activit\u00e9s op\u00e9rationnelles.<\/p>\n<p>En th\u00e9orie, elle pourrait \u00e9galement \u00eatre exempt\u00e9e de certaines exigences proc\u00e9durales, telles que les obligations de filtrage. Cela est moins probable, car les questions de proc\u00e9dure sont plus fortement r\u00e9glement\u00e9es par la loi.<\/p>\n<p>Les d\u00e9cisions de ce type risquent d&rsquo;\u00eatre per\u00e7ues comme un pr\u00e9c\u00e9dent, ce qui signifie que d&rsquo;autres pays s&rsquo;attendront \u00e0 des concessions similaires. Cela pourrait conduire \u00e0 des n\u00e9gociations, des protestations ou un litige juridique si la Commission europ\u00e9enne ou d&rsquo;autres pays ont des interpr\u00e9tations diff\u00e9rentes.<\/p>\n<p>Qui d&rsquo;autre que la Pologne peut demander une exemption ?<\/p>\n<p>Jusqu&rsquo;\u00e0 pr\u00e9sent, les pays particuli\u00e8rement touch\u00e9s par l&rsquo;immigration, tels que la Gr\u00e8ce, l&rsquo;Espagne et l&rsquo;Italie, sont le plus souvent mentionn\u00e9s dans le contexte d&rsquo;une \u00e9ventuelle exemption.<\/p>\n<p>Cependant, l&rsquo;exemple des pays accueillant un grand nombre de r\u00e9fugi\u00e9s de guerre, comme la Pologne vis-\u00e0-vis de l&rsquo;Ukraine, montre qu&rsquo;un tel crit\u00e8re peut \u00eatre crucial.<\/p>\n<p>Pour l&rsquo;instant, il n&rsquo;existe pas de liste officiellement confirm\u00e9e de pays pouvant \u00eatre officiellement exempt\u00e9s.<\/p>\n<p>Doutes, controverses et suite ?<\/p>\n<p>Le 15 octobre, la Commission europ\u00e9enne devait pr\u00e9senter une liste de pays soumis \u00e0 ce que l&rsquo;on appelle la pression migratoire et d\u00e9finir un fonds de solidarit\u00e9 pour l&rsquo;ann\u00e9e prochaine, qui financerait la relocalisation, les frais de non-admission de migrants ou le soutien op\u00e9rationnel.<\/p>\n<p>Toutefois, des informations non officielles parues dans les m\u00e9dias sugg\u00e8rent que la Commission europ\u00e9enne n&rsquo;examinera pas le rapport sur le pacte migratoire cette semaine.<\/p>\n<p>Le commissaire europ\u00e9en charg\u00e9 des Affaires int\u00e9rieures et de la migration, Magnus Brunner, devait pr\u00e9senter mercredi 15 octobre un rapport sur la situation migratoire dans les diff\u00e9rents pays de l&rsquo;UE et sur les engagements de solidarit\u00e9 qui en d\u00e9coulent.<\/p>\n<p>Interrog\u00e9 lors d&rsquo;une conf\u00e9rence de presse \u00e0 l&rsquo;issue de la r\u00e9union des ministres qui s&rsquo;est tenue mardi \u00e0 Luxembourg sur la question de savoir si l&rsquo;opposition croissante des \u00c9tats membres pourrait emp\u00eacher le plan de d\u00e9marrer, Magnus Brunner a soulign\u00e9 qu&rsquo;il importait peu que la Commission europ\u00e9enne pr\u00e9sente le document quelques jours plus t\u00f4t ou plus tard.<\/p>\n<p>Comme le rapporte RMF FM, le porte-parole de la Commission europ\u00e9enne, Marcus Lammert, a indiqu\u00e9 qu&rsquo;il \u00ab\u00a0informerait lorsqu&rsquo;il y aura une nouvelle date de publication\u00a0\u00bb.<\/p>\n<p>Ce retard soul\u00e8ve des questions sur le sort de la Pologne dans le contexte du m\u00e9canisme de \u00ab\u00a0solidarit\u00e9 migratoire\u00a0\u00bb de l&rsquo;UE, en particulier sur ses chances d&rsquo;\u00eatre exempt\u00e9e de la relocalisation des migrants ou des obligations financi\u00e8res.<\/p>\n","protected":false},"excerpt":{"rendered":"PUBLICIT\u00c9 Les dispositions du pacte introduisent un m\u00e9canisme qui pr\u00e9voit la relocalisation annuelle d&rsquo;au moins 30 000 migrants.&hellip;\n","protected":false},"author":2,"featured_media":465102,"comment_status":"","ping_status":"","sticky":false,"template":"","format":"standard","meta":{"footnotes":""},"categories":[1586],"tags":[11,2196,1777,674,1011,27,1061,12,2437,2495,25],"class_list":{"0":"post-465101","1":"post","2":"type-post","3":"status-publish","4":"format-standard","5":"has-post-thumbnail","7":"category-europe","8":"tag-actualites","9":"tag-commission-europeenne","10":"tag-eu","11":"tag-europe","12":"tag-fr","13":"tag-france","14":"tag-immigration","15":"tag-news","16":"tag-pologne","17":"tag-refugies","18":"tag-republique-francaise"},"share_on_mastodon":{"url":"https:\/\/pubeurope.com\/@fr\/115378670316124157","error":""},"_links":{"self":[{"href":"https:\/\/www.europesays.com\/fr\/wp-json\/wp\/v2\/posts\/465101","targetHints":{"allow":["GET"]}}],"collection":[{"href":"https:\/\/www.europesays.com\/fr\/wp-json\/wp\/v2\/posts"}],"about":[{"href":"https:\/\/www.europesays.com\/fr\/wp-json\/wp\/v2\/types\/post"}],"author":[{"embeddable":true,"href":"https:\/\/www.europesays.com\/fr\/wp-json\/wp\/v2\/users\/2"}],"replies":[{"embeddable":true,"href":"https:\/\/www.europesays.com\/fr\/wp-json\/wp\/v2\/comments?post=465101"}],"version-history":[{"count":0,"href":"https:\/\/www.europesays.com\/fr\/wp-json\/wp\/v2\/posts\/465101\/revisions"}],"wp:featuredmedia":[{"embeddable":true,"href":"https:\/\/www.europesays.com\/fr\/wp-json\/wp\/v2\/media\/465102"}],"wp:attachment":[{"href":"https:\/\/www.europesays.com\/fr\/wp-json\/wp\/v2\/media?parent=465101"}],"wp:term":[{"taxonomy":"category","embeddable":true,"href":"https:\/\/www.europesays.com\/fr\/wp-json\/wp\/v2\/categories?post=465101"},{"taxonomy":"post_tag","embeddable":true,"href":"https:\/\/www.europesays.com\/fr\/wp-json\/wp\/v2\/tags?post=465101"}],"curies":[{"name":"wp","href":"https:\/\/api.w.org\/{rel}","templated":true}]}}