{"id":465114,"date":"2025-10-15T14:39:12","date_gmt":"2025-10-15T14:39:12","guid":{"rendered":"https:\/\/www.europesays.com\/fr\/465114\/"},"modified":"2025-10-15T14:39:12","modified_gmt":"2025-10-15T14:39:12","slug":"resultat-alexander-shevchenko-corentin-moutet-atp-250-almaty-deuxieme-tour-mercredi-15-octobre-2025-lequipe","status":"publish","type":"post","link":"https:\/\/www.europesays.com\/fr\/465114\/","title":{"rendered":"R\u00e9sultat : Alexander Shevchenko &#8211; Corentin Moutet, ATP 250, Almaty, Deuxi\u00e8me tour, Mercredi 15 octobre 2025 &#8211; L&#039;\u00c9quipe"},"content":{"rendered":"<ol>\n<li><a href=\"https:\/\/news.google.com\/rss\/articles\/CBMizwFBVV95cUxPVl9hTHItRkpPWkIweVdQMHZoREpkYzdtWVdva2dFN2ZwcXB1ZTA0Tm1Wck5WdlJxTmlzZVFiQk13a2dvckxJN2htc19mYkxKWHVSX3FFRjhSWEdzdC1RUHNuTXlXdUx1Q0NkSlU4c0o0YlNHTTZVRFgzOUJweHVRbEJXMi1nVEJrVmZ5YU9nWmxZa1VDcXlTVWZIQkY3QXhRQkJzeGNXRXVxU092VEhqaFR4dVcxY25LSzJtZzlXRTMxbXFaQUhBX3ZkSkpzMms?oc=5\" target=\"_blank\" rel=\"nofollow noopener\">R\u00e9sultat : Alexander Shevchenko &#8211; Corentin Moutet, ATP 250, Almaty, Deuxi\u00e8me tour, Mercredi 15 octobre 2025<\/a>&nbsp;&nbsp;L&rsquo;\u00c9quipe<\/li>\n<li><a href=\"https:\/\/news.google.com\/rss\/articles\/CBMivgFBVV95cUxOUlFpeVlBcjR6anRfcGRtdEhpaGRuTnV5d2VVcHF5TFdNSWpOV2FKT1hDQ0ktMW9td1VLZmtLOFota2NTM3hTbk5nQzlOSllLb3h0VjZjOWZ0a3BuY3RWUkhqVEhYb0E0Vmc3ZGtycnNfU25JSU9OZDc2Sm9KNmVUX24ySGJ0Z1hDT2NLZS00dFRyeExHS1dmaVhUTUVCOXAtQkRFdzdQaEszdmdFaGExNUhqeU1jNmNLTVFCaS1n?oc=5\" target=\"_blank\" rel=\"nofollow noopener\">Dalma Galfi &#8211; Leylah Fernandez, WTA 250, Osaka, Deuxi\u00e8me tour, Jeudi 16 octobre 2025<\/a>&nbsp;&nbsp;L&rsquo;\u00c9quipe<\/li>\n<li><a href=\"https:\/\/news.google.com\/rss\/articles\/CBMiXkFVX3lxTFBoNWxtZWFTSXhtZDYxNXd3YmRlUjExa0RtRnIxYnhWMzJaRGlFc1dsMklXcVhKdWxXQnFqRU9wVktWaVZ4cjBpVHJoSklnUmdua1k1MGh5anV0bXlLT2c?oc=5\" target=\"_blank\" rel=\"nofollow noopener\">Guide de la NBA 2025-2026 : Equipes, cinq majeur, transferts &#8230;<\/a>&nbsp;&nbsp;L&rsquo;\u00c9quipe<\/li>\n<li><a href=\"https:\/\/news.google.com\/rss\/articles\/CBMiygFBVV95cUxQVlhqdEN0MDRMMlFaLTUxUlJPMVRMZGJBSGhBLWlXc3F2VmZpV3kyXzlpMExpMFA0aGhfOGNvaGFEMEExZXhyNUZpZ2xYQU01MkgyWmZrcV9XaUJnVEpTd1VMQ3dpLTFneHcwNGh6RC1rbllsNHBhMWg0aDVWR1FoVHZOQ3I3c2JES2JqNW9hbzZnQW4xeDdwR0cxcDZ3ckpQNVNkOFA4YW5Qcm9scGF0TW5jNEVYME1KR3Njc05EVXdSYXNxdjdjRjlR?oc=5\" target=\"_blank\" rel=\"nofollow noopener\">R\u00e9sultat : Arthur Cazaux &#8211; Shintaro Mochizuki, ATP 250, Almaty, Premier tour, Mercredi 15 octobre 2025<\/a>&nbsp;&nbsp;L&rsquo;\u00c9quipe<\/li>\n<li><a href=\"https:\/\/news.google.com\/rss\/articles\/CBMirgFBVV95cUxPTG9JM1oyVDVWcWRpRzB2YUt0X0pyWGhFckhNSGU2cVdYY1QzaVQ0MVoybFYzckRpR1BKWmNQOFFveWc3LWs5ZWVzWDN0SHF4VXZXNmttQ3FmYUZ1X0RpZ09HbXJaaDFsekk2VjQ1cVpJWk9IUXBCbndPbUtLNTQxVEtYOTdlclJ0NFpGdGRMUWRqSkI5S1d1RzBBZ015ZGtPRWFmSHBxUW5peVVicmc?oc=5\" target=\"_blank\" rel=\"nofollow noopener\">Norv\u00e8ge 1-1 Nouvelle-Z\u00e9lande, Matches amicaux A : r\u00e9sum\u00e9 du match (14\/10\/2025)<\/a>&nbsp;&nbsp;L&rsquo;\u00c9quipe<\/li>\n<\/ol>\n","protected":false},"excerpt":{"rendered":"R\u00e9sultat : Alexander Shevchenko &#8211; Corentin Moutet, ATP 250, Almaty, Deuxi\u00e8me tour, Mercredi 15 octobre 2025&nbsp;&nbsp;L&rsquo;\u00c9quipe Dalma Galfi&hellip;\n","protected":false},"author":2,"featured_media":1983,"comment_status":"","ping_status":"","sticky":false,"template":"","format":"standard","meta":{"footnotes":""},"categories":[1415],"tags":[1011,27,60,1467],"class_list":{"0":"post-465114","1":"post","2":"type-post","3":"status-publish","4":"format-standard","5":"has-post-thumbnail","7":"category-tennis","8":"tag-fr","9":"tag-france","10":"tag-sports","11":"tag-tennis"},"share_on_mastodon":{"url":"https:\/\/pubeurope.com\/@fr\/115378701143959891","error":""},"_links":{"self":[{"href":"https:\/\/www.europesays.com\/fr\/wp-json\/wp\/v2\/posts\/465114","targetHints":{"allow":["GET"]}}],"collection":[{"href":"https:\/\/www.europesays.com\/fr\/wp-json\/wp\/v2\/posts"}],"about":[{"href":"https:\/\/www.europesays.com\/fr\/wp-json\/wp\/v2\/types\/post"}],"author":[{"embeddable":true,"href":"https:\/\/www.europesays.com\/fr\/wp-json\/wp\/v2\/users\/2"}],"replies":[{"embeddable":true,"href":"https:\/\/www.europesays.com\/fr\/wp-json\/wp\/v2\/comments?post=465114"}],"version-history":[{"count":0,"href":"https:\/\/www.europesays.com\/fr\/wp-json\/wp\/v2\/posts\/465114\/revisions"}],"wp:featuredmedia":[{"embeddable":true,"href":"https:\/\/www.europesays.com\/fr\/wp-json\/wp\/v2\/media\/1983"}],"wp:attachment":[{"href":"https:\/\/www.europesays.com\/fr\/wp-json\/wp\/v2\/media?parent=465114"}],"wp:term":[{"taxonomy":"category","embeddable":true,"href":"https:\/\/www.europesays.com\/fr\/wp-json\/wp\/v2\/categories?post=465114"},{"taxonomy":"post_tag","embeddable":true,"href":"https:\/\/www.europesays.com\/fr\/wp-json\/wp\/v2\/tags?post=465114"}],"curies":[{"name":"wp","href":"https:\/\/api.w.org\/{rel}","templated":true}]}}