{"id":465115,"date":"2025-10-15T14:41:13","date_gmt":"2025-10-15T14:41:13","guid":{"rendered":"https:\/\/www.europesays.com\/fr\/465115\/"},"modified":"2025-10-15T14:41:13","modified_gmt":"2025-10-15T14:41:13","slug":"alex-marquez-pret-pour-ses-nouvelles-responsabilites-en-2026","status":"publish","type":"post","link":"https:\/\/www.europesays.com\/fr\/465115\/","title":{"rendered":"\u00c1lex M\u00e1rquez pr\u00eat pour ses nouvelles responsabilit\u00e9s en 2026"},"content":{"rendered":"<p>Ducati a annonc\u00e9 le mois dernier un changement notable dans son approche\u00a0:\u00a0la marque fournira la saison prochaine une moto d&rsquo;usine de plus qu&rsquo;actuellement. Au lieu de deux groupes \u00e9quilibr\u00e9s compos\u00e9s de trois motos de l&rsquo;ann\u00e9e en cours et trois de l&rsquo;ann\u00e9e pr\u00e9c\u00e9dente, le constructeur augmentera son effort pour passer \u00e0 quatre machines d&rsquo;usine en 2026.<\/p>\n<p>La moto suppl\u00e9mentaire est destin\u00e9e \u00e0 <a href=\"https:\/\/fr.motorsport.com\/driver\/alex-marquez\/96324\/\" target=\"_blank\" rel=\"noopener nofollow\">\u00c1lex M\u00e1rquez<\/a>, r\u00e9compens\u00e9 pour une saison d&rsquo;ores et d\u00e9j\u00e0 remarquable. L&rsquo;Espagnol a d\u00e9j\u00e0 obtenu trois victoires cette ann\u00e9e (une au sprint et deux le dimanche) sur un total de 22 podiums. Fid\u00e8le \u00e0 l&rsquo;\u00e9quipe Gresini la saison prochaine, il b\u00e9n\u00e9ficiera donc de conditions encore meilleures pour chercher \u00e0 capitaliser sur le niveau qu&rsquo;il a atteint.<\/p>\n<p>\u00ab\u00a0Je suis tr\u00e8s excit\u00e9. Je pense que c&rsquo;est une r\u00e9compense pour l&rsquo;\u00e9quipe en particulier\u00a0\u00bb, estime l&rsquo;Espagnol, qui fait partie des cinq pilotes de la grille actuelle \u00e0 avoir d\u00e9j\u00e0 gagn\u00e9 avec Gresini en MotoGP.<\/p>\n<p>Lire aussi :<\/p>\n<p>\u00ab\u00a0Ils le m\u00e9ritent\u00a0\u00bb, ajoute M\u00e1rquez pour le site officiel du championnat. \u00ab\u00a0Mes r\u00e9sultats de cette ann\u00e9e aident aussi \u00e0 obtenir cette moto pour l&rsquo;ann\u00e9e prochaine. Nadia [Padovani] m&rsquo;aide beaucoup et elle a pouss\u00e9 fort pour obtenir cette moto d&rsquo;usine. Merci \u00e0 Ducati d&rsquo;avoir concr\u00e9tis\u00e9 \u00e7a. Maintenant, on a tout le mat\u00e9riel pour faire du bon boulot en 2026, mais avant cela, il faut qu&rsquo;on termine cette saison d&rsquo;une bonne mani\u00e8re.\u00a0\u00bb<\/p>\n<p>En solide position pour terminer deuxi\u00e8me du championnat derri\u00e8re le champion, d\u00e9j\u00e0 titr\u00e9, \u00c1lex M\u00e1rquez sait que cette moto qui lui est promise est \u00e0 la fois une r\u00e9compense et le signe de la confiance que lui accorde Ducati pour obtenir des r\u00e9sultats encore plus \u00e9lev\u00e9s, et plus r\u00e9guliers, l&rsquo;an prochain.<\/p>\n<p>\u00ab\u00a0C&rsquo;est vraiment une bonne nouvelle, une tr\u00e8s bonne opportunit\u00e9. On sait que \u00e7a va entra\u00eener de plus grandes responsabilit\u00e9s \u00e0 de nombreux niveaux, mais c&rsquo;est vraiment bien de savoir qu&rsquo;on a cette approche d&rsquo;usine et le m\u00eame mat\u00e9riel que [l&rsquo;\u00e9quipe officielle]\u00a0\u00bb, observe-t-il.<\/p>\n<p><img decoding=\"async\" class=\"sizer\" draggable=\"false\" src=\"data:image\/png;base64,iVBORw0KGgoAAAANSUhEUgAAABAAAAAJCAYAAAA7KqwyAAAAGXRFWHRTb2Z0d2FyZQBBZG9iZSBJbWFnZVJlYWR5ccllPAAAABpJREFUeNpi\/P\/\/PwMlgImBQjBqwLAwACDAAOVfAw9\/ZDvcAAAAAElFTkSuQmCC\" alt=\"\" loading=\"lazy\"\/><\/p>\n<p class=\"title\">VID\u00c9O &#8211; R\u00c9SUM\u00c9 : Les meilleurs moments du GP de Catalogne<\/p>\n<p>Ses nouvelles responsabilit\u00e9s se feront sentir d\u00e8s <a href=\"https:\/\/fr.motorsport.com\/motogp\/news\/motogp-officialise-dates-essais-hivernaux-2026\/10766165\/\" target=\"_self\" rel=\"noopener nofollow\">les essais d&rsquo;intersaison<\/a>, puisqu&rsquo;en recevant la sp\u00e9cification la plus r\u00e9cente, \u00c1lex M\u00e1rquez est conscient que sa parole sera attendue de la part des ing\u00e9nieurs de Borgo Panigale.<\/p>\n<p>\u00ab\u00a0On va assur\u00e9ment changer un peu d&rsquo;approche pendant les tests, on aura plus de choses \u00e0 essayer et de travail \u00e0 faire. \u00c7a va doubler notre charge de travail. Cette ann\u00e9e, les tests \u00e9taient super faciles, on cherchait juste \u00e0 extraire la performance, on n&rsquo;avait pas de pi\u00e8ces \u00e0 tester. Mais j&rsquo;aime ce travail, le fait d&rsquo;essayer des choses et d&rsquo;aider Ducati \u00e0 progresser. Ce sera une tr\u00e8s bonne opportunit\u00e9 pour le team et pour moi, et on va essayer d&rsquo;en extraire le maximum.\u00a0\u00bb<\/p>\n<p>Cela changera-t-il ensuite sa charge de travail et la mani\u00e8re dont il op\u00e8re pendant les Grands Prix\u00a0?\u00a0\u00ab\u00a0Je pense que ce sont surtout les tests qui vont beaucoup changer. Pendant le week-end, il faut aussi donner la priorit\u00e9 \u00e0 la performance, ne pas essayer trop de choses. Il est vrai que certains week-ends, on aura une nouvelle pi\u00e8ce, quelque chose qu&rsquo;il faudra essayer, mais au final, il ne faut pas perdre de vue la priorit\u00e9 qui est la performance.\u00a0\u00bb<\/p>\n<p>Lire aussi :<\/p>\n<p>            Votre avis nous int\u00e9resse !<\/p>\n<p class=\"mt-auto\">Qu&rsquo;aimeriez-vous voir sur Motorsport.com ?<\/p>\n<p>            <a href=\"#\" class=\"ms-link text-link font-bold\">R\u00e9pondez \u00e0 notre enqu\u00eate de 5 minutes.<\/a><\/p>\n<p class=\"mt-1 font-info text-body\">&#8211; L&rsquo;\u00e9quipe Motorsport.com<\/p>\n","protected":false},"excerpt":{"rendered":"Ducati a annonc\u00e9 le mois dernier un changement notable dans son approche\u00a0:\u00a0la marque fournira la saison prochaine une&hellip;\n","protected":false},"author":2,"featured_media":465116,"comment_status":"","ping_status":"","sticky":false,"template":"","format":"standard","meta":{"footnotes":""},"categories":[1413],"tags":[1011,27,3452,1457,1456,1458,60,7896,58895],"class_list":{"0":"post-465115","1":"post","2":"type-post","3":"status-publish","4":"format-standard","5":"has-post-thumbnail","7":"category-moto","8":"tag-fr","9":"tag-france","10":"tag-gresini-racing","11":"tag-moto","12":"tag-motocycle","13":"tag-motogp","14":"tag-sports","15":"tag-u00c1lex-mu00e1rquez","16":"tag-u00c1lex-mu00e1rquez-pru00eat-pour-ses-nouvelles-responsabilitu00e9s-en-2026"},"share_on_mastodon":{"url":"https:\/\/pubeurope.com\/@fr\/115378709114776051","error":""},"_links":{"self":[{"href":"https:\/\/www.europesays.com\/fr\/wp-json\/wp\/v2\/posts\/465115","targetHints":{"allow":["GET"]}}],"collection":[{"href":"https:\/\/www.europesays.com\/fr\/wp-json\/wp\/v2\/posts"}],"about":[{"href":"https:\/\/www.europesays.com\/fr\/wp-json\/wp\/v2\/types\/post"}],"author":[{"embeddable":true,"href":"https:\/\/www.europesays.com\/fr\/wp-json\/wp\/v2\/users\/2"}],"replies":[{"embeddable":true,"href":"https:\/\/www.europesays.com\/fr\/wp-json\/wp\/v2\/comments?post=465115"}],"version-history":[{"count":0,"href":"https:\/\/www.europesays.com\/fr\/wp-json\/wp\/v2\/posts\/465115\/revisions"}],"wp:featuredmedia":[{"embeddable":true,"href":"https:\/\/www.europesays.com\/fr\/wp-json\/wp\/v2\/media\/465116"}],"wp:attachment":[{"href":"https:\/\/www.europesays.com\/fr\/wp-json\/wp\/v2\/media?parent=465115"}],"wp:term":[{"taxonomy":"category","embeddable":true,"href":"https:\/\/www.europesays.com\/fr\/wp-json\/wp\/v2\/categories?post=465115"},{"taxonomy":"post_tag","embeddable":true,"href":"https:\/\/www.europesays.com\/fr\/wp-json\/wp\/v2\/tags?post=465115"}],"curies":[{"name":"wp","href":"https:\/\/api.w.org\/{rel}","templated":true}]}}