{"id":465117,"date":"2025-10-15T14:42:16","date_gmt":"2025-10-15T14:42:16","guid":{"rendered":"https:\/\/www.europesays.com\/fr\/465117\/"},"modified":"2025-10-15T14:42:16","modified_gmt":"2025-10-15T14:42:16","slug":"le-secret-bien-garde-qui-pourrait-tout-changer-pour-aston-martin-en-2026","status":"publish","type":"post","link":"https:\/\/www.europesays.com\/fr\/465117\/","title":{"rendered":"Le secret bien gard\u00e9 qui pourrait tout changer pour Aston Martin en 2026"},"content":{"rendered":"<p>Alors que la saison 2025 n\u2019est pas encore termin\u00e9e, Aston Martin met r\u00e9solument le cap sur 2026, ann\u00e9e o\u00f9 une nouvelle r\u00e9glementation technique pourrait rebattre les cartes en Formule 1. Pour Fernando Alonso, tout est d\u00e9j\u00e0 bien en place. \u00ab Jusqu&rsquo;\u00e0 pr\u00e9sent, nous avons fait le meilleur travail possible \u00bb, a-t-il d\u00e9clar\u00e9 sur Marca.<\/p>\n<p>L\u2019arriv\u00e9e de cadres techniques de renom comme Adrian Newey et Enrico Cardile a donn\u00e9 un coup d\u2019acc\u00e9l\u00e9rateur aux ambitions de l\u2019\u00e9curie. \u00ab On con\u00e7oit et on produit plus rapidement, gr\u00e2ce \u00e0 ce personnel de r\u00eave \u00bb, confirme le directeur d\u2019\u00e9quipe, Andy Cowell.<\/p>\n<p>L\u2019enthousiasme est palpable, des bureaux jusqu\u2019aux cha\u00eenes de production. Mais dans cet \u00e9lan, la prudence reste de mise. \u00ab En F1, rien n\u2019est jamais suffisant \u00bb, rappelle Pedro de la Rosa, ambassadeur de la marque, au d\u00e9tour d&rsquo;une interview accord\u00e9e \u00e0<br \/>Car and Driver.<\/p>\n<p>Alonso, pilier et gage de performance<\/p>\n<p>Avec Fernando Alonso, Aston Martin peut compter sur un pilote d\u2019exp\u00e9rience, capable d\u2019exploiter chaque milli\u00e8me de performance. Son sens de la priorisation technique est un atout rare, selon de la Rosa. \u00ab Il sait exactement quelles modifications faire pour gagner en vitesse \u00bb.<\/p>\n<p>   Partagez cette info avec vos amis et vos proches en cliquant ici<br \/> Pour r\u00e9sumer<\/p>\n<p>Aston Martin se pr\u00e9pare intens\u00e9ment pour la saison 2026 avec l\u2019arriv\u00e9e d\u2019Adrian Newey et Enrico Cardile. L\u2019\u00e9quipe, port\u00e9e par Fernando Alonso, affiche calme et organisation \u00e0 Silverstone. Malgr\u00e9 l\u2019enthousiasme, prudence et travail restent essentiels pour r\u00e9ussir ce nouveau d\u00e9fi.<\/p>\n<p>R\u00e9dacteur<\/p>\n<p><img decoding=\"async\" width=\"76\" height=\"76\" loading=\"lazy\" src=\"https:\/\/www.europesays.com\/fr\/wp-content\/uploads\/2025\/09\/logo-juste-houngla.jpg\" alt=\"Juste Houngla\"\/><\/p>\n","protected":false},"excerpt":{"rendered":"Alors que la saison 2025 n\u2019est pas encore termin\u00e9e, Aston Martin met r\u00e9solument le cap sur 2026, ann\u00e9e&hellip;\n","protected":false},"author":2,"featured_media":465118,"comment_status":"","ping_status":"","sticky":false,"template":"","format":"standard","meta":{"footnotes":""},"categories":[1412],"tags":[1451,1452,1453,1454,1455,1011,27,60],"class_list":{"0":"post-465117","1":"post","2":"type-post","3":"status-publish","4":"format-standard","5":"has-post-thumbnail","7":"category-f1","8":"tag-f1","9":"tag-formula-1","10":"tag-formula1","11":"tag-formule-1","12":"tag-formule1","13":"tag-fr","14":"tag-france","15":"tag-sports"},"share_on_mastodon":{"url":"https:\/\/pubeurope.com\/@fr\/115378713551505210","error":""},"_links":{"self":[{"href":"https:\/\/www.europesays.com\/fr\/wp-json\/wp\/v2\/posts\/465117","targetHints":{"allow":["GET"]}}],"collection":[{"href":"https:\/\/www.europesays.com\/fr\/wp-json\/wp\/v2\/posts"}],"about":[{"href":"https:\/\/www.europesays.com\/fr\/wp-json\/wp\/v2\/types\/post"}],"author":[{"embeddable":true,"href":"https:\/\/www.europesays.com\/fr\/wp-json\/wp\/v2\/users\/2"}],"replies":[{"embeddable":true,"href":"https:\/\/www.europesays.com\/fr\/wp-json\/wp\/v2\/comments?post=465117"}],"version-history":[{"count":0,"href":"https:\/\/www.europesays.com\/fr\/wp-json\/wp\/v2\/posts\/465117\/revisions"}],"wp:featuredmedia":[{"embeddable":true,"href":"https:\/\/www.europesays.com\/fr\/wp-json\/wp\/v2\/media\/465118"}],"wp:attachment":[{"href":"https:\/\/www.europesays.com\/fr\/wp-json\/wp\/v2\/media?parent=465117"}],"wp:term":[{"taxonomy":"category","embeddable":true,"href":"https:\/\/www.europesays.com\/fr\/wp-json\/wp\/v2\/categories?post=465117"},{"taxonomy":"post_tag","embeddable":true,"href":"https:\/\/www.europesays.com\/fr\/wp-json\/wp\/v2\/tags?post=465117"}],"curies":[{"name":"wp","href":"https:\/\/api.w.org\/{rel}","templated":true}]}}