{"id":465119,"date":"2025-10-15T14:43:12","date_gmt":"2025-10-15T14:43:12","guid":{"rendered":"https:\/\/www.europesays.com\/fr\/465119\/"},"modified":"2025-10-15T14:43:12","modified_gmt":"2025-10-15T14:43:12","slug":"max-bock-a-trouve-son-equipe-pour-2026-actualite","status":"publish","type":"post","link":"https:\/\/www.europesays.com\/fr\/465119\/","title":{"rendered":"Max Bock a trouv\u00e9 son \u00e9quipe pour 2026 &#8211; Actualit\u00e9"},"content":{"rendered":"<p style=\"text-align: justify;\">Max Bock n&rsquo;\u00e9tait pas conserv\u00e9 par la Groupama-FDJ Continental et le coureur allemand <a href=\"https:\/\/www.directvelo.com\/actualite\/124526\/ils-ne-voulaient-pas-continuer-avec-moi-et-moi-non-plus-max-bock-ne-restera-pas\" target=\"_blank\" rel=\"noopener\"><strong>ne voulait plus rester dans cette \u00e9quipe<\/strong><\/a>. L&rsquo;Espoir 2 va rejoindre une autre r\u00e9serve du WorldTour en 2026, Red Bull-BORA-Hansgrohe Rookies.<\/p>\n<p>Max Bock s&rsquo;est class\u00e9 cette saison 3e \u00e0 Gippingen, 4e du Championnat d&rsquo;Allemagne Espoirs (disput\u00e9 dans le cadre du Championnat des 4 Nations, 11e) ou encore 5e de l&rsquo;Alpes Is\u00e8re Tour. Avec son \u00e9quipe nationale, il a termin\u00e9 8e du Tour de l&rsquo;Avenir, 9e du Championnat d&rsquo;Europe et 11e du Championnat du Monde.<\/p>\n<p>Suivez tous les transferts de l&rsquo;hiver <a href=\"https:\/\/www.directvelo.com\/mutations\/2026#pro-conti\" target=\"_blank\" rel=\"noopener\"><strong>en cliquant ici<\/strong><\/a>.\u00a0\u00a0<\/p>\n","protected":false},"excerpt":{"rendered":"Max Bock n&rsquo;\u00e9tait pas conserv\u00e9 par la Groupama-FDJ Continental et le coureur allemand ne voulait plus rester dans&hellip;\n","protected":false},"author":2,"featured_media":465120,"comment_status":"","ping_status":"","sticky":false,"template":"","format":"standard","meta":{"footnotes":""},"categories":[1411],"tags":[834,828,836,829,837,827,83,826,824,823,1154,207,814,817,815,816,822,821,832,211,839,1011,27,820,818,819,835,831,830,833,838,60,212,208,825],"class_list":{"0":"post-465119","1":"post","2":"type-post","3":"status-publish","4":"format-standard","5":"has-post-thumbnail","7":"category-cyclisme","8":"tag-attaque","9":"tag-belgique","10":"tag-braquet","11":"tag-bretagne","12":"tag-chute","13":"tag-competition","14":"tag-coupe-de-france","15":"tag-coureur","16":"tag-course-cyclisme","17":"tag-course-cycliste","18":"tag-cycling","19":"tag-cyclisme","20":"tag-direct","21":"tag-direct-velo","22":"tag-directvelo","23":"tag-directvelo-com","24":"tag-epreuve","25":"tag-epreuve-cycliste","26":"tag-federation-francaise-de-cyclisme","27":"tag-ffc","28":"tag-flandres","29":"tag-fr","30":"tag-france","31":"tag-live","32":"tag-live-course","33":"tag-live-epreuve","34":"tag-peloton","35":"tag-radio-peloton","36":"tag-radio-tour","37":"tag-ravitaillement","38":"tag-relance","39":"tag-sports","40":"tag-uci","41":"tag-velo","42":"tag-velos"},"share_on_mastodon":{"url":"https:\/\/pubeurope.com\/@fr\/115378716999967550","error":""},"_links":{"self":[{"href":"https:\/\/www.europesays.com\/fr\/wp-json\/wp\/v2\/posts\/465119","targetHints":{"allow":["GET"]}}],"collection":[{"href":"https:\/\/www.europesays.com\/fr\/wp-json\/wp\/v2\/posts"}],"about":[{"href":"https:\/\/www.europesays.com\/fr\/wp-json\/wp\/v2\/types\/post"}],"author":[{"embeddable":true,"href":"https:\/\/www.europesays.com\/fr\/wp-json\/wp\/v2\/users\/2"}],"replies":[{"embeddable":true,"href":"https:\/\/www.europesays.com\/fr\/wp-json\/wp\/v2\/comments?post=465119"}],"version-history":[{"count":0,"href":"https:\/\/www.europesays.com\/fr\/wp-json\/wp\/v2\/posts\/465119\/revisions"}],"wp:featuredmedia":[{"embeddable":true,"href":"https:\/\/www.europesays.com\/fr\/wp-json\/wp\/v2\/media\/465120"}],"wp:attachment":[{"href":"https:\/\/www.europesays.com\/fr\/wp-json\/wp\/v2\/media?parent=465119"}],"wp:term":[{"taxonomy":"category","embeddable":true,"href":"https:\/\/www.europesays.com\/fr\/wp-json\/wp\/v2\/categories?post=465119"},{"taxonomy":"post_tag","embeddable":true,"href":"https:\/\/www.europesays.com\/fr\/wp-json\/wp\/v2\/tags?post=465119"}],"curies":[{"name":"wp","href":"https:\/\/api.w.org\/{rel}","templated":true}]}}