{"id":465123,"date":"2025-10-15T14:45:13","date_gmt":"2025-10-15T14:45:13","guid":{"rendered":"https:\/\/www.europesays.com\/fr\/465123\/"},"modified":"2025-10-15T14:45:13","modified_gmt":"2025-10-15T14:45:13","slug":"meghan-markle-ce-surnom-en-trois-mots-que-lui-a-donne-la-famille-royale-et-qui-ne-lui-a-jamais-ete-dit-en-face","status":"publish","type":"post","link":"https:\/\/www.europesays.com\/fr\/465123\/","title":{"rendered":"Meghan Markle : ce surnom en trois mots que lui a donn\u00e9 la famille royale et qui ne lui a jamais \u00e9t\u00e9 dit en face"},"content":{"rendered":"<p><a href=\"https:\/\/www.closermag.fr\/royautes\/meghan-et-harry-leur-plan-secret-pour-se-reconcilier-avec-la-famille-royale-porte-un-nom-bien-particulier-3586789\" target=\"_blank\" rel=\"noopener\"><br \/>\nMeghan Markle<\/a> ne cesse de faire parler d\u2019elle, que ce soit pour<br \/>\nses apparitions remarqu\u00e9es \u00e0 la <a href=\"https:\/\/www.closermag.fr\/royautes\/meghan-markle-sest-invitee-elle-meme-a-la-fashion-week-de-paris-les-revelations-detonantes-du-styliste-de-balenciaga-3586427\" target=\"_blank\" rel=\"noopener\"><br \/>\nFashion Week<\/a> ou pour ses prises de parole engag\u00e9es \u00e0 New York<br \/>\nsur ses projets et ses causes. L\u2019ex-star de Suits continue de marquer les esprits par son<br \/>\nstyle, son charisme et sa capacit\u00e9 \u00e0 allier influence m\u00e9diatique et<br \/>\naction sociale.<\/p>\n<p>Mais derri\u00e8re cette image publique rayonnante, la <a href=\"https:\/\/www.closermag.fr\/royautes\/meghan-et-harry-ce-nouveau-surnom-dont-ils-heritent-apres-avoir-remporte-un-prix-3586778\" target=\"_blank\" rel=\"noopener\"><br \/>\nduchesse de Sussex<\/a> aurait \u00e9galement h\u00e9rit\u00e9 d\u2019un <strong>surnom<br \/>\ndiscret<\/strong> au sein de la monarchie britannique, qui<br \/>\nrefl\u00e9terait les comparaisons faites avec une autre figure royale<br \/>\nam\u00e9ricaine du pass\u00e9.<\/p>\n<p>Le surnom discret de Meghan<br \/>\nMarkle<\/p>\n<p data-start=\"42\" data-end=\"1009\">Meghan Markle a d\u00e9j\u00e0 partag\u00e9 les<br \/>\ndifficult\u00e9s qu\u2019elle aurait rencontr\u00e9es au sein de la famille royale<br \/>\nlorsqu\u2019elle vivait au Royaume-Uni avec le prince Harry, \u00e9voquant<br \/>\nracisme, exclusion et harc\u00e8lement. Certains gestes restent<br \/>\ntoutefois m\u00e9connus du grand public. Le <a href=\"https:\/\/www.closermag.fr\/royautes\/mariage-de-meghan-et-harry-ces-quatre-mots-cinglants-du-prince-philip-apres-la-ceremonie-3572479\" target=\"_blank\" rel=\"noopener\"><br \/>\nprince Philip<\/a> lui aurait donn\u00e9 un surnom secret, la reliant \u00e0<br \/>\nune autre figure royale am\u00e9ricaine :<br \/>\n\u00ab\u00a0<strong>DoW<\/strong>\u00ab\u00a0, pour Duchess of Windsor, titre de<br \/>\nWallis Simpson.<\/p>\n<p data-start=\"42\" data-end=\"1009\">Am\u00e9ricaine et divorc\u00e9e, le<br \/>\nprofil de l\u2019ex-star de Suits lui rappelait forc\u00e9ment celui de <strong>l\u2019\u00e9pouse<br \/>\nde l\u2019oncle d\u2019Elizabeth II<\/strong>. \u00ab\u00a0Il faisait simplement<br \/>\nr\u00e9f\u00e9rence au fait qu\u2019elles \u00e9taient <strong>toutes les deux<br \/>\nlongilignes, avec les cheveux noirs et deux Am\u00e9ricaines divorc\u00e9es<br \/>\nglamour<\/strong>\u00ab\u00a0, pr\u00e9cise l\u2019auteure Ingrid Seward dans son<br \/>\nouvrage My Mother And I.<br \/>\nLe prince Philip ne pensait absolument pas au d\u00e9part fracassant<br \/>\nd\u2019Edward VIII et de Wallis Simpson quelques ann\u00e9es auparavant, mais<br \/>\nplut\u00f4t aux similitudes esth\u00e9tiques et au charme des deux<br \/>\nfemmes.<\/p>\n<p>Des<br \/>\nperceptions contrast\u00e9es au sein de la royaut\u00e9<\/p>\n<p data-start=\"1068\" data-end=\"1745\" data-is-last-node=\"\" data-is-only-node=\"\">Selon Ingrid Seward, Philip voyait dans Meghan<br \/>\net Harry des similitudes avec Edward et Wallis, ce qui explique ce<br \/>\nsurnom utilis\u00e9 en coulisses : \u00ab\u00a0Il y a tellement de similitudes,<br \/>\nc\u2019est pourquoi il l\u2019appelait The <strong>Duchess of<br \/>\nWindsor<\/strong>, pas en face \u00e0 face. Nous, nous l\u2019appelions<br \/>\nDoW\u00a0\u00bb.<\/p>\n<p data-start=\"1068\" data-end=\"1745\" data-is-last-node=\"\" data-is-only-node=\"\">Dans son livre, l\u2019experte pr\u00e9cise que Philip<br \/>\nse montrait m\u00e9fiant envers Meghan, la consid\u00e9rant comme<br \/>\n\u00ab\u00a0<strong>perturbatrice<\/strong>\u00ab\u00a0, tandis que la reine<br \/>\n<a href=\"https:\/\/www.closermag.fr\/royautes\/elizabeth-ii-cette-consequence-de-sa-mort-qui-la-tracassee-jusquau-bout-face-a-ses-enfants-3488830\" target=\"_blank\" rel=\"noopener\"><br \/>\nElizabeth II<\/a> se montrait plus confiante, affirmant avoir<br \/>\n\u00ab\u00a0de grands espoirs\u00a0\u00bb pour le couple. Cette ambivalence<br \/>\nr\u00e9v\u00e8le les perceptions contrast\u00e9es des membres de la famille royale<br \/>\n\u00e0 l\u2019\u00e9gard des Sussex, entre fascination, prudence et attentes<br \/>\ndivergentes.<\/p>\n","protected":false},"excerpt":{"rendered":"Meghan Markle ne cesse de faire parler d\u2019elle, que ce soit pour ses apparitions remarqu\u00e9es \u00e0 la Fashion&hellip;\n","protected":false},"author":2,"featured_media":465124,"comment_status":"","ping_status":"","sticky":false,"template":"","format":"standard","meta":{"footnotes":""},"categories":[1359],"tags":[58,59,1011,27,908,973],"class_list":{"0":"post-465123","1":"post","2":"type-post","3":"status-publish","4":"format-standard","5":"has-post-thumbnail","7":"category-people","8":"tag-divertissement","9":"tag-entertainment","10":"tag-fr","11":"tag-france","12":"tag-meghan-markle","13":"tag-people"},"share_on_mastodon":{"url":"https:\/\/pubeurope.com\/@fr\/115378724963376003","error":""},"_links":{"self":[{"href":"https:\/\/www.europesays.com\/fr\/wp-json\/wp\/v2\/posts\/465123","targetHints":{"allow":["GET"]}}],"collection":[{"href":"https:\/\/www.europesays.com\/fr\/wp-json\/wp\/v2\/posts"}],"about":[{"href":"https:\/\/www.europesays.com\/fr\/wp-json\/wp\/v2\/types\/post"}],"author":[{"embeddable":true,"href":"https:\/\/www.europesays.com\/fr\/wp-json\/wp\/v2\/users\/2"}],"replies":[{"embeddable":true,"href":"https:\/\/www.europesays.com\/fr\/wp-json\/wp\/v2\/comments?post=465123"}],"version-history":[{"count":0,"href":"https:\/\/www.europesays.com\/fr\/wp-json\/wp\/v2\/posts\/465123\/revisions"}],"wp:featuredmedia":[{"embeddable":true,"href":"https:\/\/www.europesays.com\/fr\/wp-json\/wp\/v2\/media\/465124"}],"wp:attachment":[{"href":"https:\/\/www.europesays.com\/fr\/wp-json\/wp\/v2\/media?parent=465123"}],"wp:term":[{"taxonomy":"category","embeddable":true,"href":"https:\/\/www.europesays.com\/fr\/wp-json\/wp\/v2\/categories?post=465123"},{"taxonomy":"post_tag","embeddable":true,"href":"https:\/\/www.europesays.com\/fr\/wp-json\/wp\/v2\/tags?post=465123"}],"curies":[{"name":"wp","href":"https:\/\/api.w.org\/{rel}","templated":true}]}}