{"id":465125,"date":"2025-10-15T14:46:12","date_gmt":"2025-10-15T14:46:12","guid":{"rendered":"https:\/\/www.europesays.com\/fr\/465125\/"},"modified":"2025-10-15T14:46:12","modified_gmt":"2025-10-15T14:46:12","slug":"cocorico-le-prestigieux-palmares-du-wildlife-photographer-of-the-year-recompense-deux-francais","status":"publish","type":"post","link":"https:\/\/www.europesays.com\/fr\/465125\/","title":{"rendered":"Cocorico\u00a0! Le prestigieux palmar\u00e8s du Wildlife Photographer of the year\u00a0r\u00e9compense deux Fran\u00e7ais"},"content":{"rendered":"<p>Et le Prix de la <a href=\"https:\/\/www.20minutes.fr\/diaporama\/diaporama-4173713-images-nature-cors-cris-dix-magnifiques-photos-animalieres\" class=\"c-link c-link--is-underlined\" target=\"_blank\" rel=\"noopener\">meilleure photo animali\u00e8re<\/a> de\u00a02025 a \u00e9t\u00e9 attribu\u00e9 \u00e0\u2026 Wim van den Heever, un photographe sud-africain pour son clich\u00e9 d\u2019une hy\u00e8ne brune visitant les vestiges d\u2019une ville mini\u00e8re de diamants abandonn\u00e9e depuis longtemps \u00e0 Kolmanskop, en <a href=\"https:\/\/www.20minutes.fr\/dossier\/namibie\" class=\"c-link c-link--is-underlined\" target=\"_blank\" rel=\"noopener\">Namibie<\/a>. Intitul\u00e9 \u00ab\u00a0Ghost Town Visitor\u00a0\u00bb (La visiteuse de la ville fant\u00f4me), cette photo illustre \u00ab\u00a0les interactions souvent insolites entre la nature et les espaces\u00a0\u00bb pour le Museum d\u2019Histoire naturelle de Londres, l\u2019organisateur de la comp\u00e9tition.<\/p>\n<p>Le prix du Jeune photographe animalier de l\u2019ann\u00e9e\u00a02025 a \u00e9t\u00e9 d\u00e9cern\u00e9 \u00e0 Andrea Dominizi, le premier Italien \u00e0 remporter le prestigieux prix r\u00e9serv\u00e9 aux photographes animaliers \u00e2g\u00e9s de 17 ans. Sa photo montre un longicorne dans les monts Lepini, au milieu de machines abandonn\u00e9es datant d\u2019une \u00e9poque o\u00f9 l\u2019on exploitait de vieux h\u00eatres dans la r\u00e9gion.<\/p>\n<p>Deux photographes fran\u00e7ais dans le palmar\u00e8s<\/p>\n<p>Parmi les plus jeunes r\u00e9compens\u00e9s, on peut aussi citer le fran\u00e7ais Lubin Godin qui a remport\u00e9 le prix dans la cat\u00e9gorie 11-14 ans avec sa photo d\u2019un bouquetin des <a href=\"https:\/\/www.20minutes.fr\/dossier\/alpes\" class=\"c-link c-link--is-underlined\" target=\"_blank\" rel=\"noopener\">Alpes<\/a> se reposant au-dessus d\u2019une mer de nuages \u200b\u200blors d\u2019une ascension matinale en Haute-Savoie. A seulement 13 ans, le jeune passionn\u00e9 est d\u00e9j\u00e0 un photographe animalier chevronn\u00e9 comme en t\u00e9moigne <a href=\"https:\/\/www.instagram.com\/nidonibul\/?hl=fr\" rel=\"nofollow noopener\" target=\"_blank\" class=\"c-link c-link--is-underlined\">son compte Instagram<\/a>.<\/p>\n<p>Autre Fran\u00e7ais r\u00e9compens\u00e9\u00a0: Quentin Martinez. Ce biologiste et photographe est laur\u00e9at du prix dans la cat\u00e9gorie \u00ab\u00a0Amphibiens et reptiles\u00a0\u00bb pour son image \u00ab\u00a0Frolicking Frogs\u00a0\u00bb qui repr\u00e9sente la reproduction de milliers de grenouilles en simultan\u00e9 en Guyane.<\/p>\n<\/p>\n<p>Enfin, m\u00eame s\u2019il n\u2019a pas remport\u00e9 de prix, un autre Fran\u00e7ais figurait dans les candidats au Wildlife Photographer of the Year. <a href=\"https:\/\/www.20minutes.fr\/arts-stars\/culture\/4175308-20251013-relu-trois-fois-mail-etre-bien-francais-finaliste-wildlife-photographer-of-the-year\" target=\"_blank\" class=\"c-link c-link--is-underlined\" rel=\"noopener\">Emmanuel Tardy<\/a>, avec sa photo \u00ab\u00a0Jamais aussi bien que chez soi\u00a0\u00bb qui figurait parmi les 100 plus beaux clich\u00e9s de nature de l\u2019ann\u00e9e. D\u00e9j\u00e0 une jolie r\u00e9compense quand on sait que 60.636 candidatures provenant de 113 pays et territoires avaient \u00e9t\u00e9 re\u00e7ues par le comit\u00e9 de s\u00e9lection.<\/p>\n<p><a href=\"https:\/\/www.20minutes.fr\/diaporama\/diaporama-4173713-images-nature-cors-cris-dix-magnifiques-photos-animalieres\" class=\"c-link c-btn c-btn--primary\" target=\"_blank\" rel=\"noopener\">Notre diaporama du Wildlife Photographer of the Year<\/a><\/p>\n<p>Les cent photos participantes au Wildlife Photographer of the Year seront expos\u00e9es au Natural History Museum de Londres du vendredi 17\u00a0octobre 2025 jusqu\u2019au dimanche 12\u00a0juillet 2026. L\u2019exposition entamera ensuite une tourn\u00e9e au Royaume-Uni et \u00e0 l\u2019international.<\/p>\n<p>Palmar\u00e8s complet du Wildlife photographer of the Year<\/p>\n<p>10 ans et moins\u00a0: Jamie Smart (Royaume-Uni)<\/p>\n<p>11 \u2013 14 ans\u00a0: Lubin Godin (France)<\/p>\n<p>15 \u2013 17 ans\u00a0: Andrea Dominizi (Italie)<\/p>\n<p>Les animaux dans leur environnement\u00a0: Shane Gross (Canada)<\/p>\n<p>Portraits d\u2019animaux\u00a0: Philipp Egger (Italie)<\/p>\n<p>Comportement\u00a0: Oiseaux \u2013 Qingrong Yang (Chine)<\/p>\n<p>Comportement\u00a0: Mammif\u00e8res \u2013 Dennis Stogsdill (\u00c9tats-Unis)<\/p>\n<p>Comportement\u00a0: Amphibiens et Reptiles \u2013 Quentin Martinez (France)<\/p>\n<p>Comportement\u00a0: Invert\u00e9br\u00e9s \u2013 Georgina Steytler (Australie)<\/p>\n<p>Oc\u00e9ans\u00a0: vue d\u2019ensemble \u2013 Audun Rickardsen (Norv\u00e8ge)<\/p>\n<p>Plantes et champignons \u2013 Chien Lee (Malaisie)<\/p>\n<p>Art naturel \u2013 Simone Baumeister (Allemagne)<\/p>\n<p>Sous-marine \u2013 Ralph Pace (\u00c9tats-Unis)<\/p>\n<p>Faune urbaine \u2013 Wim van den Heever (Afrique du Sud)<\/p>\n<p>Zones humides\u00a0: une vue d\u2019ensemble \u2013 Sebastian Fr\u00f6lich (Allemagne)<\/p>\n<p>Photojournalisme \u2013 Jon A Ju\u00e1rez (Espagne)<\/p>\n<p>Prix \u200b\u200bdu reportage photojournaliste \u2013 Javier Aznar Gonz\u00e1lez de Rueda (Espagne)<\/p>\n<p>Prix \u200b\u200bde l\u2019\u00e9toile montante \u2013 Luca Lorenz (Allemagne)<\/p>\n<p>Portfolio Award \u2013 Alexey Kharitonov (Isra\u00ebl\/Russie)<\/p>\n<p><script async src=\"\/\/www.instagram.com\/embed.js\"><\/script><\/p>\n","protected":false},"excerpt":{"rendered":"Et le Prix de la meilleure photo animali\u00e8re de\u00a02025 a \u00e9t\u00e9 attribu\u00e9 \u00e0\u2026 Wim van den Heever, un&hellip;\n","protected":false},"author":2,"featured_media":465126,"comment_status":"","ping_status":"","sticky":false,"template":"","format":"standard","meta":{"footnotes":""},"categories":[1358],"tags":[7733,1867,1348,1384,1385,1386,58,59,1011,27,2745,52,473],"class_list":{"0":"post-465125","1":"post","2":"type-post","3":"status-publish","4":"format-standard","5":"has-post-thumbnail","7":"category-arts-et-design","8":"tag-alpes","9":"tag-animaux","10":"tag-arts","11":"tag-arts-and-design","12":"tag-arts-et-design","13":"tag-design","14":"tag-divertissement","15":"tag-entertainment","16":"tag-fr","17":"tag-france","18":"tag-photo","19":"tag-planete","20":"tag-royaume-uni"},"share_on_mastodon":{"url":"https:\/\/pubeurope.com\/@fr\/115378728809318023","error":""},"_links":{"self":[{"href":"https:\/\/www.europesays.com\/fr\/wp-json\/wp\/v2\/posts\/465125","targetHints":{"allow":["GET"]}}],"collection":[{"href":"https:\/\/www.europesays.com\/fr\/wp-json\/wp\/v2\/posts"}],"about":[{"href":"https:\/\/www.europesays.com\/fr\/wp-json\/wp\/v2\/types\/post"}],"author":[{"embeddable":true,"href":"https:\/\/www.europesays.com\/fr\/wp-json\/wp\/v2\/users\/2"}],"replies":[{"embeddable":true,"href":"https:\/\/www.europesays.com\/fr\/wp-json\/wp\/v2\/comments?post=465125"}],"version-history":[{"count":0,"href":"https:\/\/www.europesays.com\/fr\/wp-json\/wp\/v2\/posts\/465125\/revisions"}],"wp:featuredmedia":[{"embeddable":true,"href":"https:\/\/www.europesays.com\/fr\/wp-json\/wp\/v2\/media\/465126"}],"wp:attachment":[{"href":"https:\/\/www.europesays.com\/fr\/wp-json\/wp\/v2\/media?parent=465125"}],"wp:term":[{"taxonomy":"category","embeddable":true,"href":"https:\/\/www.europesays.com\/fr\/wp-json\/wp\/v2\/categories?post=465125"},{"taxonomy":"post_tag","embeddable":true,"href":"https:\/\/www.europesays.com\/fr\/wp-json\/wp\/v2\/tags?post=465125"}],"curies":[{"name":"wp","href":"https:\/\/api.w.org\/{rel}","templated":true}]}}