{"id":465127,"date":"2025-10-15T14:47:11","date_gmt":"2025-10-15T14:47:11","guid":{"rendered":"https:\/\/www.europesays.com\/fr\/465127\/"},"modified":"2025-10-15T14:47:11","modified_gmt":"2025-10-15T14:47:11","slug":"louvrage-goelettes-bretonnes-disponible-a-la-recuperie-a-lezardrieux","status":"publish","type":"post","link":"https:\/\/www.europesays.com\/fr\/465127\/","title":{"rendered":"L\u2019ouvrage \u00ab\u00a0Go\u00e9lettes bretonnes\u00a0\u00bb disponible \u00e0 La R\u00e9cuperie \u00e0 L\u00e9zardrieux"},"content":{"rendered":"<p>La R\u00e9cuperie \u00e0 L\u00e9zardrieux est un des lieux o\u00f9 il d\u00e9sormais possible de (re) trouver l\u2019ouvrage \u00ab\u00a0Go\u00e9lettes bretonnes\u00a0\u00bb. Ce dernier \u00e9tait devenu introuvable depuis la liquidation judiciaire de son \u00e9diteur, Coop Breizh. L\u2019association Oc\u00e9anide, dont la raison d\u2019\u00eatre est de sauvegarder et valoriser le patrimoine maritime du pays de Tr\u00e9guier, a pu se procurer des ouvrages rest\u00e9s dans les stocks de l\u2019\u00e9diteur et donc, de les proposer \u00e0 un prix moindre que celui imprim\u00e9\u00a0: 15 \u20ac au lieu de 25 \u20ac. Cet ouvrage est un t\u00e9moignage rare de la derni\u00e8re \u00e9pop\u00e9e des voiliers caboteurs qui faisaient commerce entre la Bretagne Nord et la Grande-Bretagne (Pays de Galles)\u00a0; il rassemble de nombreuses photographies d\u2019\u00e9poque, des notices techniques et historiques et des t\u00e9moignages recueillis par l\u2019association Oc\u00e9anide.<\/p>\n<p><b>Pratique<\/b><\/p>\n<p class=\"note\">Contact \u00e0 La R\u00e9cuperie\u00a0: Camille Geffroy au 06\u00a095\u00a031\u00a061\u00a032.<\/p>\n<p class=\"note\">Horaires\u00a0: mercredi, vendredi et samedi, de 10\u00a0h \u00e0 12\u00a0h et de 14\u00a0h \u00e0 18\u00a0h.<\/p>\n","protected":false},"excerpt":{"rendered":"La R\u00e9cuperie \u00e0 L\u00e9zardrieux est un des lieux o\u00f9 il d\u00e9sormais possible de (re) trouver l\u2019ouvrage \u00ab\u00a0Go\u00e9lettes bretonnes\u00a0\u00bb.&hellip;\n","protected":false},"author":2,"featured_media":465128,"comment_status":"","ping_status":"","sticky":false,"template":"","format":"standard","meta":{"footnotes":""},"categories":[1357],"tags":[1379,58,59,1011,27,32156,1380],"class_list":{"0":"post-465127","1":"post","2":"type-post","3":"status-publish","4":"format-standard","5":"has-post-thumbnail","7":"category-livres","8":"tag-books","9":"tag-divertissement","10":"tag-entertainment","11":"tag-fr","12":"tag-france","13":"tag-lezardrieux","14":"tag-livres"},"share_on_mastodon":{"url":"https:\/\/pubeurope.com\/@fr\/115378732745149381","error":""},"_links":{"self":[{"href":"https:\/\/www.europesays.com\/fr\/wp-json\/wp\/v2\/posts\/465127","targetHints":{"allow":["GET"]}}],"collection":[{"href":"https:\/\/www.europesays.com\/fr\/wp-json\/wp\/v2\/posts"}],"about":[{"href":"https:\/\/www.europesays.com\/fr\/wp-json\/wp\/v2\/types\/post"}],"author":[{"embeddable":true,"href":"https:\/\/www.europesays.com\/fr\/wp-json\/wp\/v2\/users\/2"}],"replies":[{"embeddable":true,"href":"https:\/\/www.europesays.com\/fr\/wp-json\/wp\/v2\/comments?post=465127"}],"version-history":[{"count":0,"href":"https:\/\/www.europesays.com\/fr\/wp-json\/wp\/v2\/posts\/465127\/revisions"}],"wp:featuredmedia":[{"embeddable":true,"href":"https:\/\/www.europesays.com\/fr\/wp-json\/wp\/v2\/media\/465128"}],"wp:attachment":[{"href":"https:\/\/www.europesays.com\/fr\/wp-json\/wp\/v2\/media?parent=465127"}],"wp:term":[{"taxonomy":"category","embeddable":true,"href":"https:\/\/www.europesays.com\/fr\/wp-json\/wp\/v2\/categories?post=465127"},{"taxonomy":"post_tag","embeddable":true,"href":"https:\/\/www.europesays.com\/fr\/wp-json\/wp\/v2\/tags?post=465127"}],"curies":[{"name":"wp","href":"https:\/\/api.w.org\/{rel}","templated":true}]}}