{"id":46514,"date":"2025-04-23T12:08:19","date_gmt":"2025-04-23T12:08:19","guid":{"rendered":"https:\/\/www.europesays.com\/fr\/46514\/"},"modified":"2025-04-23T12:08:19","modified_gmt":"2025-04-23T12:08:19","slug":"combien-valent-les-tresors-caches-du-vatican-a-paris","status":"publish","type":"post","link":"https:\/\/www.europesays.com\/fr\/46514\/","title":{"rendered":"combien valent les tr\u00e9sors cach\u00e9s du Vatican \u00e0 Paris ?"},"content":{"rendered":"<p class=\"articleHead-lead\">\n            Le plus petit Etat du monde poss\u00e8de plusieurs centaines de biens immobiliers dans les beaux quartiers de la capitale fran\u00e7aise.\n        <\/p>\n<ul class=\"articleMainFollow-list\">\n<li class=\"articleMainFollow-item\">\n<p>                        Sauvegarder<\/p>\n<p>                        Sauvegard\u00e9<\/p>\n<\/li>\n<li class=\"articleMainFollow-item\">\n<\/li>\n<\/ul>\n<p>\n                    Recevoir les alertes Pape\n                <\/p>\n<p>Cela ne s\u2019invente pas : la <strong>Sopridex<\/strong>, la soci\u00e9t\u00e9 qui g\u00e8re les propri\u00e9t\u00e9s immobili\u00e8res du <a href=\"https:\/\/www.capital.fr\/economie-politique\/mort-du-pape-francois-le-vatican-un-etat-pas-si-riche-1512987\" rel=\"nofollow noopener\" target=\"_blank\">Vatican<\/a>, est sise au 4, rue de\u2026Rome, \u00e0 Paris, non loin de la gare Saint-Lazare. Car oui, le plus petit Etat du monde est un grand propri\u00e9taire immobilier. Un patrimoine dont on ne conna\u00eet la valeur pr\u00e9cise que depuis juillet 2021, lorsque l\u2019Administration du patrimoine du Saint-Si\u00e8ge (Apsa) l\u2019avait rendue publique pour la premi\u00e8re fois, dans le cadre de l\u2019effort de <a href=\"https:\/\/www.capital.fr\/economie-politique\/scandale-au-vatican-comment-le-pape-francois-sest-attaque-a-la-corruption-1512941\" rel=\"nofollow noopener\" target=\"_blank\">transparence financi\u00e8re<\/a> demand\u00e9 par <a href=\"https:\/\/www.capital.fr\/economie-politique\/conclave-fumee-blanche-comment-le-pape-est-il-elu-1512972\" rel=\"nofollow noopener\" target=\"_blank\">le pape Fran\u00e7ois, d\u00e9c\u00e9d\u00e9 ce lundi 21 avril<\/a>. La date de juillet 2021 ne devait rien au hasard puisque s\u2019ouvrait \u00e0 ce moment l\u00e0 un proc\u00e8s, au tribunal p\u00e9nal du Vatican, autour de l\u2019achat opaque, en 2014, d\u2019un immeuble de 17 000 m\u00e8tres carr\u00e9s dans le quartier de Chelsea, \u00e0 Londres. Un proc\u00e8s susceptible de relancer les <strong>fantasmes sur la valeur du patrimoine immobilier du Saint-Si\u00e8ge<\/strong>.<\/p>\n<p>Eglises, immeubles de bureaux, r\u00e9sidences \u00e0 l\u2019\u00e9tranger pour ses repr\u00e9sentants, appartements lou\u00e9s \u00e0 son personnel\u2026 Selon le budget publi\u00e9 en 2021 par l\u2019Apsa, le Vatican poss\u00e8de<strong> plus de 5 000 propri\u00e9t\u00e9s dans le monde<\/strong>, dont 4 051 en Italie et 1 120 \u00e0 l&rsquo;\u00e9tranger. Notamment dans des quartiers chics de Londres, Gen\u00e8ve, Lausanne et Paris. Dans la capitale fran\u00e7aise, le Vatican est propri\u00e9taire de <strong>737 biens immobiliers<\/strong> aux alentours du boulevard Saint-Michel, dans le quartier de l&rsquo;Od\u00e9on ou encore dans celui des Champs-Elys\u00e9es. Sur le site Pappers, sont en effet rattach\u00e9es \u00e0 la Sopridex des adresses comme le 4, rue Guynemer, dans le VIe arrondissement, le 8 et le 10, boulevard Montparnasse (XVe) ou les 37 et 41, avenue Bosquet (VIIe). Les biens parisiens du Vatican repr\u00e9sentent une surface de pr\u00e8s de 56 000 m\u00e8tres carr\u00e9s et sont estim\u00e9s \u00e0 <strong>595,5 millions d&rsquo;euros <\/strong>dans le rapport de l\u2019Apsa. Certes, la crise immobili\u00e8re, provoqu\u00e9e par la flamb\u00e9e des taux de cr\u00e9dit en 2022 et 2023, est pass\u00e9e par l\u00e0, mais elle n\u2019a pas forc\u00e9ment entam\u00e9 cette valorisation, compte tenu du caract\u00e8re haut de gamme des immeubles. \u00abCertains appartements ont h\u00e9berg\u00e9 des c\u00e9l\u00e9brit\u00e9s comme Fran\u00e7ois Mitterrand, Bernard Kouchner et Christine Ockrent\u00bb, confiait dans un entretien au Monde, en 2023, le journaliste Michel Turin, auteur d\u2019une enqu\u00eate sur le parc immobilier de l\u2019Eglise.<\/p>\n<p><a href=\"https:\/\/www.capital.fr\/votre-argent\/quel-est-le-salaire-dun-cardinal-1512970\" rel=\"nofollow noopener\" target=\"_blank\">Quel est le salaire d\u2019un cardinal ?<\/a><\/p>\n<p>Rome, premier lieu d\u2019investissement du Vatican<\/p>\n<p>A <a href=\"https:\/\/www.lepoint.fr\/monde\/le-vatican-de-nouveau-eclabousse-par-un-scandale-financier-22-10-2019-2342640_24.php\" target=\"_blank\" rel=\"nofollow noopener\">Londres<\/a>, le Vatican poss\u00e8de 27 biens immobiliers, d\u2019une superficie totale de 4 600 m\u00e8tres carr\u00e9s, estim\u00e9s \u00e0 <strong>108,5 millions d&rsquo;euros<\/strong>, et diss\u00e9min\u00e9s entre Saint James Square, Kensington et New Bond Street. En Suisse, plus particuli\u00e8rement \u00e0 Gen\u00e8ve et Lausanne, il d\u00e9tient 140 biens, soit plus de 16 000 m\u00e8tres carr\u00e9s, \u00e9valu\u00e9s \u00e0<strong> 91 millions d&rsquo;euro<\/strong>s.<\/p>\n<p>Mais c&rsquo;est logiquement <a href=\"https:\/\/www.lepoint.fr\/histoire\/ces-chemins-qui-menaient-a-rome-25-12-2020-2407067_1615.php\" target=\"_blank\" rel=\"nofollow noopener\">Rome<\/a> qui reste le premier lieu d&rsquo;investissement immobilier du Vatican. L&rsquo;Apsa y poss\u00e8de 2 400 appartements et 600 commerces ou bureaux, qu\u2019elle loue et qui lui avaient rapport\u00e9 99 millions d&rsquo;euros en 2019, selon les donn\u00e9es communiqu\u00e9es en 2021. Sur cette <strong>superficie totale de 1,6 million de m\u00e8tres carr\u00e9s<\/strong>, 15 % sont lou\u00e9s aux prix du march\u00e9 et 30 % offrent des loyers mod\u00e9r\u00e9s, consentis notamment \u00e0 des employ\u00e9s et retrait\u00e9s de l\u2019Eglise. Les 55 % restants sont occup\u00e9s par des institutions vaticanes ou pr\u00eat\u00e9s gratuitement \u00e0 des \u00e9coles ou \u00e0 des universit\u00e9s.<\/p>\n<\/p>\n<p>        Recevez nos derni\u00e8res news<\/p>\n<p>        Chaque semaine votre rendez-vous avec <b>l&rsquo;actualit\u00e9 immobili\u00e8re<\/b>.<\/p>\n","protected":false},"excerpt":{"rendered":"Le plus petit Etat du monde poss\u00e8de plusieurs centaines de biens immobiliers dans les beaux quartiers de la&hellip;\n","protected":false},"author":2,"featured_media":46515,"comment_status":"","ping_status":"","sticky":false,"template":"","format":"standard","meta":{"footnotes":""},"categories":[1888],"tags":[11,1777,674,1011,27,12,12672,626,25],"class_list":{"0":"post-46514","1":"post","2":"type-post","3":"status-publish","4":"format-standard","5":"has-post-thumbnail","7":"category-paris","8":"tag-actualites","9":"tag-eu","10":"tag-europe","11":"tag-fr","12":"tag-france","13":"tag-news","14":"tag-pape","15":"tag-paris","16":"tag-republique-francaise"},"share_on_mastodon":{"url":"https:\/\/pubeurope.com\/@fr\/114387203098750843","error":""},"_links":{"self":[{"href":"https:\/\/www.europesays.com\/fr\/wp-json\/wp\/v2\/posts\/46514","targetHints":{"allow":["GET"]}}],"collection":[{"href":"https:\/\/www.europesays.com\/fr\/wp-json\/wp\/v2\/posts"}],"about":[{"href":"https:\/\/www.europesays.com\/fr\/wp-json\/wp\/v2\/types\/post"}],"author":[{"embeddable":true,"href":"https:\/\/www.europesays.com\/fr\/wp-json\/wp\/v2\/users\/2"}],"replies":[{"embeddable":true,"href":"https:\/\/www.europesays.com\/fr\/wp-json\/wp\/v2\/comments?post=46514"}],"version-history":[{"count":0,"href":"https:\/\/www.europesays.com\/fr\/wp-json\/wp\/v2\/posts\/46514\/revisions"}],"wp:featuredmedia":[{"embeddable":true,"href":"https:\/\/www.europesays.com\/fr\/wp-json\/wp\/v2\/media\/46515"}],"wp:attachment":[{"href":"https:\/\/www.europesays.com\/fr\/wp-json\/wp\/v2\/media?parent=46514"}],"wp:term":[{"taxonomy":"category","embeddable":true,"href":"https:\/\/www.europesays.com\/fr\/wp-json\/wp\/v2\/categories?post=46514"},{"taxonomy":"post_tag","embeddable":true,"href":"https:\/\/www.europesays.com\/fr\/wp-json\/wp\/v2\/tags?post=46514"}],"curies":[{"name":"wp","href":"https:\/\/api.w.org\/{rel}","templated":true}]}}