{"id":465145,"date":"2025-10-15T14:57:09","date_gmt":"2025-10-15T14:57:09","guid":{"rendered":"https:\/\/www.europesays.com\/fr\/465145\/"},"modified":"2025-10-15T14:57:09","modified_gmt":"2025-10-15T14:57:09","slug":"au-moins-quatre-socialistes-vont-braver-la-consigne-de-faure-et-voter-la-censure-du-gouvernement-lecornu","status":"publish","type":"post","link":"https:\/\/www.europesays.com\/fr\/465145\/","title":{"rendered":"Au moins quatre socialistes vont braver la consigne de Faure et voter la censure du gouvernement Lecornu"},"content":{"rendered":"<p>\n    <strong>INFO LE FIGARO &#8211;<\/strong> Les trois \u00e9lus ultramarins du groupe PS, Jiovanny William, Philippe Naillet et Elie Califer, ont d\u00e9cid\u00e9 de tenter de renverser le premier ministre jeudi.<\/p>\n<p class=\"fig-paragraph\">S\u00e9bastien Lecornu a fait les comptes. Le chef du gouvernement, dont la survie \u00e0 Matignon tiendra jeudi \u00e0 une grosse vingtaine de voix, ne peut pas se permettre de subir trop de dissidences de la part de ceux qui lui ont promis la non-censure. \u00c0 commencer par\u00a0<a href=\"http:\/\/www.lefigaro.fr\/politique\/on-ne-boude-pas-notre-plaisir-les-socialistes-savourent-leur-victoire-sur-les-retraites-20251014\" data-fig-type=\"Article\" data-gtm-custom-categorie=\"navigation\" data-gtm-custom-action=\"crossclick\" data-gtm-custom-label=\"Contextuel\" data-gtm-event=\"customEventSPE\" data-fig-domain=\"LEFIGARO\" target=\"_blank\" rel=\"noopener\">le Parti socialiste<\/a>, o\u00f9 le nombre de d\u00e9put\u00e9s qui pr\u00e9voient de renverser le gouvernement vient d\u2019\u00eatre multipli\u00e9 par quatre.<\/p>\n<p class=\"fig-premium-paywall__infos\">\n        Cet article est r\u00e9serv\u00e9 aux abonn\u00e9s.        Il vous reste 84% \u00e0 d\u00e9couvrir.\n    <\/p>\n<p>                <img  data- alt=\"Le Figaro\" class=\"fig-img--complete fig-img\"\/><\/p>\n<p class=\"fig-premium-paywall__title\">Vous avez envie de lire la suite ?<\/p>\n<p class=\"fig-premium-paywall__subtitle\">D\u00e9bloquez tous les articles imm\u00e9diatement.<\/p>\n<p class=\"fig-premium-paywall__connect\">\n                D\u00e9j\u00e0 abonn\u00e9\u00a0?                <a class=\"fig-premium-paywall__connect-link\" href=\"https:\/\/connect.lefigaro.fr\/login?client=horizon_web&amp;type=main&amp;redirect_uri=https%3A%2F%2Fwww.lefigaro.fr%2Fpolitique%2Fau-moins-quatre-deputes-socialistes-vont-braver-la-consigne-de-faure-et-voter-la-censure-du-gouvernement-lecornu-20251015\" data-js-gtm=\"{&quot;customCategorie&quot;: &quot;conversion&quot;, &quot;customAction&quot;: &quot;before_Landing_Connexion_paywall_manuel&quot;, &quot;customLabel&quot;: &quot;bGVmaWdhcm8uZnJfXzFmMGE5YzU5LTc4MjktNjI0Yy1iNzA3LTRiZjNkNjcxYjk3OV9fTmV3c0ZsYXNo_Au moins quatre socialistes vont braver la consigne de Faure et voter la censure du gouvernement Lecornu_718&quot;, &quot;customIDSPE&quot;: &quot;bGVmaWdhcm8uZnJfXzFmMGE5YzU5LTc4MjktNjI0Yy1iNzA3LTRiZjNkNjcxYjk3OV9fTmV3c0ZsYXNo&quot;, &quot;event&quot;: &quot;customEventSPE&quot;}\" target=\"_blank\" rel=\"noopener\"><br \/>\n                    Connectez-vous<br \/>\n                <\/a>\n            <\/p>\n","protected":false},"excerpt":{"rendered":"INFO LE FIGARO &#8211; Les trois \u00e9lus ultramarins du groupe PS, Jiovanny William, Philippe Naillet et Elie Califer,&hellip;\n","protected":false},"author":2,"featured_media":465146,"comment_status":"","ping_status":"","sticky":false,"template":"","format":"standard","meta":{"footnotes":""},"categories":[4],"tags":[11,416,1011,27,12,3541,25,11067],"class_list":{"0":"post-465145","1":"post","2":"type-post","3":"status-publish","4":"format-standard","5":"has-post-thumbnail","7":"category-france","8":"tag-actualites","9":"tag-assemblee-nationale","10":"tag-fr","11":"tag-france","12":"tag-news","13":"tag-parti-socialiste","14":"tag-republique-francaise","15":"tag-sebastien-lecornu"},"share_on_mastodon":{"url":"https:\/\/pubeurope.com\/@fr\/115378772038455136","error":""},"_links":{"self":[{"href":"https:\/\/www.europesays.com\/fr\/wp-json\/wp\/v2\/posts\/465145","targetHints":{"allow":["GET"]}}],"collection":[{"href":"https:\/\/www.europesays.com\/fr\/wp-json\/wp\/v2\/posts"}],"about":[{"href":"https:\/\/www.europesays.com\/fr\/wp-json\/wp\/v2\/types\/post"}],"author":[{"embeddable":true,"href":"https:\/\/www.europesays.com\/fr\/wp-json\/wp\/v2\/users\/2"}],"replies":[{"embeddable":true,"href":"https:\/\/www.europesays.com\/fr\/wp-json\/wp\/v2\/comments?post=465145"}],"version-history":[{"count":0,"href":"https:\/\/www.europesays.com\/fr\/wp-json\/wp\/v2\/posts\/465145\/revisions"}],"wp:featuredmedia":[{"embeddable":true,"href":"https:\/\/www.europesays.com\/fr\/wp-json\/wp\/v2\/media\/465146"}],"wp:attachment":[{"href":"https:\/\/www.europesays.com\/fr\/wp-json\/wp\/v2\/media?parent=465145"}],"wp:term":[{"taxonomy":"category","embeddable":true,"href":"https:\/\/www.europesays.com\/fr\/wp-json\/wp\/v2\/categories?post=465145"},{"taxonomy":"post_tag","embeddable":true,"href":"https:\/\/www.europesays.com\/fr\/wp-json\/wp\/v2\/tags?post=465145"}],"curies":[{"name":"wp","href":"https:\/\/api.w.org\/{rel}","templated":true}]}}