{"id":465150,"date":"2025-10-15T15:00:14","date_gmt":"2025-10-15T15:00:14","guid":{"rendered":"https:\/\/www.europesays.com\/fr\/465150\/"},"modified":"2025-10-15T15:00:14","modified_gmt":"2025-10-15T15:00:14","slug":"saint-etienne-il-vole-des-produits-cosmetiques-pour-femmes-dans-un-elastique-autour-de-son-pantalon","status":"publish","type":"post","link":"https:\/\/www.europesays.com\/fr\/465150\/","title":{"rendered":"Saint-\u00c9tienne. Il vole des produits cosm\u00e9tiques pour femmes dans un \u00e9lastique autour de son pantalon"},"content":{"rendered":"<p>Le moyen se voulait ing\u00e9nieux\u2026\u00a0 il n\u2019en a rien \u00e9t\u00e9. Le 13\u00a0octobre, un client arpente les rayons de l\u2019hypermarch\u00e9 Auchan de Monthieu. Il s\u2019arr\u00eate longuement dans celui des produits cosm\u00e9tiques pour femmes, dont il prend plusieurs produits avant de se rendre dans une cabine d\u2019essayage.<\/p>\n<p>Son man\u00e8ge a \u00e9t\u00e9 rep\u00e9r\u00e9 par les vigiles, qui vont le surprendre peu de temps apr\u00e8s. En fait, l\u2019homme accrochait les produits \u00e0 un grand \u00e9lastique qui faisait le tour de son pantalon. Avec une veste par-dessus, il esp\u00e9rait ainsi ressortir avec les produits sans les payer. Il y en avait tout de m\u00eame pour 250\u00a0euros.<\/p>\n<p>Remis aux forces de police, le suspect, \u00e2g\u00e9 de 35 ans, sera convoqu\u00e9 devant le tribunal pour r\u00e9pondre de ce vol \u00e0 l\u2019\u00e9talage peu banal.<\/p>\n","protected":false},"excerpt":{"rendered":"Le moyen se voulait ing\u00e9nieux\u2026\u00a0 il n\u2019en a rien \u00e9t\u00e9. Le 13\u00a0octobre, un client arpente les rayons de&hellip;\n","protected":false},"author":2,"featured_media":465151,"comment_status":"","ping_status":"","sticky":false,"template":"","format":"standard","meta":{"footnotes":""},"categories":[9653],"tags":[1111,11,2430,271,272,7539,1777,674,274,1011,27,3367,12,25,4001,7538],"class_list":{"0":"post-465150","1":"post","2":"type-post","3":"status-publish","4":"format-standard","5":"has-post-thumbnail","7":"category-saint-etienne","8":"tag-actu","9":"tag-actualites","10":"tag-auvergne-rhone-alpes","11":"tag-crime","12":"tag-delit-et-contravention","13":"tag-edition-loire-sud","14":"tag-eu","15":"tag-europe","16":"tag-faits-divers-justice","17":"tag-fr","18":"tag-france","19":"tag-loire","20":"tag-news","21":"tag-republique-francaise","22":"tag-saint-etienne","23":"tag-saint-etienne-ville"},"share_on_mastodon":{"url":"https:\/\/pubeurope.com\/@fr\/115378783776030031","error":""},"_links":{"self":[{"href":"https:\/\/www.europesays.com\/fr\/wp-json\/wp\/v2\/posts\/465150","targetHints":{"allow":["GET"]}}],"collection":[{"href":"https:\/\/www.europesays.com\/fr\/wp-json\/wp\/v2\/posts"}],"about":[{"href":"https:\/\/www.europesays.com\/fr\/wp-json\/wp\/v2\/types\/post"}],"author":[{"embeddable":true,"href":"https:\/\/www.europesays.com\/fr\/wp-json\/wp\/v2\/users\/2"}],"replies":[{"embeddable":true,"href":"https:\/\/www.europesays.com\/fr\/wp-json\/wp\/v2\/comments?post=465150"}],"version-history":[{"count":0,"href":"https:\/\/www.europesays.com\/fr\/wp-json\/wp\/v2\/posts\/465150\/revisions"}],"wp:featuredmedia":[{"embeddable":true,"href":"https:\/\/www.europesays.com\/fr\/wp-json\/wp\/v2\/media\/465151"}],"wp:attachment":[{"href":"https:\/\/www.europesays.com\/fr\/wp-json\/wp\/v2\/media?parent=465150"}],"wp:term":[{"taxonomy":"category","embeddable":true,"href":"https:\/\/www.europesays.com\/fr\/wp-json\/wp\/v2\/categories?post=465150"},{"taxonomy":"post_tag","embeddable":true,"href":"https:\/\/www.europesays.com\/fr\/wp-json\/wp\/v2\/tags?post=465150"}],"curies":[{"name":"wp","href":"https:\/\/api.w.org\/{rel}","templated":true}]}}