{"id":465169,"date":"2025-10-15T15:12:11","date_gmt":"2025-10-15T15:12:11","guid":{"rendered":"https:\/\/www.europesays.com\/fr\/465169\/"},"modified":"2025-10-15T15:12:11","modified_gmt":"2025-10-15T15:12:11","slug":"elle-pleure-de-panique-a-lidee-dy-retourner-une-jeune-fille-violemment-agressee-devant-un-college-prive-a-rennes","status":"publish","type":"post","link":"https:\/\/www.europesays.com\/fr\/465169\/","title":{"rendered":"\u00ab\u00a0Elle pleure de panique \u00e0 l\u2019id\u00e9e d\u2019y retourner\u00a0\u00bb\u00a0: une jeune fille violemment agress\u00e9e devant un coll\u00e8ge priv\u00e9 \u00e0 Rennes"},"content":{"rendered":"<p>\u00c0 l\u2019heure de la sortie des classes, une violente bagarre a envoy\u00e9 une coll\u00e9gienne de 15 ans aux urgences jeudi 10 octobre\ufeff. La victime a \u00e9t\u00e9 agress\u00e9e par une de ses camarades devant l\u2019entr\u00e9e du coll\u00e8ge lyc\u00e9e Saint-Vincent Providence, un \u00e9tablissement priv\u00e9 r\u00e9put\u00e9 de Rennes. Sous la violence des coups, la jeune fille a perdu connaissance avant d\u2019\u00eatre prise en charge par les pompiers comme indiqu\u00e9 par <a href=\"https:\/\/www.ouest-france.fr\/faits-divers\/agression\/des-coups-de-pied-dans-la-tete-une-collegienne-frappee-dans-cet-etablissement-prive-de-rennes-7f35f5d8-a5c1-11f0-a399-70ff1c676380\" target=\"_blank\" rel=\"nofollow noopener\">Ouest-France<\/a>.<\/p>\n<p>\u00ab Elle a fini en sang au sol, c\u2019est choquant \u00bb, confie son p\u00e8re, joint par Le T\u00e9l\u00e9gramme. Il raconte que sa fille a voulu s\u2019interposer pour d\u00e9fendre une autre camarade avant d\u2019\u00eatre elle-m\u00eame violemment prise pour cible. \u00ab Physiquement, \u00e7a va mieux. Mais elle a encore beaucoup d\u2019ecchymoses et de plaies sur le cr\u00e2ne \u00bb. Une plainte a \u00e9t\u00e9 d\u00e9pos\u00e9e contre l\u2019auteur des faits.<\/p>\n<p>Conseil de discipline<\/p>\n<p>Contact\u00e9e, la direction de Saint-Vincent pr\u00e9cise que l\u2019auteure de l\u2018agression a \u00e9t\u00e9 \u00ab exclue par mesure conservatoire \u00bb en attendant son passage devant un conseil de discipline. \u00ab On a eu des \u00e9changes avec la famille de la victime \u00bb, pr\u00e9cise Benoit de Parscau, le chef d\u2018\u00e9tablissement. \u00ab Il y a \u00e9videmment une volont\u00e9 de calmer le jeu. Je ne connais pas les raisons qui ont motiv\u00e9 l\u2019agression mais il y a aussi des choses qui se jouent en dehors de l\u2019\u00e9tablissement avec les r\u00e9seaux sociaux par exemple \u00bb.<\/p>\n<blockquote><p>On l\u2019avait mis dans le priv\u00e9 pour la prot\u00e9ger<\/p><\/blockquote>\n<p>Depuis cet incident, la pr\u00e9sence polici\u00e8re a \u00e9t\u00e9 renforc\u00e9e aux abords de l\u2019\u00e9tablissement. Un point de sensibilisation au harc\u00e8lement et aux risques encourus en cas de diffusion de rumeurs ou d\u2019insultes sur internet a \u00e9t\u00e9 organis\u00e9 aupr\u00e8s des \u00e9l\u00e8ves. Une offici\u00e8re de police est aussi intervenue devant la classe concern\u00e9e. L\u2019\u00e9tablissement pr\u00e9cise qu\u2019une \u00ab cellule d\u2019\u00e9coute tenue par une psychologue et une infirmi\u00e8re est ouverte pour les \u00e9l\u00e8ves tout au long de l\u2019ann\u00e9e \u00bb et qu\u2019un protocole d\u2018accompagnement des personnels \u00e9ducatifs sur ces sujets est \u00ab d\u00e9j\u00e0 mis en place de longue date \u00bb. <\/p>\n<p>Scolarit\u00e9 alternative<\/p>\n<p>Du c\u00f4t\u00e9 des parents de la victime, l\u2019incompr\u00e9hension pr\u00e9domine. \u00ab Notre fille est d\u00e9truite psychologiquement. Elle pleure de panique \u00e0 l\u2019id\u00e9e de retourner au coll\u00e8ge. On l\u2019avait mis dans le priv\u00e9 depuis l\u2019ann\u00e9e derni\u00e8re pour la prot\u00e9ger alors qu\u2019elle avait \u00e9t\u00e9 harcel\u00e9e dans son pr\u00e9c\u00e9dent \u00e9tablissement et voil\u00e0 o\u00f9 on en arrive. \u00bb Les parents envisagent d\u00e9sormais une scolarit\u00e9 alternative pour la suite.<\/p>\n<p>Cet incident intervient quelques mois apr\u00e8s une autre agression marquante au sein du coll\u00e8ge lyc\u00e9e Saint-Vincent. En avril dernier, un professeur d\u2019EPS avait \u00e9t\u00e9 violemment agress\u00e9 par un \u00e9l\u00e8ve alcoolis\u00e9. L\u2019enseignant avait re\u00e7u sept points de suture et s\u2019\u00e9tait vu notifier une ITT de sept jours.<\/p>\n","protected":false},"excerpt":{"rendered":"\u00c0 l\u2019heure de la sortie des classes, une violente bagarre a envoy\u00e9 une coll\u00e9gienne de 15 ans aux&hellip;\n","protected":false},"author":2,"featured_media":465170,"comment_status":"","ping_status":"","sticky":false,"template":"","format":"standard","meta":{"footnotes":""},"categories":[2821],"tags":[1111,11,829,765,1777,674,1011,27,848,12,584,25],"class_list":{"0":"post-465169","1":"post","2":"type-post","3":"status-publish","4":"format-standard","5":"has-post-thumbnail","7":"category-rennes","8":"tag-actu","9":"tag-actualites","10":"tag-bretagne","11":"tag-en-continu","12":"tag-eu","13":"tag-europe","14":"tag-fr","15":"tag-france","16":"tag-ille-et-vilaine","17":"tag-news","18":"tag-rennes","19":"tag-republique-francaise"},"share_on_mastodon":{"url":"https:\/\/pubeurope.com\/@fr\/115378831034312634","error":""},"_links":{"self":[{"href":"https:\/\/www.europesays.com\/fr\/wp-json\/wp\/v2\/posts\/465169","targetHints":{"allow":["GET"]}}],"collection":[{"href":"https:\/\/www.europesays.com\/fr\/wp-json\/wp\/v2\/posts"}],"about":[{"href":"https:\/\/www.europesays.com\/fr\/wp-json\/wp\/v2\/types\/post"}],"author":[{"embeddable":true,"href":"https:\/\/www.europesays.com\/fr\/wp-json\/wp\/v2\/users\/2"}],"replies":[{"embeddable":true,"href":"https:\/\/www.europesays.com\/fr\/wp-json\/wp\/v2\/comments?post=465169"}],"version-history":[{"count":0,"href":"https:\/\/www.europesays.com\/fr\/wp-json\/wp\/v2\/posts\/465169\/revisions"}],"wp:featuredmedia":[{"embeddable":true,"href":"https:\/\/www.europesays.com\/fr\/wp-json\/wp\/v2\/media\/465170"}],"wp:attachment":[{"href":"https:\/\/www.europesays.com\/fr\/wp-json\/wp\/v2\/media?parent=465169"}],"wp:term":[{"taxonomy":"category","embeddable":true,"href":"https:\/\/www.europesays.com\/fr\/wp-json\/wp\/v2\/categories?post=465169"},{"taxonomy":"post_tag","embeddable":true,"href":"https:\/\/www.europesays.com\/fr\/wp-json\/wp\/v2\/tags?post=465169"}],"curies":[{"name":"wp","href":"https:\/\/api.w.org\/{rel}","templated":true}]}}