{"id":465173,"date":"2025-10-15T15:14:13","date_gmt":"2025-10-15T15:14:13","guid":{"rendered":"https:\/\/www.europesays.com\/fr\/465173\/"},"modified":"2025-10-15T15:14:13","modified_gmt":"2025-10-15T15:14:13","slug":"schiltigheim-la-troupe-coup-dchoeur-emmene-le-public-en-croisiere-avec-sa-nouvelle-comedie-musicale","status":"publish","type":"post","link":"https:\/\/www.europesays.com\/fr\/465173\/","title":{"rendered":"Schiltigheim. La troupe Coup d\u2019Ch\u0153ur emm\u00e8ne le public en croisi\u00e8re avec sa nouvelle com\u00e9die musicale"},"content":{"rendered":"<p>Ce contenu est bloqu\u00e9 car vous n&rsquo;avez pas accept\u00e9 les cookies et autres traceurs.<\/p>\n<p>En cliquant sur \u00ab J\u2019accepte \u00bb, les cookies et autres traceurs seront d\u00e9pos\u00e9s et vous pourrez visualiser les contenus  (<a href=\"\" class=\"consentModule_policy\" target=\"_blank\" title=\"Consulter la politique de protection des donn\u00e9es du fournisseur\">plus d&rsquo;informations<\/a>).<\/p>\n<p>En cliquant sur \u00ab J\u2019accepte tous les cookies \u00bb, vous autorisez des d\u00e9p\u00f4ts de cookies et autres traceurs pour le stockage de vos donn\u00e9es sur nos sites et applications \u00e0 des fins de personnalisation et de ciblage publicitaire.<\/p>\n<p class=\"consentModule_secondaryText\">Vous gardez la possibilit\u00e9 de retirer votre consentement \u00e0 tout moment en consultant notre <a href=\"https:\/\/www.dna.fr\/protection-des-donnees\" target=\"_blank\" title=\"Consulter notre politique de protection des donn\u00e9es\" rel=\"noopener\">politique de protection des donn\u00e9es<\/a>. <br \/>&#13;<br \/>\n            <a href=\"https:\/\/www.dna.fr\/culture-loisirs\/2025\/10\/15\/javascript:Didomi.notice.show()\" class=\"consentModule_cmp\" target=\"_blank\" rel=\"noopener\">G\u00e9rer mes choix<\/a>&#13;\n        <\/p>\n<p>&#13;<br \/>\n                        J&rsquo;accepte&#13;<br \/>\n            J&rsquo;accepte tous les cookies&#13;\n        <\/p>\n<p>Les artistes invitent les spectateurs \u00e0 naviguer \u00e0 travers les eaux cristallines de la M\u00e9diterran\u00e9e. Chaque escale r\u00e9serve son lot d\u2019\u00e9merveillements et de charmes. Accompagn\u00e9 d\u2019un \u00e9quipage haut en couleur, le public va d\u00e9couvrir des danses enivrantes et des chansons envo\u00fbtantes.<\/p>\n<p>  Association interg\u00e9n\u00e9rationnelle<\/p>\n<p>Coup d\u2019Ch\u0153ur est une association interg\u00e9n\u00e9rationnelle qui cr\u00e9e une symbiose sur sc\u00e8ne, m\u00ealant chant, danse et com\u00e9die. Une trentaine de membres compose cette joyeuse troupe, o\u00f9 chacun apporte sa touche personnelle.\u00a0La croisi\u00e8re promet une aventure m\u00e9morable, entre surprises et \u00e9clats de rire.<\/p>\n<p class=\"note\">Tarifs en ligne sur https:\/\/coupdchoeur67.fr : 15\u00a0\u20ac adultes et 10\u00a0\u20ac pour les moins de 16 ans. En caisse du soir\u00a0: 18\u00a0\u20ac adultes et 10\u00a0\u20ac pour les moins de 16 ans. \u00c0 la Briqueterie, avenue de la 2e\u00a0 Division-Blind\u00e9e \u00e0 Schiltigheim. Ouverture des portes \u00e0 19\u00a0h.\u00a0Boissons et restauration sur place.<\/p>\n","protected":false},"excerpt":{"rendered":"Ce contenu est bloqu\u00e9 car vous n&rsquo;avez pas accept\u00e9 les cookies et autres traceurs. En cliquant sur \u00ab&hellip;\n","protected":false},"author":2,"featured_media":465174,"comment_status":"","ping_status":"","sticky":false,"template":"","format":"standard","meta":{"footnotes":""},"categories":[2820],"tags":[1111,11,1687,2880,1777,674,107,1011,27,775,873,12,25,5512,3140,640,3265],"class_list":{"0":"post-465173","1":"post","2":"type-post","3":"status-publish","4":"format-standard","5":"has-post-thumbnail","7":"category-strasbourg","8":"tag-actu","9":"tag-actualites","10":"tag-culture-loisirs","11":"tag-edition-strasbourg","12":"tag-eu","13":"tag-europe","14":"tag-fil-info","15":"tag-fr","16":"tag-france","17":"tag-grand-est","18":"tag-musique","19":"tag-news","20":"tag-republique-francaise","21":"tag-schiltigheim","22":"tag-spectacle","23":"tag-strasbourg","24":"tag-strasbourg-nord"},"share_on_mastodon":{"url":"https:\/\/pubeurope.com\/@fr\/115378838862940541","error":""},"_links":{"self":[{"href":"https:\/\/www.europesays.com\/fr\/wp-json\/wp\/v2\/posts\/465173","targetHints":{"allow":["GET"]}}],"collection":[{"href":"https:\/\/www.europesays.com\/fr\/wp-json\/wp\/v2\/posts"}],"about":[{"href":"https:\/\/www.europesays.com\/fr\/wp-json\/wp\/v2\/types\/post"}],"author":[{"embeddable":true,"href":"https:\/\/www.europesays.com\/fr\/wp-json\/wp\/v2\/users\/2"}],"replies":[{"embeddable":true,"href":"https:\/\/www.europesays.com\/fr\/wp-json\/wp\/v2\/comments?post=465173"}],"version-history":[{"count":0,"href":"https:\/\/www.europesays.com\/fr\/wp-json\/wp\/v2\/posts\/465173\/revisions"}],"wp:featuredmedia":[{"embeddable":true,"href":"https:\/\/www.europesays.com\/fr\/wp-json\/wp\/v2\/media\/465174"}],"wp:attachment":[{"href":"https:\/\/www.europesays.com\/fr\/wp-json\/wp\/v2\/media?parent=465173"}],"wp:term":[{"taxonomy":"category","embeddable":true,"href":"https:\/\/www.europesays.com\/fr\/wp-json\/wp\/v2\/categories?post=465173"},{"taxonomy":"post_tag","embeddable":true,"href":"https:\/\/www.europesays.com\/fr\/wp-json\/wp\/v2\/tags?post=465173"}],"curies":[{"name":"wp","href":"https:\/\/api.w.org\/{rel}","templated":true}]}}