{"id":465190,"date":"2025-10-15T15:23:12","date_gmt":"2025-10-15T15:23:12","guid":{"rendered":"https:\/\/www.europesays.com\/fr\/465190\/"},"modified":"2025-10-15T15:23:12","modified_gmt":"2025-10-15T15:23:12","slug":"polemique-autour-dun-cirque-controverse-a-toulouse","status":"publish","type":"post","link":"https:\/\/www.europesays.com\/fr\/465190\/","title":{"rendered":"pol\u00e9mique autour d&rsquo;un cirque controvers\u00e9 \u00e0 Toulouse"},"content":{"rendered":"<p>            Par<br \/>\n        <strong><br \/>\n            <a href=\"https:\/\/actu.fr\/auteur\/guillaume-laurens\" title=\"Consulter tous les articles de Guillaume Laurens\" target=\"_blank\" rel=\"noopener\">Guillaume Laurens<\/a><br \/>\n        <\/strong><\/p>\n<p>        Publi\u00e9 le<\/p>\n<p>            15 oct. 2025 \u00e0 16h34        <\/p>\n<p>Nouveau vent de fronde contre le <strong>Grand cirque Zavatta,<\/strong> qui a d\u00e9cid\u00e9ment jet\u00e9 son d\u00e9volu sur l\u2019agglom\u00e9ration de <strong><a href=\"https:\/\/actu.fr\/toulouse\/\" target=\"_blank\" rel=\"noopener\">Toulouse,<\/a> <\/strong>en cette rentr\u00e9e 2025. L\u2019association PAZ a saisi la M\u00e9tropole, apr\u00e8s <strong>l\u2019installation <\/strong>de ces circassiens et de leurs dizaines d\u2019<strong>animaux vivants<\/strong> \u2014 dont des jeunes tigres \u2014 sur un grand parking de Toulouse M\u00e9tropole \u00e0 Basso-Cambo. Constatant \u00ab\u2009des d\u00e9gradations\u2009\u00bb et des d\u00e9bordements, la M\u00e9tropole va <strong>porter plainte<\/strong>. Le point.<\/p>\n<p>Premier spectacle ce samedi \u00e0 Toulouse<\/p>\n<p class=\" wall-content\">Apr\u00e8s avoir d\u00e9fray\u00e9 la chronique \u00e0 Saint-Orens et \u00e0 Cugnaux, le cirque annonce d\u00e9sormais des spectacles pendant <strong>sept jours<\/strong> sur la commune de <strong>Toulouse<\/strong>. Sur les r\u00e9seaux sociaux, il convie en effet son public \u00e0 venir d\u00e9couvrir <strong>d\u00e8s ce samedi 18\u00a0octobre 2025<\/strong> son<strong> \u00ab\u2009nouveau spectacle<\/strong> avec les jongleurs, acrobates, \u00e9quilibristes, magiciens sans oublier nos clowns\u2009\u00bb. Il rappelle aussi et surtout que<strong> \u00ab\u2009plus de 50 animaux\u2009\u00bb<\/strong> sont \u00ab\u2009\u00e0 d\u00e9couvrir au Grand Cirque Zavatta\u2009\u00bb et invite \u00e0 venir \u00ab\u2009d\u00e9couvrir nos majestueuses <strong>lionnes<\/strong> et notre star Jumbo, <strong>l\u2019hippopotame g\u00e9ant\u2009\u00bb.<\/strong><\/p>\n<p class=\" wall-content\">D\u2019apr\u00e8s nos informations, les circassiens ont en effet d\u00e9barqu\u00e9 en nombre ce lundi 14\u00a0octobre au niveau de la <strong>place \u00c9douard Bouilli\u00e8res,<\/strong> un site intercommunal situ\u00e9 face \u00e0 l\u2019ancien supermarch\u00e9 Casino.<\/p>\n<p>    <a href=\"https:\/\/www.facebook.com\/plugins\/post.php?href=https%3A%2F%2Fwww.facebook.com%2Flegrandcirquezavatta%2Fposts%2Fpfbid0BAQCBcjWAHft5diQQJnbB8NLea2gYT1TNx6dxdbG4eu3WZxeiE1HaVnYACEjBnBPl&amp;show_text=true&amp;width=350\" title=\"Ouvrie le lien\" target=\"_blank\" rel=\"noopener\">Cliquez ici pour visualiser le contenu<\/a><\/p>\n<p>L\u2019association PAZ alerte les collectivit\u00e9s<\/p>\n<p class=\" wall-content\">Une arriv\u00e9e dans la Ville rose qui n\u2019est (vraiment) pas du go\u00fbt de <strong>l\u2019association PAZ<\/strong> (Projet animaux zoopolis)\u2009: \u00ab\u2009Est-ce que les collectivit\u00e9s locales l\u2019ont autoris\u00e9\u2009?\u2009\u00bb, s\u2019interroge sa pr\u00e9sidente <strong>Amandine Sanvisens<\/strong>.\u00a0Consid\u00e9rant que \u00ab\u2009ce cirque s\u2019installe r\u00e9guli\u00e8rement<strong> sans autorisation\u2009\u00bb <\/strong>\u2014 ce qui \u00e9tait encore le cas <a href=\"https:\/\/actu.fr\/occitanie\/cugnaux_31157\/des-tigres-au-bord-d-une-route-pres-de-toulouse-un-cirque-s-installe-la-mairie-n-avait-pas-donne-son-aval_63276530.html\" target=\"_blank\" rel=\"noopener\">ces derniers jours \u00e0 <strong>Cugnaux<\/strong>, o\u00f9 les tigres jouxtaient la route et les pistes de l\u2019a\u00e9roport de Toulouse-Francazal,<\/a> au grand dam des autorit\u00e9s \u2014, elle indique avoir \u00e9crit d\u00e8s lundi \u00ab\u2009au pr\u00e9sident\u2009\u00bb de la M\u00e9tropole, par ailleurs maire de Toulouse, Jean-Luc Moudenc.<\/p>\n<p>\u00ab\u2009La proc\u00e9dure pour les d\u00e9loger est longue\u2009\u00bb, dit la mairie<\/p>\n<p class=\" wall-content\">Interrog\u00e9e par Actu Toulouse, la collectivit\u00e9 confirme ce mercredi 15\u00a0octobre 2025 que l\u2019installation s\u2019est faite sur un parking qui appartient \u00e0 Toulouse M\u00e9tropole, <strong>sans son aval<\/strong> et \u00ab\u2009sans autorisation de la pr\u00e9fecture\u2009\u00bb, ajoute <strong>Ga\u00ebtan Cognard<\/strong>, maire de quartier. \u00ab\u2009Nous avons constat\u00e9 leur arriv\u00e9e lundi, et tout de suite mobilis\u00e9 la police municipale, ainsi que la police nationale\u2009\u00bb. L\u2019\u00e9lu sait que d\u2019esp\u00e9rer un d\u00e9part du cirque rel\u00e8ve de la mission impossible\u2009: \u00ab\u2009Le probl\u00e8me, c\u2019est que la proc\u00e9dure classique pour les d\u00e9loger est longue, cela prend jusqu\u2019\u00e0 trois semaines et les circassiens le savent\u2009\u00bb. Mais il l\u2019assure\u2009: \u00ab\u2009On mobilise tous les leviers\u2009\u00bb.<\/p>\n<p>Voitures d\u00e9plac\u00e9es, d\u00e9gradations, vols d\u2019\u00e9nergie\u2026<\/p>\n<p class=\" wall-content\">Ga\u00ebtan Cognard fait part de divers probl\u00e8mes d\u00e9j\u00e0 constat\u00e9s sur place\u2009: \u00ab\u2009\u00c0 leur arriv\u00e9e, ils ont <strong>d\u00e9plac\u00e9 des voitures<\/strong> avec un Manitou\u2009\u00bb, souffle le conseiller municipal d\u00e9l\u00e9gu\u00e9 \u00e0 la politique de la ville. \u00ab\u2009Au regard des <strong>d\u00e9gradations<\/strong> constat\u00e9es sur le parking et des <strong>vols d\u2019\u00e9nergie<\/strong> [ils se sont branch\u00e9s sur le r\u00e9seau \u00e9lectrique, NDLR], on va <strong>d\u00e9poser plainte<\/strong> \u00e0 l\u2019encontre du cirque\u2009\u00bb.<\/p>\n<blockquote class=\"ac-article-quote wall-content\">\n<p>On a \u00e9galement sollicit\u00e9 la police nationale au titre de la maltraitance animale, car on a identifi\u00e9 qu&rsquo;il pouvait y avoir des jeunes tigres et cela nous inqui\u00e8te.<\/p>\n<p>    <strong>Ga\u00ebtan Cognard<\/strong><br \/>\n        Maire de quartier    <\/p><\/blockquote>\n<p>Votre r\u00e9gion, votre actu !<\/p>\n<p>Recevez chaque jour les infos qui comptent pour vous.<\/p>\n<p>\t<a href=\"https:\/\/actu.fr\/newsletter\" class=\"ac-btn ac-btn--corner ac-btn--medium ac-btn--blue800\" target=\"_blank\" rel=\"noopener\">S&rsquo;incrire<\/a><\/p>\n<p class=\" wall-content\">\u00ab\u2009On proc\u00e8de par ailleurs \u00e0 <strong>l\u2019enl\u00e8vement des affiches sauvages,<\/strong> qui ont \u00e9t\u00e9 coll\u00e9es partout, et <strong>on facturera cette prestation<\/strong> au cirque\u2009\u00bb, avance encore le maire de quartier, qui rappelle \u00ab\u2009qu\u2019il y a d\u00e9j\u00e0 eu un pr\u00e9c\u00e9dent avec eux\u2009\u00bb.<\/p>\n<p>Manif en vue devant le cirque<\/p>\n<p class=\" wall-content\">PAZ, qui s\u2019\u00e9tait d\u00e9j\u00e0 mobilis\u00e9e lors du passage du cirque \u00e0 <strong>Saint-Orens<\/strong>, envisage de son c\u00f4t\u00e9 de <strong>\u00ab\u00a0manifester<\/strong> contre le passage du cirque Zavatta Muller\u00a0\u00bb le samedi 25\u00a0octobre \u00e0 Basso-Cambo. Nous viendrons avec des <strong>m\u00e9gaphones<\/strong> et des <strong>tracts<\/strong> pour sensibiliser le public\u00a0\u00bb, pr\u00e9vient Amandine Sanvisens, qui a d\u00e9j\u00e0 eu maille \u00e0 partir avec ce cirque. Son association a fait de la <strong>pr\u00e9sence des animaux dans les cirques<\/strong> l\u2019un de ses chevaux de bataille.<\/p>\n<blockquote class=\"ac-article-quote wall-content\">\n<p>Les animaux ne sont pas des clowns, ni des objets de divertissement. Domestiques ou sauvages, leur place n\u2019est pas sous un chapiteau. Ils ont besoin d\u2019un environnement stable et adapt\u00e9, pas d\u2019\u00eatre trimball\u00e9s de ville en ville.<\/p>\n<p>    <strong>L&rsquo;association PAZ<\/strong>\n            <\/p><\/blockquote>\n<p>PAZ \u00ab\u2009exige l\u2019application de la loi\u2009\u00bb<\/p>\n<p class=\" wall-content\">\u00ab\u2009Le cirque a de tr\u00e8s jeunes tigres, <strong>c\u2019est ill\u00e9gal\u2009\u00bb,<\/strong> rappelle Amandine Sanvisens, qui \u00ab\u2009exige l\u2019application de la loi sur l\u2019interdiction de la reproduction des animaux sauvages dans les cirques\u2009\u00bb. Car si cette loi, qui visait \u00e0 lutter contre la maltraitance animale, \u00ab\u2009a bien \u00e9t\u00e9 vot\u00e9e en 2021\u2009\u00bb et si \u00ab\u2009l\u2019article sur l\u2019interdiction de la reproduction des animaux est entr\u00e9 en vigueur en d\u00e9cembre\u00a02023\u2009\u00bb, elle d\u00e9plore que <strong>\u00ab\u2009les d\u00e9crets<\/strong> pour sanctionner cette ill\u00e9galit\u00e9 <strong>n\u2019ont pas \u00e9t\u00e9 publi\u00e9s<\/strong> par le minist\u00e8re de l\u2019\u00c9cologie\u2026\u2009\u00bb Et d\u2019apr\u00e8s elle, \u00ab\u2009ce cirque joue avec la loi\u2009\u00bb, car il \u00ab\u2009organise la reproduction de fauves (et l\u2019assume) alors que c\u2019est l\u00e9galement interdit\u2009\u00bb.<\/p>\n<p>D\u2019autres incidents \u00e0 Labarthe et Cornebarrieu<\/p>\n<p class=\" wall-content\">D\u00e8s le 1er\u00a0d\u00e9cembre 2028, les animaux sauvages seront interdits dans les spectacles itin\u00e9rants en France. D\u2019ici l\u00e0, les cirques doivent <strong>placer les animaux sauvages<\/strong> qu\u2019ils d\u00e9tiennent.<\/p>\n<p class=\" wall-content\">En attendant cette date butoir, <strong>les tensions<\/strong> se multiplient autour de Toulouse ces derniers mois. En mai dernier, \u00e0 <a href=\"https:\/\/actu.fr\/occitanie\/labarthe-sur-leze_31248\/pres-de-toulouse-un-cirque-s-installe-de-facon-illegale-la-mairie-demande-aux-habitants-de-le-boycotter_62598703.html\" target=\"_blank\" rel=\"noopener\"><strong>Labarthe-sur-L\u00e8ze<\/strong>,<\/a> la mairie avait d\u00e9nonc\u00e9 \u00ab\u2009l\u2019installation ill\u00e9gale\u2009\u00bb d\u2019un cirque avec animaux et <strong>appel\u00e9 les habitants \u00ab\u2009\u00e0 le boycotter\u2009\u00bb.<\/strong> Ce m\u00eame cirque avait ensuite <a href=\"https:\/\/actu.fr\/occitanie\/cornebarrieu_31150\/ce-cirque-s-installe-illegalement-pres-de-toulouse-pour-la-seconde-fois-la-mairie-et-les-habitants-reagissent_62645802.html\" target=\"_blank\" rel=\"noopener\">install\u00e9 son chapiteau \u00e0 <strong>Cornebarrieu<\/strong><\/a>, suscitant l\u00e0 aussi de vives r\u00e9actions, et l\u2019ire de la municipalit\u00e9.<\/p>\n<p class=\" wall-content\">Personnalisez votre actualit\u00e9 en ajoutant vos villes et m\u00e9dias en favori avec <a href=\"https:\/\/moncompte.actu.fr\" title=\"D\u00e9couvez Mon Actu\" rel=\"nofollow noopener\" data-trk=\"{&quot;cta&quot;:{&quot;action&quot;:&quot;https:\\\/\\\/moncompte.actu.fr&quot;,&quot;category&quot;:&quot;mon compte&quot;,&quot;from&quot;:&quot;article footer&quot;,&quot;name&quot;:&quot;Mon actu&quot;,&quot;type&quot;:&quot;cta&quot;}}\" target=\"_blank\">Mon Actu<\/a>.<\/p>\n","protected":false},"excerpt":{"rendered":"Par Guillaume Laurens Publi\u00e9 le 15 oct. 2025 \u00e0 16h34 Nouveau vent de fronde contre le Grand cirque&hellip;\n","protected":false},"author":2,"featured_media":465191,"comment_status":"","ping_status":"","sticky":false,"template":"","format":"standard","meta":{"footnotes":""},"categories":[2816],"tags":[1111,11,1867,5398,1777,674,1011,27,12,2680,25,104,2312],"class_list":{"0":"post-465190","1":"post","2":"type-post","3":"status-publish","4":"format-standard","5":"has-post-thumbnail","7":"category-toulouse","8":"tag-actu","9":"tag-actualites","10":"tag-animaux","11":"tag-cirque","12":"tag-eu","13":"tag-europe","14":"tag-fr","15":"tag-france","16":"tag-news","17":"tag-occitanie","18":"tag-republique-francaise","19":"tag-societe","20":"tag-toulouse"},"share_on_mastodon":{"url":"https:\/\/pubeurope.com\/@fr\/115378874475458827","error":""},"_links":{"self":[{"href":"https:\/\/www.europesays.com\/fr\/wp-json\/wp\/v2\/posts\/465190","targetHints":{"allow":["GET"]}}],"collection":[{"href":"https:\/\/www.europesays.com\/fr\/wp-json\/wp\/v2\/posts"}],"about":[{"href":"https:\/\/www.europesays.com\/fr\/wp-json\/wp\/v2\/types\/post"}],"author":[{"embeddable":true,"href":"https:\/\/www.europesays.com\/fr\/wp-json\/wp\/v2\/users\/2"}],"replies":[{"embeddable":true,"href":"https:\/\/www.europesays.com\/fr\/wp-json\/wp\/v2\/comments?post=465190"}],"version-history":[{"count":0,"href":"https:\/\/www.europesays.com\/fr\/wp-json\/wp\/v2\/posts\/465190\/revisions"}],"wp:featuredmedia":[{"embeddable":true,"href":"https:\/\/www.europesays.com\/fr\/wp-json\/wp\/v2\/media\/465191"}],"wp:attachment":[{"href":"https:\/\/www.europesays.com\/fr\/wp-json\/wp\/v2\/media?parent=465190"}],"wp:term":[{"taxonomy":"category","embeddable":true,"href":"https:\/\/www.europesays.com\/fr\/wp-json\/wp\/v2\/categories?post=465190"},{"taxonomy":"post_tag","embeddable":true,"href":"https:\/\/www.europesays.com\/fr\/wp-json\/wp\/v2\/tags?post=465190"}],"curies":[{"name":"wp","href":"https:\/\/api.w.org\/{rel}","templated":true}]}}