{"id":46520,"date":"2025-04-23T12:11:09","date_gmt":"2025-04-23T12:11:09","guid":{"rendered":"https:\/\/www.europesays.com\/fr\/46520\/"},"modified":"2025-04-23T12:11:09","modified_gmt":"2025-04-23T12:11:09","slug":"a-quoi-joue-le-fondateur-de-la-france-insoumise","status":"publish","type":"post","link":"https:\/\/www.europesays.com\/fr\/46520\/","title":{"rendered":"\u00e0 quoi joue le fondateur de La France insoumise ?"},"content":{"rendered":"<p>POLITIQUE &#8211; \u00c0 la conqu\u00eate de l\u2019Ouest. Le triple candidat \u00e0 l\u2019\u00e9lection pr\u00e9sidentielle <a href=\"https:\/\/fr.news.yahoo.com\/affiche-cyril-hanouna-r%C3%A9action-jean-134303028.html\" data-ylk=\"slk:Jean-Luc M\u00e9lenchon;elm:context_link;itc:0;sec:content-canvas;outcm:mb_qualified_link;_E:mb_qualified_link;ct:story;\" class=\"link  yahoo-link\" target=\"_blank\" rel=\"noopener\">Jean-Luc M\u00e9lenchon<\/a> profite depuis quelques jours d\u2019une vir\u00e9e politique printani\u00e8re. Ami du continent sud-am\u00e9ricain et coutumier des rencontres avec le br\u00e9silien Lula et ses homologues, il a cette fois-ci opt\u00e9 pour le Canada et les \u00c9tats-Unis. Rien d\u2019anodin.<\/p>\n<p>Invit\u00e9 pour \u00e9voquer son dernier livre\u00a0Faites mieux \u00e0 l\u2019occasion de sa traduction en anglais (Now The People), le fondateur de <a href=\"https:\/\/fr.news.yahoo.com\/pourquoi-rima-hassan-%C3%A9t%C3%A9-entendue-104709377.html\" data-ylk=\"slk:la France insoumise;elm:context_link;itc:0;sec:content-canvas;outcm:mb_qualified_link;_E:mb_qualified_link;ct:story;\" class=\"link  yahoo-link\" target=\"_blank\" rel=\"noopener\">la France insoumise<\/a> encha\u00eene les conf\u00e9rences dans les universit\u00e9s et les interventions m\u00e9diatiques. Des prises de parole tourn\u00e9es avant tout sur l\u2019actualit\u00e9 internationale et g\u00e9opolitique, dans un contexte de grands bouleversements.<\/p>\n<p><a href=\"https:\/\/fr.news.yahoo.com\/mort-pape-gauche-aimait-autant-154705573.html\" data-ylk=\"slk:Mort du pape\u00a0: si la gauche aimait autant Fran\u00e7ois, c\u2019est aussi parce qu\u2019il n\u2019\u00e9pargnait pas Macron;elm:context_link;itc:0;sec:content-canvas;outcm:mb_qualified_link;_E:mb_qualified_link;ct:story;\" class=\"link  yahoo-link\" target=\"_blank\" rel=\"noopener\"> Mort du pape\u00a0: si la gauche aimait autant Fran\u00e7ois, c\u2019est aussi parce qu\u2019il n\u2019\u00e9pargnait pas Macron <\/a><\/p>\n<p>Apr\u00e8s quelques jours au Qu\u00e9bec, Jean-Luc M\u00e9lenchon a rejoint les \u00c9tats-Unis, o\u00f9 il a pu s\u2019exprimer lundi 21\u00a0avril \u00e0 l\u2019universit\u00e9 publique de New York, la City University of New York (Cuny). Il devrait \u00e9galement s\u2019entretenir dans les prochaines heures avec la figure montante du Parti d\u00e9mocrate Alexandria Ocasio-Cortez, \u00e0 la man\u0153uvre pour r\u00e9veiller la gauche am\u00e9ricaine en compagnie de Bernie Sanders. L\u2019occasion, pour le patriarche insoumis, de s\u2019extraire du d\u00e9bat politique national et de faire entendre une voix diplomatique diff\u00e9rente.<\/p>\n<p><strong>\u00ab\u00a0On prend de la hauteur\u00a0\u00bb<\/strong><\/p>\n<p>\u00ab\u00a0Ce sont des \u00e9changes intellectuels et politiques de haut niveau, loin des pol\u00e9miques du quotidien en France. On prend de la hauteur et on r\u00e9fl\u00e9chit avec des gauches populaires pour voir dans quelle mesure on peut lutter ensemble contre l\u2019internationale r\u00e9actionnaire\u00a0\u00bb, fait valoir au HuffPost le d\u00e9put\u00e9 LFI Arnaud Le\u00a0Gall. \u00ab\u00a0On essaie de maintenir un internationalisme au XXIe\u00a0si\u00e8cle, c\u2019est aussi dans la logique de s\u2019opposer \u00e0 la guerre qui vient\u00a0\u00bb, ajoute celui qui chapeaute les sujets internationaux au sein du mouvement insoumis, en \u00e9voquant une \u00ab\u00a0dimension essentielle du combat\u00a0\u00bb contre les id\u00e9es r\u00e9actionnaires.<\/p>\n<p>C\u2019est donc dans cet esprit que Jean-Luc M\u00e9lenchon <a href=\"https:\/\/fr.news.yahoo.com\/au-canada-jean-luc-m%C3%A9lenchon-102311954.html\" data-ylk=\"slk:s\u2019est lanc\u00e9 dans une tirade remarqu\u00e9e contre Donald Trump;elm:context_link;itc:0;sec:content-canvas;outcm:mb_qualified_link;_E:mb_qualified_link;ct:story;\" class=\"link  yahoo-link\" target=\"_blank\" rel=\"noopener\">s\u2019est lanc\u00e9 dans une tirade remarqu\u00e9e contre Donald Trump<\/a>, le 17\u00a0avril, \u00e0 Montr\u00e9al, lors d\u2019un meeting commun avec le parti de gauche Qu\u00e9bec solidaire. S\u2019exprimant en anglais (fait extr\u00eamement rare chez lui) \u2013 quitte \u00e0 ironiser sur son accent \u2013, le leader de la gauche radicale a fustig\u00e9 l\u2019imp\u00e9rialisme du nouveau pr\u00e9sident am\u00e9ricain, en s\u2019adressant directement \u00e0 Donald Trump.<\/p>\n<p>\u00ab\u00a0Vous avez dit que le Canada devrait devenir un \u00c9tat am\u00e9ricain. Tous les dirigeants canadiens vous ont dit qu\u2019ils s\u2019y opposaient. Ils ont dit \u201cnon\u201d. Et \u201cnon\u201d c\u2019est \u201cnon\u201d, en anglais comme en fran\u00e7ais\u00a0!\u00a0\u00bb, a-t-il par exemple lanc\u00e9, devant une foule hilare \u2013 et acquise \u00e0 sa cause. Une s\u00e9quence massivement relay\u00e9e sur les r\u00e9seaux sociaux et salu\u00e9e sur place, \u00e0 en croire les insoumis.<\/p>\n<p>\u00ab\u00a0On a vraiment eu des retours tr\u00e8s positifs, y compris des retours institutionnels. Ils regrettent de n\u2019avoir pas eu beaucoup de soutiens venus d\u2019Europe face aux menaces de Donald Trump, se r\u00e9jouit Arnaud Le\u00a0Gall, ils ont donc beaucoup appr\u00e9ci\u00e9 que Jean-Luc M\u00e9lenchon tienne ce discours au Canada. Le message est pass\u00e9.\u00a0\u00bb En France, aussi\u00a0?<\/p>\n<p><strong>Carte postale utile pour la France<\/strong><\/p>\n<p>De fait, l\u2019escapade de l\u2019ancien d\u00e9put\u00e9 et s\u00e9nateur aux \u00c9tats-Unis ne s\u2019adresse pas uniquement aux peuples et \u00e0 la gauche outre-Atlantique. Elle lui permet, \u00e0 deux ans de l\u2019\u00e9lection pr\u00e9sidentielle en France \u2013 son objectif inavou\u00e9 \u2013 de soigner sa stature internationale et de rappeler le cr\u00e9dit qui lui est accord\u00e9 \u00e0 l\u2019\u00e9tranger, en mobilisant par exemple des centaines d\u2019\u00e9tudiants canadiens et am\u00e9ricains. Ou en s\u2019affichant \u2013 la rencontre est esp\u00e9r\u00e9e c\u00f4t\u00e9 fran\u00e7ais \u2013 avec la tr\u00e8s populaire Alexandria Ocasio-Cortez dans le Bronx.<\/p>\n<p>Une carte postale utile, notamment vis-\u00e0-vis de la concurrence \u00e0 gauche, qui peut difficilement se targuer d\u2019un m\u00eame allant hors de nos fronti\u00e8res. \u00ab\u00a0Pendant que certains font leurs congr\u00e8s en ne se parlant plus qu\u2019\u00e0 eux-m\u00eames, nous on essaie \u00e0 notre petite \u00e9chelle de parler au monde\u00a0\u00bb, ironise sans se priver Arnaud Le\u00a0Gall, en r\u00e9f\u00e9rence aux <a href=\"https:\/\/fr.news.yahoo.com\/marine-tondelier-r%C3%A9%C3%A9lue-%C3%A0-t%C3%AAte-143409865.html\" data-ylk=\"slk:batailles internes qui accaparent les socialistes et les \u00e9cologistes;elm:context_link;itc:0;sec:content-canvas;outcm:mb_qualified_link;_E:mb_qualified_link;ct:story;\" class=\"link  yahoo-link\" target=\"_blank\" rel=\"noopener\">batailles internes qui accaparent les socialistes et les \u00e9cologistes<\/a> ce printemps.<\/p>\n<p>\u00ab\u00a0La France insoumise est la seule force de gauche fran\u00e7aise qui int\u00e9resse vraiment \u00e0 l\u2019international\u00a0\u00bb, notamment pour sa volont\u00e9 de faire \u00ab\u00a0exister un d\u00e9bat de fond sur les questions internationales\u00a0\u00bb et son investissement \u00ab\u00a0dans la lutte internationaliste\u00a0\u00bb, ajoute, bravache, le d\u00e9put\u00e9. Comme si cette escapade servait, aussi, une certaine remobilisation, apr\u00e8s de <a href=\"https:\/\/www.bfmtv.com\/politique\/elections\/presidentielle\/sondage-presidentielle-2027-le-rn-loin-devant-les-macronistes-au-2nd-tour-glucksmann-favorise-dans-une-gauche-dispersee_AN-202504050312.html\" rel=\"nofollow noopener\" target=\"_blank\" data-ylk=\"slk:premiers sondages en demi-teinte;elm:context_link;itc:0;sec:content-canvas\" class=\"link \">premiers sondages en demi-teinte<\/a> pour la figure de proue des insoumis, en route vers 2027. Plusieurs enqu\u00eates d\u2019opinions montrent effectivement que Jean-Luc M\u00e9lenchon n\u2019a pas pli\u00e9 le match \u00e0 gauche \u00e0 deux ans de l\u2019\u00e9ch\u00e9ance, notamment face \u00e0 l\u2019hypoth\u00e8se Rapha\u00ebl Glucksmann.<\/p>\n<p>L\u2019international est \u00ab\u00a0un terrain facile pour lui\u00a0\u00bb, admet en ce sens une source au sein du Parti socialiste. Avant de griffer\u00a0: \u00ab\u00a0Il ne sera jamais interrog\u00e9 sur sa derni\u00e8re outrance ou les idioties de ses camarades.\u00a0\u00bb Ou l\u2019autre avantage de cette fugue am\u00e9ricaine.<\/p>\n<p><strong>\u00c0 voir \u00e9galement sur Le HuffPost\u00a0:<\/strong><\/p>\n<p><a href=\"https:\/\/fr.news.yahoo.com\/l-administration-trump-va-servir-115810746.html\" data-ylk=\"slk:L\u2019administration Trump va recouvrer la dette \u00e9tudiante en se servant sur le salaire des Am\u00e9ricains endett\u00e9s;elm:context_link;itc:0;sec:content-canvas;outcm:mb_qualified_link;_E:mb_qualified_link;ct:story;\" class=\"link  yahoo-link\" target=\"_blank\" rel=\"noopener\"> L\u2019administration Trump va recouvrer la dette \u00e9tudiante en se servant sur le salaire des Am\u00e9ricains endett\u00e9s <\/a><\/p>\n<p><a href=\"https:\/\/fr.news.yahoo.com\/mort-pape-gauche-aimait-autant-154705573.html\" data-ylk=\"slk:Mort du pape\u00a0: si la gauche aimait autant Fran\u00e7ois, c\u2019est aussi parce qu\u2019il n\u2019\u00e9pargnait pas Macron;elm:context_link;itc:0;sec:content-canvas;outcm:mb_qualified_link;_E:mb_qualified_link;ct:story;\" class=\"link  yahoo-link\" target=\"_blank\" rel=\"noopener\"> Mort du pape\u00a0: si la gauche aimait autant Fran\u00e7ois, c\u2019est aussi parce qu\u2019il n\u2019\u00e9pargnait pas Macron <\/a><\/p>\n","protected":false},"excerpt":{"rendered":"POLITIQUE &#8211; \u00c0 la conqu\u00eate de l\u2019Ouest. Le triple candidat \u00e0 l\u2019\u00e9lection pr\u00e9sidentielle Jean-Luc M\u00e9lenchon profite depuis quelques&hellip;\n","protected":false},"author":2,"featured_media":46521,"comment_status":"","ping_status":"","sticky":false,"template":"","format":"standard","meta":{"footnotes":""},"categories":[1589],"tags":[11,13608,73,1866,13606,3081,13605,2338,415,12,13607,1864,1865,1863,308],"class_list":{"0":"post-46520","1":"post","2":"type-post","3":"status-publish","4":"format-standard","5":"has-post-thumbnail","7":"category-etats-unis","8":"tag-actualites","9":"tag-city-university-of-new-york","10":"tag-etats-unis","11":"tag-etats-unis-damerique","12":"tag-interventions-mediatiques","13":"tag-jean-luc-melenchon","14":"tag-lactualite-internationale","15":"tag-la-france-insoumise","16":"tag-new-york","17":"tag-news","18":"tag-traduction-en-anglais","19":"tag-united-states","20":"tag-united-states-of-america","21":"tag-us","22":"tag-usa"},"share_on_mastodon":{"url":"https:\/\/pubeurope.com\/@fr\/114387214918362054","error":""},"_links":{"self":[{"href":"https:\/\/www.europesays.com\/fr\/wp-json\/wp\/v2\/posts\/46520","targetHints":{"allow":["GET"]}}],"collection":[{"href":"https:\/\/www.europesays.com\/fr\/wp-json\/wp\/v2\/posts"}],"about":[{"href":"https:\/\/www.europesays.com\/fr\/wp-json\/wp\/v2\/types\/post"}],"author":[{"embeddable":true,"href":"https:\/\/www.europesays.com\/fr\/wp-json\/wp\/v2\/users\/2"}],"replies":[{"embeddable":true,"href":"https:\/\/www.europesays.com\/fr\/wp-json\/wp\/v2\/comments?post=46520"}],"version-history":[{"count":0,"href":"https:\/\/www.europesays.com\/fr\/wp-json\/wp\/v2\/posts\/46520\/revisions"}],"wp:featuredmedia":[{"embeddable":true,"href":"https:\/\/www.europesays.com\/fr\/wp-json\/wp\/v2\/media\/46521"}],"wp:attachment":[{"href":"https:\/\/www.europesays.com\/fr\/wp-json\/wp\/v2\/media?parent=46520"}],"wp:term":[{"taxonomy":"category","embeddable":true,"href":"https:\/\/www.europesays.com\/fr\/wp-json\/wp\/v2\/categories?post=46520"},{"taxonomy":"post_tag","embeddable":true,"href":"https:\/\/www.europesays.com\/fr\/wp-json\/wp\/v2\/tags?post=46520"}],"curies":[{"name":"wp","href":"https:\/\/api.w.org\/{rel}","templated":true}]}}