{"id":465206,"date":"2025-10-15T15:32:10","date_gmt":"2025-10-15T15:32:10","guid":{"rendered":"https:\/\/www.europesays.com\/fr\/465206\/"},"modified":"2025-10-15T15:32:10","modified_gmt":"2025-10-15T15:32:10","slug":"huit-etages-de-la-tour-montparnasse-evacues-par-securite-lobservatoire-ferme-plusieurs-jours","status":"publish","type":"post","link":"https:\/\/www.europesays.com\/fr\/465206\/","title":{"rendered":"huit \u00e9tages de la tour Montparnasse \u00e9vacu\u00e9s par s\u00e9curit\u00e9, l&rsquo;Observatoire ferm\u00e9 plusieurs jours"},"content":{"rendered":"<p>            Par<br \/>\n        <strong><br \/>\n            <a href=\"https:\/\/actu.fr\/auteur\/redaction-paris\" title=\"Consulter tous les articles de R\u00e9daction Paris\" target=\"_blank\" rel=\"noopener\">R\u00e9daction Paris<\/a><br \/>\n        <\/strong><\/p>\n<p>        Publi\u00e9 le<\/p>\n<p>            15 oct. 2025 \u00e0 16h59        <\/p>\n<p>Que s\u2019est-il pass\u00e9 dans la tour <a href=\"https:\/\/actu.fr\/tag\/montparnasse\" target=\"_blank\" rel=\"noopener\">Montparnasse<\/a>\u2009? Mardi 14\u00a0octobre 2025, peu apr\u00e8s la pause d\u00e9jeuner, <strong>huit \u00e9tages<\/strong> du gratte-ciel le plus haut de la capitale ont \u00e9t\u00e9 \u00e9vacu\u00e9s, a appris <a href=\"https:\/\/actu.fr\/paris\/dernieres-actus\" target=\"_blank\" rel=\"noopener\">actu Paris<\/a> aupr\u00e8s du maire du 15\u1d49 arrondissement, Philippe Goujon, confirmant une information du <a href=\"https:\/\/www.leparisien.fr\/paris-75\/tour-montparnasse-environ-300-personnes-evacuees-une-detection-damiante-en-cause-15-10-2025-A433AIA6VZHADD6BFK6PVKOSPA.php\" target=\"_blank\" rel=\"noopener\">Parisien<\/a>.<\/p>\n<p>Un risque d\u2019amiante\u2009?<\/p>\n<p class=\" wall-content\">L\u2019\u00e9lu \u00e9voque le d\u00e9clenchement d\u2019une alarme <a href=\"https:\/\/actu.fr\/tag\/incendie\" target=\"_blank\" rel=\"noopener\">incendie<\/a> comme source de l\u2019\u00e9vacuation des \u00e9tages situ\u00e9s entre <strong>48e au 57e<\/strong> et ne rapporte aucun d\u00e9g\u00e2t, mat\u00e9riel ou physique.<\/p>\n<p class=\" wall-content\">Mais l\u2019entreprise Morning Manager, dont les bureaux sont au 5e, a permis au quotidien de consulter un mail envoy\u00e9 aux employ\u00e9s, qui \u00e9voque une autre raison\u2009: la d\u00e9tection <strong>d\u2019amiante.<\/strong>\u00a0Avant d\u2019\u00eatre d\u00e9clar\u00e9s sans danger, les \u00e9tages vont devoir faire l\u2019objet d\u2019une inspection qui pourrait prendre jusqu\u2019\u00e0 48\u00a0heures.<\/p>\n<p class=\" wall-content\">En attendant que les causes de cette \u00e9vacuation soient clairement identifi\u00e9es et que tout risque soit \u00e9cart\u00e9, l\u2019observatoire panoramique, situ\u00e9 au 56e \u00e9tage, est <strong>ferm\u00e9 jusqu\u2019\u00e0 vendredi<\/strong>. \u00ab\u2009Pour des raisons ind\u00e9pendantes de notre volont\u00e9, l\u2019Observatoire est temporairement ferm\u00e9 au public mercredi\u00a015 et jeudi 16\u00a0octobre 2025. Nous vous prions de nous excuser de la g\u00eane occasionn\u00e9e. Nous rouvrirons d\u00e8s que possible\u2009\u00bb, fait savoir l\u2019attraction touristique sur son <a href=\"https:\/\/www.tourmontparnasse56.com\/fr\/pont-dobservation\/\" target=\"_blank\" rel=\"noopener\">site<\/a>.<\/p>\n<p class=\" wall-content\">Personnalisez votre actualit\u00e9 en ajoutant vos villes et m\u00e9dias en favori avec <a href=\"https:\/\/moncompte.actu.fr\" title=\"D\u00e9couvez Mon Actu\" rel=\"nofollow noopener\" data-trk=\"{&quot;cta&quot;:{&quot;action&quot;:&quot;https:\\\/\\\/moncompte.actu.fr&quot;,&quot;category&quot;:&quot;mon compte&quot;,&quot;from&quot;:&quot;article footer&quot;,&quot;name&quot;:&quot;Mon actu&quot;,&quot;type&quot;:&quot;cta&quot;}}\" target=\"_blank\">Mon Actu<\/a>.<\/p>\n","protected":false},"excerpt":{"rendered":"Par R\u00e9daction Paris Publi\u00e9 le 15 oct. 2025 \u00e0 16h59 Que s\u2019est-il pass\u00e9 dans la tour Montparnasse\u2009? Mardi&hellip;\n","protected":false},"author":2,"featured_media":465207,"comment_status":"","ping_status":"","sticky":false,"template":"","format":"standard","meta":{"footnotes":""},"categories":[1888],"tags":[1111,1928,11,1927,1777,674,1011,27,11674,12,1926,626,1925,25,104],"class_list":{"0":"post-465206","1":"post","2":"type-post","3":"status-publish","4":"format-standard","5":"has-post-thumbnail","7":"category-paris","8":"tag-actu","9":"tag-actu-paris","10":"tag-actualites","11":"tag-actualites-paris","12":"tag-eu","13":"tag-europe","14":"tag-fr","15":"tag-france","16":"tag-montparnasse","17":"tag-news","18":"tag-news-paris","19":"tag-paris","20":"tag-paris-news","21":"tag-republique-francaise","22":"tag-societe"},"share_on_mastodon":{"url":"https:\/\/pubeurope.com\/@fr\/115378910785542846","error":""},"_links":{"self":[{"href":"https:\/\/www.europesays.com\/fr\/wp-json\/wp\/v2\/posts\/465206","targetHints":{"allow":["GET"]}}],"collection":[{"href":"https:\/\/www.europesays.com\/fr\/wp-json\/wp\/v2\/posts"}],"about":[{"href":"https:\/\/www.europesays.com\/fr\/wp-json\/wp\/v2\/types\/post"}],"author":[{"embeddable":true,"href":"https:\/\/www.europesays.com\/fr\/wp-json\/wp\/v2\/users\/2"}],"replies":[{"embeddable":true,"href":"https:\/\/www.europesays.com\/fr\/wp-json\/wp\/v2\/comments?post=465206"}],"version-history":[{"count":0,"href":"https:\/\/www.europesays.com\/fr\/wp-json\/wp\/v2\/posts\/465206\/revisions"}],"wp:featuredmedia":[{"embeddable":true,"href":"https:\/\/www.europesays.com\/fr\/wp-json\/wp\/v2\/media\/465207"}],"wp:attachment":[{"href":"https:\/\/www.europesays.com\/fr\/wp-json\/wp\/v2\/media?parent=465206"}],"wp:term":[{"taxonomy":"category","embeddable":true,"href":"https:\/\/www.europesays.com\/fr\/wp-json\/wp\/v2\/categories?post=465206"},{"taxonomy":"post_tag","embeddable":true,"href":"https:\/\/www.europesays.com\/fr\/wp-json\/wp\/v2\/tags?post=465206"}],"curies":[{"name":"wp","href":"https:\/\/api.w.org\/{rel}","templated":true}]}}