{"id":465214,"date":"2025-10-15T15:36:34","date_gmt":"2025-10-15T15:36:34","guid":{"rendered":"https:\/\/www.europesays.com\/fr\/465214\/"},"modified":"2025-10-15T15:36:34","modified_gmt":"2025-10-15T15:36:34","slug":"alexandre-loukachenko-propose-un-big-deal-a-donald-trump","status":"publish","type":"post","link":"https:\/\/www.europesays.com\/fr\/465214\/","title":{"rendered":"Alexandre Loukachenko propose un \u201cbig deal\u201d \u00e0 Donald Trump"},"content":{"rendered":"\n<p>\u00c0 quoi joue Alexandre Loukachenko\u00a0? Cette question se pose de fa\u00e7on rituelle \u00e0 Moscou \u00e0 chaque fois que le ma\u00eetre de Minsk, qui reste par d\u00e9finition le plus fid\u00e8le alli\u00e9 de la Russie, tente de jouer sa propre partition sur la sc\u00e8ne internationale.<\/p>\n<p>Les commentateurs russes ont m\u00eame trouv\u00e9 un nom pour d\u00e9finir sa politique, souvent utilis\u00e9 de mani\u00e8re ironique, tant la marge de man\u0153uvre du pr\u00e9sident bi\u00e9lorusse semble \u00e9troite\u00a0: elle est \u201cmultivectorielle\u201d. Surtout au d\u00e9but de la guerre en Ukraine, en 2022, lorsque son pays a servi de plaque tournante et de base de repli pour les troupes russes envoy\u00e9es combattre sur le front.<\/p>\n<p>C\u2019est \u00e0 cette lumi\u00e8re que les d\u00e9clarations faites mardi 14\u00a0octobre par Alexandre Loukachenko, lors d\u2019une r\u00e9union \u00e0 Minsk avec une poign\u00e9e de hauts responsables bi\u00e9lorusses, ont pris un relief particulier.<\/p>\n<p><a class=\"ithalc\" data-ithal=\"lien_externe\" data-ithalc=\"[nav_article]\" target=\"_blank\" href=\"https:\/\/belta.by\/president\/view\/globalnaja-obstanovka-v-mire-i-otnoshenija-s-ssha-stali-temami-soveschanija-u-lukashenko-742854-2025\/\" rel=\"noopener\">Selon l\u2019agence de presse officielle <strong>Belta<\/strong><\/a><strong>,<\/strong> qui a diffus\u00e9 des images de cet \u00e9v\u00e9nement et le discours d\u2019introduction d\u2019Alexandre Loukachenko, cette r\u00e9union convoqu\u00e9e ad hoc par le pr\u00e9sident portait sur \u201cla situation internationale et le d\u00e9veloppement des relations entre la Bi\u00e9lorussie et les \u00c9tats-Unis\u201d.<\/p>\n<p> \u201cOn y va\u00a0?\u201d <\/p>\n<p>Parmi les participants, qui prenaient soigneusement des notes, figuraient des hommes peu connus du grand public, qui mais constituent \u201cl\u2019\u00e9pine dorsal<\/p>\n","protected":false},"excerpt":{"rendered":"\u00c0 quoi joue Alexandre Loukachenko\u00a0? Cette question se pose de fa\u00e7on rituelle \u00e0 Moscou \u00e0 chaque fois que&hellip;\n","protected":false},"author":2,"featured_media":465215,"comment_status":"","ping_status":"","sticky":false,"template":"","format":"standard","meta":{"footnotes":""},"categories":[1591],"tags":[11,44715,3822,58897,674,1887,1892,12,1885,1886,132,770],"class_list":{"0":"post-465214","1":"post","2":"type-post","3":"status-publish","4":"format-standard","5":"has-post-thumbnail","7":"category-russie","8":"tag-actualites","9":"tag-alexandre-loukachenko","10":"tag-amu00e9riques","11":"tag-biu00e9lorussie","12":"tag-europe","13":"tag-federation-de-russie","14":"tag-gu00e9opolitique","15":"tag-news","16":"tag-russia","17":"tag-russian-federation","18":"tag-russie","19":"tag-u00e9tats-unis"},"share_on_mastodon":{"url":"https:\/\/pubeurope.com\/@fr\/115378925357994961","error":""},"_links":{"self":[{"href":"https:\/\/www.europesays.com\/fr\/wp-json\/wp\/v2\/posts\/465214","targetHints":{"allow":["GET"]}}],"collection":[{"href":"https:\/\/www.europesays.com\/fr\/wp-json\/wp\/v2\/posts"}],"about":[{"href":"https:\/\/www.europesays.com\/fr\/wp-json\/wp\/v2\/types\/post"}],"author":[{"embeddable":true,"href":"https:\/\/www.europesays.com\/fr\/wp-json\/wp\/v2\/users\/2"}],"replies":[{"embeddable":true,"href":"https:\/\/www.europesays.com\/fr\/wp-json\/wp\/v2\/comments?post=465214"}],"version-history":[{"count":0,"href":"https:\/\/www.europesays.com\/fr\/wp-json\/wp\/v2\/posts\/465214\/revisions"}],"wp:featuredmedia":[{"embeddable":true,"href":"https:\/\/www.europesays.com\/fr\/wp-json\/wp\/v2\/media\/465215"}],"wp:attachment":[{"href":"https:\/\/www.europesays.com\/fr\/wp-json\/wp\/v2\/media?parent=465214"}],"wp:term":[{"taxonomy":"category","embeddable":true,"href":"https:\/\/www.europesays.com\/fr\/wp-json\/wp\/v2\/categories?post=465214"},{"taxonomy":"post_tag","embeddable":true,"href":"https:\/\/www.europesays.com\/fr\/wp-json\/wp\/v2\/tags?post=465214"}],"curies":[{"name":"wp","href":"https:\/\/api.w.org\/{rel}","templated":true}]}}