{"id":465216,"date":"2025-10-15T15:37:13","date_gmt":"2025-10-15T15:37:13","guid":{"rendered":"https:\/\/www.europesays.com\/fr\/465216\/"},"modified":"2025-10-15T15:37:13","modified_gmt":"2025-10-15T15:37:13","slug":"les-bretons-savent-ce-quest-la-solidarite-depuis-quimperle-un-nouveau-convoi-humanitaire-a-pris-la-route-vers-lukraine","status":"publish","type":"post","link":"https:\/\/www.europesays.com\/fr\/465216\/","title":{"rendered":"\u00ab\u00a0Les Bretons savent ce qu\u2019est la solidarit\u00e9\u00a0\u00bb\u00a0: depuis Quimperl\u00e9, un nouveau convoi humanitaire a pris la route vers l\u2019Ukraine"},"content":{"rendered":"<p>Alors que l\u2019<a href=\"https:\/\/www.letelegramme.fr\/monde\/guerre-ukraine-russie\/\" target=\"_blank\" rel=\"nofollow noopener\">Ukraine s\u2019appr\u00eate \u00e0 vivre son troisi\u00e8me hiver de guerre<\/a>, \u00e0 3\u00a0000 km de l\u00e0, une dizaine de b\u00e9n\u00e9voles s\u2019activaient, ce mercredi 15 octobre 2025, au d\u00e9p\u00f4t SLTI de Quimperl\u00e9. Dans la fra\u00eecheur matinale, ils chargeaient le 25e convoi humanitaire \u00e0 destination de l\u2019Ukraine, rempli de v\u00eatements, de denr\u00e9es, de m\u00e9dicaments et de mat\u00e9riel param\u00e9dical. Tous ces dons proviennent de collectes organis\u00e9es ici et l\u00e0.<\/p>\n<p><img decoding=\"async\" src=\"https:\/\/www.europesays.com\/fr\/wp-content\/uploads\/2025\/10\/68efa4c77d6ee083780bf4eb.1.jpeg\" width=\"480\" height=\"300\" class=\"web_golden_m\" loading=\"lazy\" alt=\"Une dizaine de b\u00e9n\u00e9voles seniors ont assur\u00e9 le chargement du convoi.\"\/>Une dizaine de b\u00e9n\u00e9voles seniors ont assur\u00e9 le chargement du convoi. (Le T\u00e9l\u00e9gramme\/Sophie Ey\u00e9gu\u00e9)18 lits m\u00e9dicalis\u00e9s<\/p>\n<p>\u00ab\u00a0Les Bretons savent ce qu\u2019est la solidarit\u00e9\u00a0\u00bb, sourit Fran\u00e7ois Bouteille, du collectif Belle-Ile Solidarit\u00e9 Ukraine. Depuis le d\u00e9but de l\u2019invasion russe en f\u00e9vrier 2022, les 5\u00a0600 habitants de l\u2019\u00eele ont rassembl\u00e9 plus de 130\u00a0000 m\u00b3 de dons. \u00ab\u00a0Et <a href=\"https:\/\/www.letelegramme.fr\/finistere\/quimperle-29300\/ukraine-bretagne-a-quimperle-meme-apres-trois-ans-de-conflit-la-solidarite-est-toujours-la-6701054.php\" target=\"_blank\" rel=\"nofollow noopener\">la mobilisation ne faiblit pas<\/a>\u00a0\u00bb, insiste-t-il, assurant que chaque envoi est rigoureusement trac\u00e9 et adapt\u00e9 aux besoins sur le terrain.<\/p>\n<p>S\u2019en assurer est notamment le r\u00f4le de Tania Richter, pr\u00e9sidente de l\u2019association Ukraine Bretagne Sud, qui coordonne les actions entre le Finist\u00e8re et son pays d\u2019origine. \u00ab\u00a0Chaque convoi a sa sp\u00e9cificit\u00e9\u00a0: les destinataires et les besoins changent\u00a0\u00bb, explique-t-elle. Les dons r\u00e9pondent n\u00e9anmoins toujours aux besoins des civils d\u00e9plac\u00e9s et \u00e0 ceux des militaires.\u00a0Cette fois, direction Kharkiv, ville proche du front, avec \u00e0 bord 18 lits m\u00e9dicalis\u00e9s offerts par le CHU (Centre hospitalier universitaire) de Rennes.<\/p>\n<p>Depuis 2022, deux \u00e0 trois convois, estim\u00e9s chacun \u00e0 3\u00a0500 \u20ac, sont organis\u00e9s chaque ann\u00e9e. \u00ab\u00a0C\u2019est pourquoi nous insistons pour remercier les donateurs sans qui cela ne serait pas possible\u00a0!\u00a0\u00bb Par ailleurs, en partenariat avec l\u2019association Help and Hope Ukraine Cherkassy,<a href=\"https:\/\/www.helloasso.com\/associations\/ukraine-bretagne-sud\/collectes\/projet-invisibles\" target=\"_blank\" rel=\"nofollow noopener\"> une campagne de dons a \u00e9t\u00e9 lanc\u00e9e pour financer des tissus antithermiques<\/a> afin d\u2019\u00e9chapper aux cam\u00e9ras thermiques des drones russes et ainsi prot\u00e9ger les militaires et le mat\u00e9riel, comme les g\u00e9n\u00e9rateurs souvent pris pour cibles. \u00ab\u00a0\u00c0 l\u2019approche de l\u2019hiver, \u00e7a devient vital\u00a0\u00bb, conclut Tania Richter, qui assure que chaque d\u00e9pense s\u2019accompagne d\u2019une facture.<\/p>\n","protected":false},"excerpt":{"rendered":"Alors que l\u2019Ukraine s\u2019appr\u00eate \u00e0 vivre son troisi\u00e8me hiver de guerre, \u00e0 3\u00a0000 km de l\u00e0, une dizaine&hellip;\n","protected":false},"author":2,"featured_media":465217,"comment_status":"","ping_status":"","sticky":false,"template":"","format":"standard","meta":{"footnotes":""},"categories":[1590],"tags":[11,40105,1777,674,3321,131,3729,12,11878,3400,220],"class_list":{"0":"post-465216","1":"post","2":"type-post","3":"status-publish","4":"format-standard","5":"has-post-thumbnail","7":"category-ukraine","8":"tag-actualites","9":"tag-belle-ile-en-mer","10":"tag-eu","11":"tag-europe","12":"tag-finistere","13":"tag-guerre-en-ukraine","14":"tag-morbihan","15":"tag-news","16":"tag-quimperle","17":"tag-solidarite","18":"tag-ukraine"},"share_on_mastodon":{"url":"https:\/\/pubeurope.com\/@fr\/115378929897551419","error":""},"_links":{"self":[{"href":"https:\/\/www.europesays.com\/fr\/wp-json\/wp\/v2\/posts\/465216","targetHints":{"allow":["GET"]}}],"collection":[{"href":"https:\/\/www.europesays.com\/fr\/wp-json\/wp\/v2\/posts"}],"about":[{"href":"https:\/\/www.europesays.com\/fr\/wp-json\/wp\/v2\/types\/post"}],"author":[{"embeddable":true,"href":"https:\/\/www.europesays.com\/fr\/wp-json\/wp\/v2\/users\/2"}],"replies":[{"embeddable":true,"href":"https:\/\/www.europesays.com\/fr\/wp-json\/wp\/v2\/comments?post=465216"}],"version-history":[{"count":0,"href":"https:\/\/www.europesays.com\/fr\/wp-json\/wp\/v2\/posts\/465216\/revisions"}],"wp:featuredmedia":[{"embeddable":true,"href":"https:\/\/www.europesays.com\/fr\/wp-json\/wp\/v2\/media\/465217"}],"wp:attachment":[{"href":"https:\/\/www.europesays.com\/fr\/wp-json\/wp\/v2\/media?parent=465216"}],"wp:term":[{"taxonomy":"category","embeddable":true,"href":"https:\/\/www.europesays.com\/fr\/wp-json\/wp\/v2\/categories?post=465216"},{"taxonomy":"post_tag","embeddable":true,"href":"https:\/\/www.europesays.com\/fr\/wp-json\/wp\/v2\/tags?post=465216"}],"curies":[{"name":"wp","href":"https:\/\/api.w.org\/{rel}","templated":true}]}}