{"id":465221,"date":"2025-10-15T15:40:11","date_gmt":"2025-10-15T15:40:11","guid":{"rendered":"https:\/\/www.europesays.com\/fr\/465221\/"},"modified":"2025-10-15T15:40:11","modified_gmt":"2025-10-15T15:40:11","slug":"en-allemagne-les-programmes-scolaires-dans-le-viseur-de-lafd","status":"publish","type":"post","link":"https:\/\/www.europesays.com\/fr\/465221\/","title":{"rendered":"En Allemagne, les programmes scolaires dans le viseur de l\u2019AfD"},"content":{"rendered":"\n<p>Fort de son score aux <a href=\"https:\/\/www.courrierinternational.com\/article\/analyse-elections-en-allemagne-a-l-ouest-aussi-l-extreme-droite-gagne-du-terrain_228094\" target=\"_blank\" rel=\"noopener\">derni\u00e8res \u00e9lections l\u00e9gislatives allemandes<\/a>, le parti d\u2019extr\u00eame droite Alternative pour l\u2019Allemagne (AfD) r\u00eave d\u00e9sormais d\u2019une victoire \u00e9crasante aux \u00e9lections r\u00e9gionales du Land de Saxe-Anhalt, dans le centre du pays, qui doivent se tenir le\u00a06\u00a0septembre 2026. Pour maximiser les chances, les militants du parti ont d\u2019ores et d\u00e9j\u00e0 lanc\u00e9 une offensive id\u00e9ologique, qui cible, entre autres, les sph\u00e8res acad\u00e9miques.<\/p>\n<p><a class=\"ithalc\" data-ithal=\"lien_externe\" data-ithalc=\"[nav_article]\" target=\"_blank\" href=\"https:\/\/www.spiegel.de\/panorama\/bildung\/afd-so-will-die-partei-die-schullandschaft-in-sachsen-anhalt-umkrempeln-a-0ffe8aea-6f32-4059-9d61-05733b20cfb1\" rel=\"noopener\">Interrog\u00e9 par le magazine <strong>Der Spiegel<\/strong><\/a><strong>,<\/strong> Hans-Thomas Tillschneider, chef du groupe parlementaire AfD au Parlement de Saxe-Anhalt, confiait sa volont\u00e9 d\u2019interdire aux enseignants \u201ctoute tentative de pr\u00e9senter une opinion politique \u2018attrayante ou tendance\u2019\u201d. D\u2019apr\u00e8s lui, la \u201cpropagande omnipr\u00e9sente en faveur de la diversit\u00e9\u201d dans les programmes scolaires et le discours des enseignants \u201cd\u00e9truit la normalit\u00e9 h\u00e9t\u00e9rosexuelle\u201d, qu\u2019il consid\u00e8re comme \u201cessentielle \u00e0 la p\u00e9rennit\u00e9 et \u00e0 la prosp\u00e9rit\u00e9 de notre soci\u00e9t\u00e9\u201d.<\/p>\n<p>               R\u00e9former le fond et la forme       <\/p>\n<p>Tillschneider veut \u00e9galement s\u2019attaquer au nom d\u2019\u00e9tablissements scolaires porteurs de \u201ctendances id\u00e9ologiques\u201d, signale Der Spiegel. Le d\u00e9put\u00e9 de l\u2019AfD cite le \u201clyc\u00e9e \u2018Quer-Bunt\u2019 de Querfurt\u201d et sa d\u00e9nomination \u201ctotalement rat\u00e9e\u201d en raison, selon lui, qu\u2019une sonorit\u00e9 rappelant le mot \u201cqueer\u201d, aussi utilis\u00e9 pour d\u00e9signer les personnes LGBTQI.<\/p>\n<p>Cette volont\u00e9 affich\u00e9e d\u2019interf\u00e9rer dans le champ \u00e9ducatif se heurte cependant aux principes de neutralit\u00e9 dans les \u00e9tablissements scolaires allemands. Car, comme le <a class=\"ithalc\" data-ithal=\"lien_externe\" data-ithalc=\"[nav_article]\" target=\"_blank\" href=\"https:\/\/www.faz.net\/aktuell\/politik\/inland\/sachsen-anhalt-afd-will-lehrern-politische-aeusserungen-verbieten-110718990.html\" rel=\"noopener\">rappelle le quotidien conservateur <strong>Frankfurter Allgemeine Zeitung<\/strong><\/a><strong>,<\/strong> en Allemagne, le <a class=\"ithalc\" data-ithal=\"lien_externe\" data-ithalc=\"[nav_article]\" target=\"_blank\" href=\"https:\/\/www.lpb-bw.de\/beutelsbacher-konsens\" rel=\"noopener\">consensus de Beutelsbach<\/a> de 1976, qui d\u00e9finit les standards \u00e9ducatifs, \u201ccontient d\u00e9j\u00e0 une exigence de mod\u00e9ration\u201d. \u201cIl n\u2019est pas permis de forcer un \u00e9l\u00e8ve [\u2026] \u00e0 faire siennes les opinions qu\u2019on voudrait lui imposer et de l\u2019emp\u00eacher de se faire son propre jugement.\u201d<\/p>\n<p>               Des craintes justifi\u00e9es       <\/p>\n<p>Du c\u00f4t\u00e9 des universit\u00e9s, l\u2019AfD pr\u00e9parerait des \u201clistes de cursus et de chaires\u201d qu\u2019elle estime d\u00e9rangeants, <a class=\"ithalc\" data-ithal=\"lien_externe\" data-ithalc=\"[nav_article]\" target=\"_blank\" href=\"https:\/\/taz.de\/AfD-hetzt-gegen-Hochschulen\/!6116589\/\" rel=\"noopener\">r\u00e9v\u00e8le la <strong>TAZ<\/strong><\/a><strong>.<\/strong> En premi\u00e8re ligne, les \u00e9tudes sur le genre et postcoloniales. Un \u00e9cho aux politiques \u00e9ducatives am\u00e9ricaine et hongroise, \u201cr\u00e9guli\u00e8rement cit\u00e9es comme mod\u00e8les par les responsables politiques de l\u2019AfD\u201d.<\/p>\n<p>\u00c0 l\u2019heure actuelle, les ambitions du parti, minoritaire au Parlement r\u00e9gional, ont peu de chance d\u2019aboutir. La proposition de Tillschneider d\u2019\u201cexiger une neutralit\u00e9\u201d \u00e0 l\u2019\u00e9cole, soumise aux parlementaires d\u00e9but octobre, a \u00e9t\u00e9 unanimement rejet\u00e9e, <a class=\"ithalc\" data-ithal=\"lien_externe\" data-ithalc=\"[nav_article]\" target=\"_blank\" href=\"https:\/\/www.mdr.de\/nachrichten\/sachsen-anhalt\/afd-scheitert-mit-vorstoss-fuer-neutralitaetsgebot-an-schulen-100.html\" rel=\"noopener\">note le <strong>Mitteldeutscher Rundfunk (MDR)<\/strong><\/a><strong>. <\/strong>Pour autant, la prudence reste de mise. Consult\u00e9 par le radiodiffuseur d\u00e9but septembre, le politologue Benjamin H\u00f6hne estime en effet qu\u2019en cas de victoire aux \u00e9lections de 2026 la perspective d\u2019<a class=\"ithalc\" data-ithal=\"lien_externe\" data-ithalc=\"[nav_article]\" target=\"_blank\" href=\"https:\/\/www.mdr.de\/nachrichten\/sachsen-anhalt\/landespolitik\/landtagswahl-afd-regierung-einfache-mehrheit-100.html\" rel=\"noopener\">\u201cun gouvernement majoritaire de l\u2019AfD en Saxe-Anhalt n\u2019est pas improbable\u201d<\/a>.<\/p>\n","protected":false},"excerpt":{"rendered":"Fort de son score aux derni\u00e8res \u00e9lections l\u00e9gislatives allemandes, le parti d\u2019extr\u00eame droite Alternative pour l\u2019Allemagne (AfD) r\u00eave&hellip;\n","protected":false},"author":2,"featured_media":465222,"comment_status":"","ping_status":"","sticky":false,"template":"","format":"standard","meta":{"footnotes":""},"categories":[1587],"tags":[11,672,1804,1805,1803,1777,674,7610,1801,12,1802,1857],"class_list":{"0":"post-465221","1":"post","2":"type-post","3":"status-publish","4":"format-standard","5":"has-post-thumbnail","7":"category-allemagne","8":"tag-actualites","9":"tag-allemagne","10":"tag-bundesrepublik-deutschland","11":"tag-de","12":"tag-deutschland","13":"tag-eu","14":"tag-europe","15":"tag-extru00eame-droite-en-allemagne","16":"tag-germany","17":"tag-news","18":"tag-republique-federale-dallemagne","19":"tag-sociu00e9tu00e9"},"share_on_mastodon":{"url":"https:\/\/pubeurope.com\/@fr\/115378941049694799","error":""},"_links":{"self":[{"href":"https:\/\/www.europesays.com\/fr\/wp-json\/wp\/v2\/posts\/465221","targetHints":{"allow":["GET"]}}],"collection":[{"href":"https:\/\/www.europesays.com\/fr\/wp-json\/wp\/v2\/posts"}],"about":[{"href":"https:\/\/www.europesays.com\/fr\/wp-json\/wp\/v2\/types\/post"}],"author":[{"embeddable":true,"href":"https:\/\/www.europesays.com\/fr\/wp-json\/wp\/v2\/users\/2"}],"replies":[{"embeddable":true,"href":"https:\/\/www.europesays.com\/fr\/wp-json\/wp\/v2\/comments?post=465221"}],"version-history":[{"count":0,"href":"https:\/\/www.europesays.com\/fr\/wp-json\/wp\/v2\/posts\/465221\/revisions"}],"wp:featuredmedia":[{"embeddable":true,"href":"https:\/\/www.europesays.com\/fr\/wp-json\/wp\/v2\/media\/465222"}],"wp:attachment":[{"href":"https:\/\/www.europesays.com\/fr\/wp-json\/wp\/v2\/media?parent=465221"}],"wp:term":[{"taxonomy":"category","embeddable":true,"href":"https:\/\/www.europesays.com\/fr\/wp-json\/wp\/v2\/categories?post=465221"},{"taxonomy":"post_tag","embeddable":true,"href":"https:\/\/www.europesays.com\/fr\/wp-json\/wp\/v2\/tags?post=465221"}],"curies":[{"name":"wp","href":"https:\/\/api.w.org\/{rel}","templated":true}]}}