{"id":465223,"date":"2025-10-15T15:41:12","date_gmt":"2025-10-15T15:41:12","guid":{"rendered":"https:\/\/www.europesays.com\/fr\/465223\/"},"modified":"2025-10-15T15:41:12","modified_gmt":"2025-10-15T15:41:12","slug":"sebastien-ogier-a-la-poursuite-de-sebastien-loeb","status":"publish","type":"post","link":"https:\/\/www.europesays.com\/fr\/465223\/","title":{"rendered":"S\u00e9bastien Ogier \u00e0 la poursuite de S\u00e9bastien Loeb"},"content":{"rendered":"<p>S\u00e9bastien Ogier va-t-il rattraper S\u00e9bastien Loeb\u00a0? Sur le rallye d\u2019Europe centrale, 12e\u00a0manche du championnat du monde WRC, le pilote Toyota peut se rapprocher d\u2019un neuvi\u00e8me titre mondial, qui ferait de lui l\u2019\u00e9gal du l\u00e9gendaire alsacien. Ogier, qui ne compte que deux points d\u2019avance sur son co\u00e9quipier britannique Elfyn Evans, ne pourra pas encore s\u2019assurer le titre \u00e0 l\u2019issue de cette \u00e9preuve sur asphalte, disput\u00e9e sur quatre jours dans trois pays, l\u2019Allemagne, l\u2019Autriche et la R\u00e9publique tch\u00e8que.\u00a0Mais, \u00e0 trois rallyes de la fin du championnat, le Gapen\u00e7ais de 41\u00a0ans a la dynamique pour lui. Il reste sur deux victoires cons\u00e9cutives au Paraguay puis au Chili mi-septembre, o\u00f9 il a \u00e9cras\u00e9 la concurrence et pris la t\u00eate du championnat.<\/p>\n<p>Ogier, qui avait d\u00e9cid\u00e9 de ne disputer qu\u2019une partie de la saison, a manqu\u00e9 trois \u00e9preuves entre janvier et juillet. Mais ses r\u00e9sultats exceptionnels l\u2019ont convaincu de jouer sa chance \u00e0 fond et de faire toute la fin de saison pour tenter de d\u00e9crocher le titre. Il compte d\u00e9sormais cinq victoires et trois podiums en huit courses. \u00ab\u00a0C\u2019est tr\u00e8s satisfaisant d\u2019\u00eatre l\u00e0 o\u00f9 nous sommes et de nous battre pour le titre, dit-il. Mais les positions sont encore tr\u00e8s serr\u00e9es et je sais que ce rallye va \u00eatre dur [\u2026] Je sais que nos concurrents peuvent \u00eatre tr\u00e8s forts sur l\u2019asphalte et je m\u2019attends \u00e0 une bagarre intense.\u00a0\u00bb<\/p>\n<p>\u00ab\u00a0Un rallye vraiment pi\u00e9geux\u00a0\u00bb<\/p>\n<p>Le dernier rallye sur asphalte, aux \u00celes Canaries en avril, a \u00e9t\u00e9 remport\u00e9 par Rovanper\u00e4 devant Ogier.\u00a0Mais selon le Finlandais, \u00ab\u00a0il n\u2019y a pas au rallye d\u2019Europe centrale de belles routes asphalt\u00e9es bien propres comme aux Canaries, mais un rev\u00eatement irr\u00e9gulier et de la boue. Donc ce sera un rallye vraiment pi\u00e9geux.\u00a0\u00bb<\/p>\n<p>Cette manche se jouera sur dix-huit sp\u00e9ciales entre jeudi et dimanche. Elle emprunte successivement des routes ouvertes et roulantes en R\u00e9publique tch\u00e8que, et des trac\u00e9s techniques en for\u00eat bavaroise, o\u00f9 les feuilles mortes peuvent se r\u00e9v\u00e9ler fatales. \u00ab\u00a0Plus vous \u00eates loin dans l\u2019ordre de passage, plus vous avez de surprises, parce que chaque voiture ram\u00e8ne plus de salet\u00e9 sur la route, met en garde l\u2019Estonien Ott T\u00e4nak. Le style de conduite est \u00e9galement essentiel, surtout avec des niveaux d\u2019adh\u00e9rence qui changent radicalement, en particulier apr\u00e8s la pluie. L\u2019exp\u00e9rience est vraiment cruciale ici.\u00a0\u00bb<\/p>\n<p>Au championnat constructeur, Toyota, qui compte 125 points d\u2019avance sur Hyundai, peut devenir ce week-end champion du monde pour la cinqui\u00e8me fois cons\u00e9cutive.<\/p>\n<p>Ce jeudi, premi\u00e8re sp\u00e9ciale \u00e0 14\u00a0h\u00a028, deuxi\u00e8me \u00e0 18\u00a0h, sur Canal+\u00a0Sport 360.<\/p>\n","protected":false},"excerpt":{"rendered":"S\u00e9bastien Ogier va-t-il rattraper S\u00e9bastien Loeb\u00a0? Sur le rallye d\u2019Europe centrale, 12e\u00a0manche du championnat du monde WRC, le&hellip;\n","protected":false},"author":2,"featured_media":465224,"comment_status":"","ping_status":"","sticky":false,"template":"","format":"standard","meta":{"footnotes":""},"categories":[1586],"tags":[11,646,1777,674,1011,27,74,12,28785,25,60],"class_list":{"0":"post-465223","1":"post","2":"type-post","3":"status-publish","4":"format-standard","5":"has-post-thumbnail","7":"category-europe","8":"tag-actualites","9":"tag-automobile","10":"tag-eu","11":"tag-europe","12":"tag-fr","13":"tag-france","14":"tag-monde","15":"tag-news","16":"tag-rallye","17":"tag-republique-francaise","18":"tag-sports"},"share_on_mastodon":{"url":"https:\/\/pubeurope.com\/@fr\/115378944973582185","error":""},"_links":{"self":[{"href":"https:\/\/www.europesays.com\/fr\/wp-json\/wp\/v2\/posts\/465223","targetHints":{"allow":["GET"]}}],"collection":[{"href":"https:\/\/www.europesays.com\/fr\/wp-json\/wp\/v2\/posts"}],"about":[{"href":"https:\/\/www.europesays.com\/fr\/wp-json\/wp\/v2\/types\/post"}],"author":[{"embeddable":true,"href":"https:\/\/www.europesays.com\/fr\/wp-json\/wp\/v2\/users\/2"}],"replies":[{"embeddable":true,"href":"https:\/\/www.europesays.com\/fr\/wp-json\/wp\/v2\/comments?post=465223"}],"version-history":[{"count":0,"href":"https:\/\/www.europesays.com\/fr\/wp-json\/wp\/v2\/posts\/465223\/revisions"}],"wp:featuredmedia":[{"embeddable":true,"href":"https:\/\/www.europesays.com\/fr\/wp-json\/wp\/v2\/media\/465224"}],"wp:attachment":[{"href":"https:\/\/www.europesays.com\/fr\/wp-json\/wp\/v2\/media?parent=465223"}],"wp:term":[{"taxonomy":"category","embeddable":true,"href":"https:\/\/www.europesays.com\/fr\/wp-json\/wp\/v2\/categories?post=465223"},{"taxonomy":"post_tag","embeddable":true,"href":"https:\/\/www.europesays.com\/fr\/wp-json\/wp\/v2\/tags?post=465223"}],"curies":[{"name":"wp","href":"https:\/\/api.w.org\/{rel}","templated":true}]}}