{"id":465227,"date":"2025-10-15T15:43:12","date_gmt":"2025-10-15T15:43:12","guid":{"rendered":"https:\/\/www.europesays.com\/fr\/465227\/"},"modified":"2025-10-15T15:43:12","modified_gmt":"2025-10-15T15:43:12","slug":"mort-de-pres-de-60-brebis-apres-un-grave-accident-de-camion-dans-les-alpes-de-haute-provence","status":"publish","type":"post","link":"https:\/\/www.europesays.com\/fr\/465227\/","title":{"rendered":"Mort de pr\u00e8s de 60 brebis apr\u00e8s un grave accident de camion\u00a0dans les Alpes-de-Haute-Provence"},"content":{"rendered":"<p>Dans les <a href=\"https:\/\/www.laprovence.com\/region\/Edition-alpes\" target=\"_blank\" rel=\"nofollow noopener\">Alpes-de-Haute-Provence<\/a>, ce mercredi 15 octobre 2025, la zone de la Haute-Ubaye reste \u00e0 \u00e9viter temporairement.<\/p>\n<p>Apr\u00e8s le choc, on d\u00e9plore 48\u00a0<a href=\"https:\/\/www.laprovence.com\/article\/region\/41134506748848\/dans-les-pas-dun-berger-qui-faconne-les-pentes-du-lauzanier\" target=\"_blank\" rel=\"nofollow noopener\">brebis<\/a> mortes et neuf euthanasi\u00e9es par trois v\u00e9t\u00e9rinaires et un autre en formation qui sont bas\u00e9s sur trois communes dont Barcelonnette depuis quelques mois. L\u2019\u00e9tat de sant\u00e9 des animaux vivants sera confirm\u00e9 24h plus tard. Quant \u00e0 l\u2019enqu\u00eate, qui a \u00e9t\u00e9 ouverte pour d\u00e9terminer les circonstances de l\u2019accident, a \u00e9t\u00e9 confi\u00e9e \u00e0 la compagnie de gendarmerie de Barcelonnette.<\/p>\n<p>\u00c9vitez la zone<\/p>\n<p>\u00ab\u00a0Il est recommand\u00e9 de retarder les voyages vers cette zone, car les gens risquent de se trouver bloqu\u00e9s sur la route\u00a0\u00bb, avertit le capitaine Heinen, \u00e0 la t\u00eate de l\u2019escadron d\u00e9partemental de s\u00e9curit\u00e9 routi\u00e8re. La r\u00e9ouverture de la route ne devait pas intervenir avant 14\u00a0heures au plus t\u00f4t\u00a0\u00bb.<\/p>\n<p>La nature du v\u00e9hicule endommag\u00e9 &#8211; un camion porteur avec une remorque &#8211; complique en effet l\u2019op\u00e9ration. D\u2019autant plus qu\u2019actuellement, cette zone fait l\u2019objet de travaux, avec des fermetures temporaires de circulation.<\/p>\n","protected":false},"excerpt":{"rendered":"Dans les Alpes-de-Haute-Provence, ce mercredi 15 octobre 2025, la zone de la Haute-Ubaye reste \u00e0 \u00e9viter temporairement. Apr\u00e8s&hellip;\n","protected":false},"author":2,"featured_media":465228,"comment_status":"","ping_status":"","sticky":false,"template":"","format":"standard","meta":{"footnotes":""},"categories":[2],"tags":[17,119,11,150,1102,49946,58898,1011,27,16871,18,12,3762,16,25],"class_list":{"0":"post-465227","1":"post","2":"type-post","3":"status-publish","4":"format-standard","5":"has-post-thumbnail","7":"category-actualites","8":"tag-17","9":"tag-accident","10":"tag-actualites","11":"tag-apres","12":"tag-breakingnews","13":"tag-brebis","14":"tag-camion-dans","15":"tag-fr","16":"tag-france","17":"tag-grave","18":"tag-mort","19":"tag-news","20":"tag-pres","21":"tag-region","22":"tag-republique-francaise"},"share_on_mastodon":{"url":"https:\/\/pubeurope.com\/@fr\/115378953017649270","error":""},"_links":{"self":[{"href":"https:\/\/www.europesays.com\/fr\/wp-json\/wp\/v2\/posts\/465227","targetHints":{"allow":["GET"]}}],"collection":[{"href":"https:\/\/www.europesays.com\/fr\/wp-json\/wp\/v2\/posts"}],"about":[{"href":"https:\/\/www.europesays.com\/fr\/wp-json\/wp\/v2\/types\/post"}],"author":[{"embeddable":true,"href":"https:\/\/www.europesays.com\/fr\/wp-json\/wp\/v2\/users\/2"}],"replies":[{"embeddable":true,"href":"https:\/\/www.europesays.com\/fr\/wp-json\/wp\/v2\/comments?post=465227"}],"version-history":[{"count":0,"href":"https:\/\/www.europesays.com\/fr\/wp-json\/wp\/v2\/posts\/465227\/revisions"}],"wp:featuredmedia":[{"embeddable":true,"href":"https:\/\/www.europesays.com\/fr\/wp-json\/wp\/v2\/media\/465228"}],"wp:attachment":[{"href":"https:\/\/www.europesays.com\/fr\/wp-json\/wp\/v2\/media?parent=465227"}],"wp:term":[{"taxonomy":"category","embeddable":true,"href":"https:\/\/www.europesays.com\/fr\/wp-json\/wp\/v2\/categories?post=465227"},{"taxonomy":"post_tag","embeddable":true,"href":"https:\/\/www.europesays.com\/fr\/wp-json\/wp\/v2\/tags?post=465227"}],"curies":[{"name":"wp","href":"https:\/\/api.w.org\/{rel}","templated":true}]}}