{"id":465229,"date":"2025-10-15T15:44:14","date_gmt":"2025-10-15T15:44:14","guid":{"rendered":"https:\/\/www.europesays.com\/fr\/465229\/"},"modified":"2025-10-15T15:44:14","modified_gmt":"2025-10-15T15:44:14","slug":"gerald-darmanin-quitte-renaissance-et-charge-gabriel-attal","status":"publish","type":"post","link":"https:\/\/www.europesays.com\/fr\/465229\/","title":{"rendered":"G\u00e9rald Darmanin quitte Renaissance et charge Gabriel Attal"},"content":{"rendered":"<p>        <img decoding=\"async\" loading=\"lazy\" src=\"https:\/\/www.europesays.com\/fr\/wp-content\/uploads\/2025\/10\/4b05b97_upload-1-n5k2uafyopb0-afp-20241015-36k722a-v5-midres-francepoliticsparliamentgovernment.jpg\"  width=\"728\" height=\"409\" alt=\"Gabriel Attal et G\u00e9rald Darmanin, lors d\u2019une session de question au gouvernement \u00e0 l\u2019Assembl\u00e9e le 15\u00a0octobre 2024.\"\/>  <\/p>\n<p>ALAIN JOCARD \/ AFP<\/p>\n<p>Gabriel Attal et G\u00e9rald Darmanin, lors d\u2019une session de question au gouvernement \u00e0 l\u2019Assembl\u00e9e le 15\u00a0octobre 2024.<\/p>\n<p class=\"asset asset-text\">POLITIQUE &#8211; Ministre de la Justice du gouvernement Lecornu II, G\u00e9rald Darmanin y si\u00e8ge d\u00e9sormais sans affiliation politique. Le Garde des Sceaux <a href=\"https:\/\/www.huffingtonpost.fr\/politique\/article\/gouvernement-lecornu-ii-la-garantie-apportee-par-darmanin-pour-rester-en-poste_255918.html\" target=\"_blank\" rel=\"noopener\">qui a sauv\u00e9 son poste minist\u00e9riel<\/a> a annonc\u00e9 son \u00ab\u00a0retrait d\u00e9finitif\u00a0\u00bb du parti Renaissance. Et mis directement en cause son secr\u00e9taire g\u00e9n\u00e9ral <a href=\"https:\/\/www.huffingtonpost.fr\/politique\/article\/eric-dupond-moretti-s-en-prend-a-gabriel-attal-et-edouard-philippe-des-rats-qui-quittent-le-navire_255790.html\" target=\"_blank\" rel=\"noopener\">Gabriel Attal<\/a>.<\/p>\n<p class=\"asset asset-text\">C\u2019est dans une lettre adress\u00e9e \u00e0 l\u2019ancien Premier ministre mardi 14\u00a0octobre que G\u00e9rald Darmanin a annonc\u00e9 et justifi\u00e9 son d\u00e9part en \u00e9voquant \u00ab\u00a0deux v\u00e9rit\u00e9s\u00a0\u00bb qui font toutes les deux directement r\u00e9f\u00e9rences \u00e0 Gabriel Attal. \u00ab\u00a0La premi\u00e8re est que, quels que soient les d\u00e9saccords d\u2019appr\u00e9ciation avec le pr\u00e9sident de la R\u00e9publique, ils ne peuvent \u00eatre exprim\u00e9s publiquement par le mouvement qu\u2019il a lui-m\u00eame fond\u00e9\u00a0\u00bb, \u00e9crit le ministre, dans une allusion nette au chef de parti qui <a href=\"https:\/\/www.huffingtonpost.fr\/politique\/video\/comment-emmanuel-macron-a-perdu-edouard-philippe-qui-veut-son-depart-et-gabriel-attal-qui-le-comprend-plus_255715.html\" target=\"_blank\" rel=\"noopener\">a consomm\u00e9 son divorce avec le chef de l\u2019\u00c9tat<\/a> en d\u00e9clarant \u00ab\u00a0ne plus comprendre\u00a0\u00bb ses d\u00e9cisions.<\/p>\n<p class=\"asset asset-text\">Une sortie qui a \u00ab\u00a0choqu\u00e9\u00a0\u00bb G\u00e9rald Darmanin. \u00ab\u00a0Je trouve que c\u2019est une formule un peu difficile \u00e0 entendre, sachant que Gabriel Attal a \u00e9t\u00e9 nomm\u00e9 ministre, Premier ministre, il a \u00e9t\u00e9 \u00e9lu chef du parti du pr\u00e9sident de la R\u00e9publique.. Je pense que \u00e7a ne grandit pas\u00a0\u00bb, a tacl\u00e9 le ministre invit\u00e9 de LCI dans la soir\u00e9e.<\/p>\n<p>    Darmanin fustige les \u00ab\u00a0aventures pr\u00e9matur\u00e9es\u00a0\u00bb pour 2027 (apr\u00e8s avoir tent\u00e9 de lancer la sienne)    <\/p>\n<p class=\"asset asset-text\">Deuxi\u00e8me raison donn\u00e9e pour justifier son d\u00e9part\u00a0: \u00ab\u00a0les aventures individuelles et pr\u00e9matur\u00e9es \u00e0 l\u2019\u00e9lection pr\u00e9sidentielle (qui) ne pourront mener qu\u2019\u00e0 l\u2019\u00e9limination collective, d\u00e8s le premier tour.\u00a0\u00bb Cette fois, l\u2019ancien Garde des Sceaux vise autant Edouard Philippe, candidat d\u00e9clar\u00e9, que Gabriel Attal, non d\u00e9clar\u00e9 mais dont <a href=\"https:\/\/www.huffingtonpost.fr\/politique\/article\/ces-signes-qui-montrent-que-l-echappee-de-gabriel-attal-crispe-au-sein-meme-de-renaissance_255112.html\" target=\"_blank\" rel=\"noopener\">les \u00e9chapp\u00e9es ne laissent pas de place au doute, y compris chez Renaissance.<\/a><\/p>\n<p class=\"asset asset-text\">S\u2019il les fustige aujourd\u2019hui, G\u00e9rald Darmanin faisait partie il n\u2019y a pas si longtemps de ceux qui affichaient leurs ambitions \u00e9lys\u00e9ennes. Il y a tout d\u2019abord eu la cr\u00e9ation en 2024\u00a0de son parti Populaire. Puis en <a href=\"https:\/\/www.huffingtonpost.fr\/politique\/article\/gerald-darmanin-confie-son-envie-pour-la-presidentielle-de-2027-mais-dit-etre-pret-a-laisser-sa-place_249268.html\" target=\"_blank\" rel=\"noopener\">avril\u00a02025<\/a>, il s\u2019est publiquement \u00e9panch\u00e9 sur une \u00e9ventuelle candidature. \u00ab\u00a0Est-ce que j\u2019en ai envie\u00a0? Oui. Est-ce que j\u2019ai le projet\u00a0? J\u2019y travaille\u00a0\u00bb, assumait-il. Une presque d\u00e9claration uniquement suspendue au tableau de d\u00e9part\u00a0: \u00ab\u00a0Ma responsabilit\u00e9, c\u2019est de me dire \u201cj\u2019esp\u00e8re \u00eatre ce candidat, mais s\u2019il y a mieux plac\u00e9 que moi pour gouverner le pays, je le soutiendrai\u201d\u00a0\u00bb.<\/p>\n<p class=\"asset asset-text\">Six mois plus tard, la promesse a chang\u00e9. G\u00e9rald Darmanin a dit \u00ab\u00a0fermer la porte\u00a0des activit\u00e9s partisanes pour me concentrer sur l\u2019int\u00e9r\u00eat g\u00e9n\u00e9ral\u00a0\u00bb et a mis en sommeil son parti. \u00ab\u00a0Je n\u2019adh\u00e8re plus aujourd\u2019hui \u00e0 un parti politique, parce que je crois qu\u2019on a failli, et je prends ma part de responsabilit\u00e9, \u00e0 montrer qu\u2019ils avaient comme conscience l\u2019int\u00e9r\u00eat g\u00e9n\u00e9ral et pas des petits int\u00e9r\u00eats partisans\u00a0\u00bb, explique-t-il. Une fa\u00e7on de prendre de la hauteur\u2026 pour mieux rebondir d\u2019ici quelques mois\u00a0? En politique, il ne faut jamais dire jamais.<\/p>\n","protected":false},"excerpt":{"rendered":"ALAIN JOCARD \/ AFP Gabriel Attal et G\u00e9rald Darmanin, lors d\u2019une session de question au gouvernement \u00e0 l\u2019Assembl\u00e9e&hellip;\n","protected":false},"author":2,"featured_media":465230,"comment_status":"","ping_status":"","sticky":false,"template":"","format":"standard","meta":{"footnotes":""},"categories":[2],"tags":[11,1011,27,4410,432,12,316,3370,25],"class_list":{"0":"post-465229","1":"post","2":"type-post","3":"status-publish","4":"format-standard","5":"has-post-thumbnail","7":"category-actualites","8":"tag-actualites","9":"tag-fr","10":"tag-france","11":"tag-gabriel-attal","12":"tag-gerald-darmanin","13":"tag-news","14":"tag-politique","15":"tag-renaissance","16":"tag-republique-francaise"},"share_on_mastodon":{"url":"https:\/\/pubeurope.com\/@fr\/115378957418982754","error":""},"_links":{"self":[{"href":"https:\/\/www.europesays.com\/fr\/wp-json\/wp\/v2\/posts\/465229","targetHints":{"allow":["GET"]}}],"collection":[{"href":"https:\/\/www.europesays.com\/fr\/wp-json\/wp\/v2\/posts"}],"about":[{"href":"https:\/\/www.europesays.com\/fr\/wp-json\/wp\/v2\/types\/post"}],"author":[{"embeddable":true,"href":"https:\/\/www.europesays.com\/fr\/wp-json\/wp\/v2\/users\/2"}],"replies":[{"embeddable":true,"href":"https:\/\/www.europesays.com\/fr\/wp-json\/wp\/v2\/comments?post=465229"}],"version-history":[{"count":0,"href":"https:\/\/www.europesays.com\/fr\/wp-json\/wp\/v2\/posts\/465229\/revisions"}],"wp:featuredmedia":[{"embeddable":true,"href":"https:\/\/www.europesays.com\/fr\/wp-json\/wp\/v2\/media\/465230"}],"wp:attachment":[{"href":"https:\/\/www.europesays.com\/fr\/wp-json\/wp\/v2\/media?parent=465229"}],"wp:term":[{"taxonomy":"category","embeddable":true,"href":"https:\/\/www.europesays.com\/fr\/wp-json\/wp\/v2\/categories?post=465229"},{"taxonomy":"post_tag","embeddable":true,"href":"https:\/\/www.europesays.com\/fr\/wp-json\/wp\/v2\/tags?post=465229"}],"curies":[{"name":"wp","href":"https:\/\/api.w.org\/{rel}","templated":true}]}}