{"id":465235,"date":"2025-10-15T15:49:12","date_gmt":"2025-10-15T15:49:12","guid":{"rendered":"https:\/\/www.europesays.com\/fr\/465235\/"},"modified":"2025-10-15T15:49:12","modified_gmt":"2025-10-15T15:49:12","slug":"atp-gabriela-sabatini-meme-avec-federer-nadal-et-djokovic-je-pense-que-del-potro-aurait-ete-numero-1-mondial-sil-navait-pas-ete-victime-de-tant-de-blessures","status":"publish","type":"post","link":"https:\/\/www.europesays.com\/fr\/465235\/","title":{"rendered":"ATP > Gabriela Sabatini : \u00ab\u00a0M\u00eame avec Federer, Nadal et Djokovic, je pense que Del Potro aurait \u00e9t\u00e9 num\u00e9ro 1 mondial s&rsquo;il n&rsquo;avait pas \u00e9t\u00e9 victime de tant de blessures\u00a0\u00bb"},"content":{"rendered":"<p>De passage \u00e0 Majorque, o\u00f9 elle a endoss\u00e9 le r\u00f4le d\u2019am\u00adbas\u00adsa\u00addrice d\u2019hon\u00adneur du WTA 125, Gabriela Sabatini a exprim\u00e9 un regret pour son compa\u00adtriote Juan Martin Del Potro, ancien num\u00e9ro 3 mondial et vain\u00adqueur de l\u2019US Open\u00a02019.\u00a0<\/p>\n<blockquote class=\"twitter-tweet\">\n<p lang=\"es\" dir=\"ltr\">\ud83d\udde3\ufe0f \u201cSi las lesiones lo respe\u00adtaban, Del Potro hubiera sido n\u00famero uno del mundo a pesar de la presencia del Big Three\u201d.<\/p>\n<p>Gabriela Sabatini <a href=\"https:\/\/t.co\/43whNSVTGu\" data-wpel-link=\"external\" target=\"_blank\" rel=\"nofollow external noopener\">pic.twitter.com\/43whNSVTGu<\/a><\/p>\n<p>\u2014 Tiempo De Tenis (@Tiempodetenis1) <a href=\"https:\/\/twitter.com\/Tiempodetenis1\/status\/1978135793513226402?ref_src=twsrc%5Etfw\" data-wpel-link=\"external\" target=\"_blank\" rel=\"nofollow external noopener\">October 14,\u00a02025<\/a><\/p><\/blockquote>\n<p><strong>\u00ab\u202fJe pense que si Juan Mart\u00edn n\u2019avait pas \u00e9t\u00e9 victime de tant de bles\u00adsures, il aurait atteint la premi\u00e8re place du clas\u00adse\u00adment mondial, malgr\u00e9 la pr\u00e9sence de Federer, Nadal et Djokovic\u202f\u00bb<\/strong>, a d\u00e9clar\u00e9 l\u2019Argentine, qui a elle triomph\u00e9 en 1990 \u00e0 New\u00a0York.\u00a0<\/p>\n<p class=\"post-published-date\" style=\"color: silver; font-size: 75%; text-align: left;\">Publi\u00e9 le mercredi 15 octobre 2025 \u00e0 15:43<\/p>\n<p><script async src=\"https:\/\/platform.twitter.com\/widgets.js\" charset=\"utf-8\"><\/script><\/p>\n","protected":false},"excerpt":{"rendered":"De passage \u00e0 Majorque, o\u00f9 elle a endoss\u00e9 le r\u00f4le d\u2019am\u00adbas\u00adsa\u00addrice d\u2019hon\u00adneur du WTA 125, Gabriela Sabatini a&hellip;\n","protected":false},"author":2,"featured_media":465236,"comment_status":"","ping_status":"","sticky":false,"template":"","format":"standard","meta":{"footnotes":""},"categories":[1415],"tags":[4738,105,2199,1011,27,1960,60,1467],"class_list":{"0":"post-465235","1":"post","2":"type-post","3":"status-publish","4":"format-standard","5":"has-post-thumbnail","7":"category-tennis","8":"tag-del-potro","9":"tag-djokovic","10":"tag-federer","11":"tag-fr","12":"tag-france","13":"tag-nadal","14":"tag-sports","15":"tag-tennis"},"share_on_mastodon":{"url":"https:\/\/pubeurope.com\/@fr\/115378976397863698","error":""},"_links":{"self":[{"href":"https:\/\/www.europesays.com\/fr\/wp-json\/wp\/v2\/posts\/465235","targetHints":{"allow":["GET"]}}],"collection":[{"href":"https:\/\/www.europesays.com\/fr\/wp-json\/wp\/v2\/posts"}],"about":[{"href":"https:\/\/www.europesays.com\/fr\/wp-json\/wp\/v2\/types\/post"}],"author":[{"embeddable":true,"href":"https:\/\/www.europesays.com\/fr\/wp-json\/wp\/v2\/users\/2"}],"replies":[{"embeddable":true,"href":"https:\/\/www.europesays.com\/fr\/wp-json\/wp\/v2\/comments?post=465235"}],"version-history":[{"count":0,"href":"https:\/\/www.europesays.com\/fr\/wp-json\/wp\/v2\/posts\/465235\/revisions"}],"wp:featuredmedia":[{"embeddable":true,"href":"https:\/\/www.europesays.com\/fr\/wp-json\/wp\/v2\/media\/465236"}],"wp:attachment":[{"href":"https:\/\/www.europesays.com\/fr\/wp-json\/wp\/v2\/media?parent=465235"}],"wp:term":[{"taxonomy":"category","embeddable":true,"href":"https:\/\/www.europesays.com\/fr\/wp-json\/wp\/v2\/categories?post=465235"},{"taxonomy":"post_tag","embeddable":true,"href":"https:\/\/www.europesays.com\/fr\/wp-json\/wp\/v2\/tags?post=465235"}],"curies":[{"name":"wp","href":"https:\/\/api.w.org\/{rel}","templated":true}]}}