{"id":465237,"date":"2025-10-15T15:51:11","date_gmt":"2025-10-15T15:51:11","guid":{"rendered":"https:\/\/www.europesays.com\/fr\/465237\/"},"modified":"2025-10-15T15:51:11","modified_gmt":"2025-10-15T15:51:11","slug":"motogp-2025-imagine","status":"publish","type":"post","link":"https:\/\/www.europesays.com\/fr\/465237\/","title":{"rendered":"MotoGP 2025 : Imagine\u2026"},"content":{"rendered":"<p>Imagine r\u00e9entendre \u00ab Freed from desire \u00bb \u00e0 l&rsquo;arriv\u00e9e d&rsquo;un GP et voir le vainqueur danser avec la foule. Pourquoi faut-il que le destin vienne f&#8230; la m&#8230; dans une sorte de conte de f\u00e9es ?<br \/>Imagine revoir un pilote faire le salto arri\u00e8re, surnomm\u00e9 backflip, ou les photographes se bousculeront, laissant les interviewers seuls en bordure de piste, Un instant totalement bref et totalement unique. De ceux qui flanquent la chair de poule en un milliardi\u00e8me de seconde&#8230;<br \/>Imagine revoir un pilote se jeter sur les m\u00e9canos de son stand, geste de folie emprunt\u00e9 \u00e0 un certain Mick J.<br \/>Imagine voir encore (one more time !) un pilote se d\u00e9shabiller sur le podium et montrant sa combarde tel Michel-Ange tenant sa propre peau sur le plafond de la Sixtine ?<br \/>Imagine un pilote pleurer tellement fort sous le casque que l&rsquo;on l&rsquo;entend malgr\u00e9 le bruit du moteur et lu vent ?<br \/>Imagine voir encore un pilote passer la ligne d&rsquo;arriv\u00e9e d&rsquo;un GP les bras crois\u00e9s ?<br \/>Imagine voir d\u00e9bouler en MotoGP un pilote qui d\u00e9j\u00e0 78 victoires au compteur en WSBK ?<br \/>Imagine revoir une Honda au sommet du mondial ?<br \/>Imagine que la Honda titr\u00e9e soit rev\u00eatue de son plus beau vestido espagnol.<br \/>Imagine un d\u00e9part de GP avec cinq vainqueurs potentiels pr\u00e9visibles ?<br \/>Imagine un r\u00e8glement qui ne cr\u00e9\u00e9e pas de motos inapprochables, avec retour des grandes bastons ?<br \/>Imagine qu&rsquo;un immense pilote bless\u00e9 retrouve le chemin de Damas.<br \/>Imagine qu&rsquo;un champion d\u00e9chu revoie le jour.<br \/>Imagine que le propri\u00e9taire des GP cesse d&rsquo;\u00eatre un boutiquier.<br \/>Imagine qu&rsquo;un pilote surdou\u00e9 cueille et cueille sa jeunesse comme le lui dit Ronsard.<br \/>Imagine r\u00e9entendre la Marseillaise au Mans&#8230;<br \/>Imagine que l&rsquo;on n&rsquo;ait rien vu et que l&rsquo;on appuie sur le bouton rewind.<br \/>Imagine un GP ou aucun pilote ne dirait que c&rsquo;est de la faute de la moto qui ne tourne pas ou qui ne freine pas, ou qui n&rsquo;acc\u00e9l\u00e8re pas ou que c&rsquo;est de la faute des pneus, de la piste qui n&rsquo;a pas d&rsquo;adh\u00e9rence ou qui a des trous, qui dirait simplement qu&rsquo;il s&rsquo;est ch&#8230; dessus.<br \/>Imagine que des profiteurs venus d&rsquo;un cul de basse fosse ne prennent pas le pouvoir d&rsquo;un team majeur sans en d\u00e9capiter le sauveur.<br \/>Imagine 2025 comme une escadre dont le dernier navire ne serait pas h\u00f4pital.<\/p>\n<p>Imagine un MotoGP qui copie la F1 sur son seul truc bien, six sprints par an.\u00a0<\/p>\n<p>Imagine 2025 sans d\u00e9sillusions.<\/p>\n","protected":false},"excerpt":{"rendered":"Imagine r\u00e9entendre \u00ab Freed from desire \u00bb \u00e0 l&rsquo;arriv\u00e9e d&rsquo;un GP et voir le vainqueur danser avec la&hellip;\n","protected":false},"author":2,"featured_media":465238,"comment_status":"","ping_status":"","sticky":false,"template":"","format":"standard","meta":{"footnotes":""},"categories":[1413],"tags":[1011,27,1457,1456,60],"class_list":{"0":"post-465237","1":"post","2":"type-post","3":"status-publish","4":"format-standard","5":"has-post-thumbnail","7":"category-moto","8":"tag-fr","9":"tag-france","10":"tag-moto","11":"tag-motocycle","12":"tag-sports"},"share_on_mastodon":{"url":"https:\/\/pubeurope.com\/@fr\/115378984313547734","error":""},"_links":{"self":[{"href":"https:\/\/www.europesays.com\/fr\/wp-json\/wp\/v2\/posts\/465237","targetHints":{"allow":["GET"]}}],"collection":[{"href":"https:\/\/www.europesays.com\/fr\/wp-json\/wp\/v2\/posts"}],"about":[{"href":"https:\/\/www.europesays.com\/fr\/wp-json\/wp\/v2\/types\/post"}],"author":[{"embeddable":true,"href":"https:\/\/www.europesays.com\/fr\/wp-json\/wp\/v2\/users\/2"}],"replies":[{"embeddable":true,"href":"https:\/\/www.europesays.com\/fr\/wp-json\/wp\/v2\/comments?post=465237"}],"version-history":[{"count":0,"href":"https:\/\/www.europesays.com\/fr\/wp-json\/wp\/v2\/posts\/465237\/revisions"}],"wp:featuredmedia":[{"embeddable":true,"href":"https:\/\/www.europesays.com\/fr\/wp-json\/wp\/v2\/media\/465238"}],"wp:attachment":[{"href":"https:\/\/www.europesays.com\/fr\/wp-json\/wp\/v2\/media?parent=465237"}],"wp:term":[{"taxonomy":"category","embeddable":true,"href":"https:\/\/www.europesays.com\/fr\/wp-json\/wp\/v2\/categories?post=465237"},{"taxonomy":"post_tag","embeddable":true,"href":"https:\/\/www.europesays.com\/fr\/wp-json\/wp\/v2\/tags?post=465237"}],"curies":[{"name":"wp","href":"https:\/\/api.w.org\/{rel}","templated":true}]}}