{"id":465241,"date":"2025-10-15T15:53:10","date_gmt":"2025-10-15T15:53:10","guid":{"rendered":"https:\/\/www.europesays.com\/fr\/465241\/"},"modified":"2025-10-15T15:53:10","modified_gmt":"2025-10-15T15:53:10","slug":"cyclisme-tour-de-venetie-isaac-del-toro-simpose-encore-double-uae-avec-pavel-sivakov","status":"publish","type":"post","link":"https:\/\/www.europesays.com\/fr\/465241\/","title":{"rendered":"Cyclisme. Tour de V\u00e9n\u00e9tie &#8211; Isaac Del Toro s&rsquo;impose encore&#8230; doubl\u00e9 UAE avec Pavel Sivakov !"},"content":{"rendered":"<p>Si la principale course de cette fin de saison, le\u00a0<strong><a href=\"https:\/\/www.cyclismactu.net\/..\/news-tour-de-lombardie-route-tadej-pogacar-atomise-concurrence-et-rentre-dans-histoire-90544.html\" target=\"_blank\" rel=\"nofollow noopener\">Tour de Lombardie<\/a><\/strong>, s&rsquo;est disput\u00e9e samedi dernier, la campagne de Classiques Italiennes n&rsquo;est elle pas totalement termin\u00e9e, avec le<strong>\u00a0<a href=\"https:\/\/www.cyclismactu.net\/..\/news-tour-de-venetie-route-le-87e-giro-del-veneto-profil-parcours-favoris-84671.html\" target=\"_blank\" rel=\"nofollow noopener\">Tour de V\u00e9n\u00e9tie<\/a><\/strong>\u00a0ce mercredi 15 octobre. Au menu, un parcours vallonn\u00e9 de\u00a0161.2 km\u00a0entre\u00a0Vicence et\u00a0V\u00e9rone, et cinq tours d&rsquo;un circuit final comprenant la seule difficult\u00e9 du jour : la mont\u00e9e de\u00a0Torricelle (environ 3 km \u00e0 un peu plus de 5%).\u00a0<strong>UAE Team Emirates-XRG\u00a0<\/strong>a sans surprise imprim\u00e9 un tempo \u00e9lev\u00e9 \u00e0 chaque passage avant l&rsquo;explication finale lors de l&rsquo;ultime ascension. On a alors assist\u00e9 \u00e0 un sc\u00e9nario vu et revu sur les routes italiennes ces derni\u00e8res semaines : apr\u00e8s un gros travail de <strong>Pavel Sivakov<\/strong>, <strong><a href=\"https:\/\/www.cyclismactu.net\/..\/news-tour-du-piemont-route-isaac-del-toro-s-offre-gran-piemonte-2025-son-15e-succes-90521.html\" target=\"_blank\" rel=\"nofollow noopener\">Isaac Del Toro<\/a><\/strong> s&rsquo;est dress\u00e9 sur les p\u00e9dales \u00e0 11 bornes de l&rsquo;arriv\u00e9e et a \u00e9coeur\u00e9 la concurrence,\u00a0<strong>Romain Gr\u00e9goire<\/strong> (Groupama-FDJ) s&rsquo;avouant rapidement battu apr\u00e8s avoir tent\u00e9 de suivre, en vain. Franchissant le sommet avec plus de 20&Prime; d&rsquo;avance, le jeune Mexicain a ensuite d\u00e9roul\u00e9 jusqu&rsquo;\u00e0 la ligne, o\u00f9 il a lev\u00e9 les bras pour la 16e fois de la saison, offrant \u00e0 son \u00e9quipe une 95e victoire en 2025.<\/p>\n<p>Vid\u00e9o &#8211; Apr\u00e8s le Gran Piemonte&#8230; le Giro del Veneto pour Del Toro Lire la suite de l&rsquo;article&#13;<\/p>\n<p>\u00a0<\/p>\n<p>&#13;<br \/>\nUno-X marque de gros points UCI face \u00e0 Cofidis&#8230;\u00a0&#13;<\/p>\n<p>Derri\u00e8re le prodige mexicain, qui poursuit sa razzia italienne avec une 7e classique transalpine \u00e0 son actif depuis d\u00e9but septembre, un petit peloton d&rsquo;une vingtaine d&rsquo;unit\u00e9 s&rsquo;est regroup\u00e9 dans la descente avant de se jouer la 2e place. Mais le sprint a finalement \u00e9t\u00e9 anticip\u00e9 dans le dernier kilom\u00e8tre par&#8230;\u00a0<strong>Pavel Sivakov<\/strong>, d\u00e9cid\u00e9ment en grande forme ce mercredi et qui est venu offrir un doubl\u00e9 \u00e0 la formation \u00e9miratie, qui ne laisse encore une fois que des miettes autres autres \u00e9quipes.\u00a0<\/p>\n<p>&#13;<\/p>\n<p><strong>Jonas Abrahamsen<\/strong>\u00a0est venu r\u00e9gler le reste des poursuivants juste derri\u00e8re le Fran\u00e7ais pour monter sur le podium et offrir de pr\u00e9cieux points UCI \u00e0\u00a0<strong>Uno-X Mobility<\/strong> dans la course au maintien. Une bonne op\u00e9ration tandis que dans le m\u00eame temps, <strong>Benjamin Thomas<\/strong> doit se contenter de la 6e place poiur la <strong>Cofidis<\/strong>, juste devant un <strong>Romain Gr\u00e9goire<\/strong> qui s&rsquo;est br\u00fbl\u00e9 les ailes \u00e0 vouloir suivre \u00ab\u00a0Torito\u00a0\u00bb.<\/p>\n<p>Tour de Venetie &#8211; Classement g\u00e9n\u00e9ral<\/p>\n","protected":false},"excerpt":{"rendered":"Si la principale course de cette fin de saison, le\u00a0Tour de Lombardie, s&rsquo;est disput\u00e9e samedi dernier, la campagne&hellip;\n","protected":false},"author":2,"featured_media":465242,"comment_status":"","ping_status":"","sticky":false,"template":"","format":"standard","meta":{"footnotes":""},"categories":[1411],"tags":[1154,207,211,1011,27,209,60,210,58899,212,208,213],"class_list":{"0":"post-465241","1":"post","2":"type-post","3":"status-publish","4":"format-standard","5":"has-post-thumbnail","7":"category-cyclisme","8":"tag-cycling","9":"tag-cyclisme","10":"tag-ffc","11":"tag-fr","12":"tag-france","13":"tag-route","14":"tag-sports","15":"tag-tour-de-france","16":"tag-tour-de-venetie","17":"tag-uci","18":"tag-velo","19":"tag-world-tour"},"share_on_mastodon":{"url":"https:\/\/pubeurope.com\/@fr\/115378992163846163","error":""},"_links":{"self":[{"href":"https:\/\/www.europesays.com\/fr\/wp-json\/wp\/v2\/posts\/465241","targetHints":{"allow":["GET"]}}],"collection":[{"href":"https:\/\/www.europesays.com\/fr\/wp-json\/wp\/v2\/posts"}],"about":[{"href":"https:\/\/www.europesays.com\/fr\/wp-json\/wp\/v2\/types\/post"}],"author":[{"embeddable":true,"href":"https:\/\/www.europesays.com\/fr\/wp-json\/wp\/v2\/users\/2"}],"replies":[{"embeddable":true,"href":"https:\/\/www.europesays.com\/fr\/wp-json\/wp\/v2\/comments?post=465241"}],"version-history":[{"count":0,"href":"https:\/\/www.europesays.com\/fr\/wp-json\/wp\/v2\/posts\/465241\/revisions"}],"wp:featuredmedia":[{"embeddable":true,"href":"https:\/\/www.europesays.com\/fr\/wp-json\/wp\/v2\/media\/465242"}],"wp:attachment":[{"href":"https:\/\/www.europesays.com\/fr\/wp-json\/wp\/v2\/media?parent=465241"}],"wp:term":[{"taxonomy":"category","embeddable":true,"href":"https:\/\/www.europesays.com\/fr\/wp-json\/wp\/v2\/categories?post=465241"},{"taxonomy":"post_tag","embeddable":true,"href":"https:\/\/www.europesays.com\/fr\/wp-json\/wp\/v2\/tags?post=465241"}],"curies":[{"name":"wp","href":"https:\/\/api.w.org\/{rel}","templated":true}]}}