{"id":465248,"date":"2025-10-15T15:57:11","date_gmt":"2025-10-15T15:57:11","guid":{"rendered":"https:\/\/www.europesays.com\/fr\/465248\/"},"modified":"2025-10-15T15:57:11","modified_gmt":"2025-10-15T15:57:11","slug":"lenfance-hantee-par-la-violence-de-jean-christophe-grange","status":"publish","type":"post","link":"https:\/\/www.europesays.com\/fr\/465248\/","title":{"rendered":"l\u2019enfance hant\u00e9e par la violence de Jean-Christophe Grang\u00e9"},"content":{"rendered":"<p>\n    <strong>PORTRAIT &#8211; <\/strong>Dans son vingti\u00e8me livre, totalement autobiographique, l\u2019auteur des Rivi\u00e8res pourpres \u00e9voque une enfance hant\u00e9e entre autres par la folie de son p\u00e8re. Et la fa\u00e7on dont il s\u2019en est sorti pour devenir le ma\u00eetre du thriller fran\u00e7ais.<\/p>\n<p class=\"fig-paragraph\">Voil\u00e0 un auteur, roi du thriller fran\u00e7ais depuis le triomphe de son deuxi\u00e8me roman, Les\u00a0Rivi\u00e8res Pourpres, en 1998, qui, \u00e0 un moment donn\u00e9, en a eu assez qu\u2019on lui pose toujours la sempiternelle question\u00a0: \u00ab\u00a0<a href=\"https:\/\/www.lefigaro.fr\/livres\/jean-christophe-grange-un-tueur-des-psys-et-des-nazis-20210915\" target=\"_blank\" data-fig-type=\"Article\" rel=\"noopener\" data-gtm-custom-categorie=\"navigation\" data-gtm-custom-action=\"crossclick\" data-gtm-custom-label=\"Contextuel\" data-gtm-event=\"customEventSPE\" data-fig-domain=\"LEFIGARO\">Jean-Christophe Grang\u00e9<\/a> , d\u2019o\u00f9 sortez-vous toutes ces histoires atroces qui peuplent vos romans\u00a0?\u00a0\u00bb Dans cette brasserie de l\u2019avenue Rapp o\u00f9 il a ses habitudes, l\u2019auteur, 64\u00a0ans depuis le 15\u00a0juillet, le cheveu poivre et sel toujours en p\u00e9tard, raconte\u00a0: \u00ab\u00a0C\u2019est\u00a0<a href=\"http:\/\/www.lefigaro.fr\/livres\/frederic-beigbeder-tout-ce-qu-imaginait-philip-roth-de-pire-etait-vrai-20251011\" target=\"_blank\" data-fig-type=\"Article\" rel=\"noopener\" data-gtm-custom-categorie=\"navigation\" data-gtm-custom-action=\"crossclick\" data-gtm-custom-label=\"Contextuel\" data-gtm-event=\"customEventSPE\" data-fig-domain=\"LEFIGARO\">Fr\u00e9d\u00e9ric Beigbeder<\/a> \u00a0qui m\u2019a fait prendre conscience que je disposais d\u2019un mat\u00e9riau solide. Quand je lui ai racont\u00e9 la vie cauchemardesque que mon p\u00e8re a fait vivre \u00e0 ma m\u00e8re, il a eu une sorte de cri du c\u0153ur\u00a0: \u201cFaut en faire un livre\u00a0!\u201d Et, \u00e0 la r\u00e9flexion, je dois confesser qu\u2019il avait raison\u00a0!\u00a0\u00bb<\/p>\n<p class=\"fig-paragraph\">Je\u00a0suis n\u00e9 du diable, son 20e livre depuis Le\u00a0Vol des cigognes (1994), est la vraie autobiographie de Grang\u00e9. Pourquoi avoir attendu tout ce temps pour l\u2019\u00e9crire\u00a0? \u00ab\u00a0Je n\u2019ai jamais parl\u00e9 de cette\u2026<\/p>\n<p class=\"fig-premium-paywall__infos\">\n        Cet article est r\u00e9serv\u00e9 aux abonn\u00e9s.        Il vous reste 84% \u00e0 d\u00e9couvrir.\n    <\/p>\n<p>                <img  data- alt=\"Le Figaro\" class=\"fig-img--complete fig-img\"\/><\/p>\n<p class=\"fig-premium-paywall__title\">Vous avez envie de lire la suite ?<\/p>\n<p class=\"fig-premium-paywall__subtitle\">D\u00e9bloquez tous les articles imm\u00e9diatement.<\/p>\n<p class=\"fig-premium-paywall__connect\">\n                D\u00e9j\u00e0 abonn\u00e9\u00a0?                <a class=\"fig-premium-paywall__connect-link\" href=\"https:\/\/connect.lefigaro.fr\/login?client=horizon_web&amp;type=main&amp;redirect_uri=https%3A%2F%2Fwww.lefigaro.fr%2Flivres%2Fmon-pere-etait-pur-au-niveau-du-mal-l-enfance-hantee-par-la-violence-de-jean-christophe-grange-20251015\" data-js-gtm=\"{&quot;customCategorie&quot;: &quot;conversion&quot;, &quot;customAction&quot;: &quot;before_Landing_Connexion_paywall_auto&quot;, &quot;customLabel&quot;: &quot;bGVmaWdhcm8uZnJfXzFmMGE4ZTcyLTZlMjYtNjc5ZS04Y2NjLTMzOGY1YmJkM2E1YV9fQXJ0aWNsZQ==_\u00abMon p\u00e8re \u00e9tait pur au niveau du mal\u00bb\u00a0: l\u2019enfance hant\u00e9e par la violence de Jean-Christophe Grang\u00e9_194&quot;, &quot;customIDSPE&quot;: &quot;bGVmaWdhcm8uZnJfXzFmMGE4ZTcyLTZlMjYtNjc5ZS04Y2NjLTMzOGY1YmJkM2E1YV9fQXJ0aWNsZQ==&quot;, &quot;event&quot;: &quot;customEventSPE&quot;}\" target=\"_blank\" rel=\"noopener\"><br \/>\n                    Connectez-vous<br \/>\n                <\/a>\n            <\/p>\n","protected":false},"excerpt":{"rendered":"PORTRAIT &#8211; Dans son vingti\u00e8me livre, totalement autobiographique, l\u2019auteur des Rivi\u00e8res pourpres \u00e9voque une enfance hant\u00e9e entre autres&hellip;\n","protected":false},"author":2,"featured_media":465249,"comment_status":"","ping_status":"","sticky":false,"template":"","format":"standard","meta":{"footnotes":""},"categories":[1357],"tags":[47858,1379,58,59,1011,27,2003,1380],"class_list":{"0":"post-465248","1":"post","2":"type-post","3":"status-publish","4":"format-standard","5":"has-post-thumbnail","7":"category-livres","8":"tag-albin-michel","9":"tag-books","10":"tag-divertissement","11":"tag-entertainment","12":"tag-fr","13":"tag-france","14":"tag-livre","15":"tag-livres"},"share_on_mastodon":{"url":"https:\/\/pubeurope.com\/@fr\/115379007966534354","error":""},"_links":{"self":[{"href":"https:\/\/www.europesays.com\/fr\/wp-json\/wp\/v2\/posts\/465248","targetHints":{"allow":["GET"]}}],"collection":[{"href":"https:\/\/www.europesays.com\/fr\/wp-json\/wp\/v2\/posts"}],"about":[{"href":"https:\/\/www.europesays.com\/fr\/wp-json\/wp\/v2\/types\/post"}],"author":[{"embeddable":true,"href":"https:\/\/www.europesays.com\/fr\/wp-json\/wp\/v2\/users\/2"}],"replies":[{"embeddable":true,"href":"https:\/\/www.europesays.com\/fr\/wp-json\/wp\/v2\/comments?post=465248"}],"version-history":[{"count":0,"href":"https:\/\/www.europesays.com\/fr\/wp-json\/wp\/v2\/posts\/465248\/revisions"}],"wp:featuredmedia":[{"embeddable":true,"href":"https:\/\/www.europesays.com\/fr\/wp-json\/wp\/v2\/media\/465249"}],"wp:attachment":[{"href":"https:\/\/www.europesays.com\/fr\/wp-json\/wp\/v2\/media?parent=465248"}],"wp:term":[{"taxonomy":"category","embeddable":true,"href":"https:\/\/www.europesays.com\/fr\/wp-json\/wp\/v2\/categories?post=465248"},{"taxonomy":"post_tag","embeddable":true,"href":"https:\/\/www.europesays.com\/fr\/wp-json\/wp\/v2\/tags?post=465248"}],"curies":[{"name":"wp","href":"https:\/\/api.w.org\/{rel}","templated":true}]}}